{"id":18717,"date":"2022-11-17T19:45:56","date_gmt":"2022-11-17T18:45:56","guid":{"rendered":"https:\/\/szslucnalc.sk\/?p=18717"},"modified":"2022-11-18T05:26:18","modified_gmt":"2022-11-18T04:26:18","slug":"o-17-novembri","status":"publish","type":"post","link":"https:\/\/szslucnalc.sk\/?p=18717","title":{"rendered":"O\u00a017. novembri"},"content":{"rendered":"\n<p>\u010co je to Ne\u017en\u00e1 revol\u00facia, \u010di ako sa \u017eilo za socializmu? O&nbsp;tom v\u0161etkom n\u00e1m d\u0148a 16.11 v&nbsp;r\u00e1mci hodiny ob\u010dianskej n\u00e1uky porozpr\u00e1val p\u00e1n riadite\u013e Mgr. Sekula s&nbsp;pomocou pani u\u010dite\u013eky Mgr. Czakovej. Udalosti, ktor\u00e9 sa odohrali vo vtedaj\u0161om \u010ceskoslovensku v&nbsp;novembri 1989 vo\u0161li do dej\u00edn ako Ne\u017en\u00e1 alebo Zamatov\u00e1 revol\u00facia. V&nbsp;tomto roku sa skon\u010dila 40 ro\u010dn\u00e1 vl\u00e1da komunistick\u00e9ho re\u017eimu. Na pamiatku zatvorenia \u010desk\u00fdch vysok\u00fdch \u0161k\u00f4l nemeck\u00fdmi nacistami a&nbsp;n\u00e1sledn\u00fdch krvav\u00fdch udalost\u00ed z&nbsp;roku 1939 si v&nbsp;rovnak\u00fd de\u0148 17. novembra pripom\u00edname aj Medzin\u00e1rodn\u00fd de\u0148 \u0161tudentov. <\/p>\n\n\n<div class=\"wp-block-image\">\n<figure class=\"alignright size-full\"><img loading=\"lazy\" decoding=\"async\" width=\"201\" height=\"150\" src=\"https:\/\/szslucnalc.sk\/wp-content\/uploads\/2022\/11\/10677650-17-november.jpg\" alt=\"\" class=\"wp-image-18720\" srcset=\"https:\/\/szslucnalc.sk\/wp-content\/uploads\/2022\/11\/10677650-17-november.jpg 201w, https:\/\/szslucnalc.sk\/wp-content\/uploads\/2022\/11\/10677650-17-november-196x146.jpg 196w, https:\/\/szslucnalc.sk\/wp-content\/uploads\/2022\/11\/10677650-17-november-50x37.jpg 50w, https:\/\/szslucnalc.sk\/wp-content\/uploads\/2022\/11\/10677650-17-november-101x75.jpg 101w\" sizes=\"auto, (max-width:767px) 201px, 201px\" \/><\/figure>\n<\/div>\n\n\n<p>Pokojn\u00e1 manifest\u00e1cia organizovan\u00e1 v\u00a0Prahe 17. novembra pri pr\u00edle\u017eitosti 50. v\u00fdro\u010dia smrti J\u00e1na Opletala prer\u00e1stla do demon\u0161tr\u00e1cie, ktor\u00fa ukon\u010dil brut\u00e1lny z\u00e1sah pol\u00edcie proti \u0161tudentom. Postupne sa k\u00a0\u0161tudentom pridali aj \u010fal\u0161\u00ed obyvatelia, ktor\u00ed bez jedin\u00e9ho v\u00fdstrelu a\u00a0bez prelievania krvi polo\u017eili na lopatky re\u017eim, ktor\u00fd desa\u0165ro\u010dia kontroloval vlastn\u00fdch \u013eud\u00ed. Revol\u00facia spred 33 rokov priniesla \u013eu\u010fom koniec diktat\u00fary jednej strany, obnovu z\u00e1kladn\u00fdch ob\u010dianskych slob\u00f4d, demokraciu a\u00a0celkovo osobn\u00fa slobodu. Symbolom Ne\u017enej revol\u00facie sa okrem spevu hymny na verejn\u00fdch miestach stali aj \u0161trngaj\u00face k\u013e\u00fa\u010de a\u00a0trikol\u00f3ra pripnut\u00e1 na oble\u010den\u00ed. <\/p>\n\n\n\n<p>Beseda sa uskuto\u010dnila v triedach I.A a v I.B. P\u00e1n riadite\u013e a pani profesorka n\u00e1m  pop\u00edsali ich \u017eiv\u00e9 spomienky na vtedaj\u0161ie \u010dasy. S nimi sme sa preniesli do temnej doby socializmu. Neuvedomujeme si \u017ee aj dnes s\u00fa krajiny, kde \u013eudia nemaj\u00fa slobodu a ak\u00e9 d\u00f4le\u017eit\u00e9 je si pripom\u00edna\u0165 17. november &#8211; sviatok vzdoru proti neslobode<\/p>\n\n\n\n<p>Dan\u00edkov\u00e1 1.A a Lucia \u010cvikotov\u00e1 I.B<\/p>\n\n\n\n<p><\/p>\n\n\n\n<figure class=\"wp-block-image size-large\"><a href=\"https:\/\/szslucnalc.sk\/wp-content\/uploads\/2021\/11\/P_20211116_111646-scaled.jpg\"><img loading=\"lazy\" decoding=\"async\" width=\"1024\" height=\"768\" src=\"https:\/\/szslucnalc.sk\/wp-content\/uploads\/2021\/11\/P_20211116_111646-1024x768.jpg\" alt=\"\" class=\"wp-image-14238\" srcset=\"https:\/\/szslucnalc.sk\/wp-content\/uploads\/2021\/11\/P_20211116_111646-1024x768.jpg 1024w, https:\/\/szslucnalc.sk\/wp-content\/uploads\/2021\/11\/P_20211116_111646-300x225.jpg 300w, https:\/\/szslucnalc.sk\/wp-content\/uploads\/2021\/11\/P_20211116_111646-768x576.jpg 768w, https:\/\/szslucnalc.sk\/wp-content\/uploads\/2021\/11\/P_20211116_111646-1536x1152.jpg 1536w, https:\/\/szslucnalc.sk\/wp-content\/uploads\/2021\/11\/P_20211116_111646-2048x1536.jpg 2048w, https:\/\/szslucnalc.sk\/wp-content\/uploads\/2021\/11\/P_20211116_111646-195x146.jpg 195w, https:\/\/szslucnalc.sk\/wp-content\/uploads\/2021\/11\/P_20211116_111646-50x38.jpg 50w, https:\/\/szslucnalc.sk\/wp-content\/uploads\/2021\/11\/P_20211116_111646-100x75.jpg 100w, https:\/\/szslucnalc.sk\/wp-content\/uploads\/2021\/11\/P_20211116_111646-960x720.jpg 960w, https:\/\/szslucnalc.sk\/wp-content\/uploads\/2021\/11\/P_20211116_111646-640x480.jpg 640w\" sizes=\"auto, (max-width:767px) 480px, (max-width:1024px) 100vw, 1024px\" \/><\/a><\/figure>\n\n\n\n<figure class=\"wp-block-gallery has-nested-images columns-default is-cropped wp-block-gallery-1 is-layout-flex wp-block-gallery-is-layout-flex\">\n<figure class=\"wp-block-image size-large\"><img loading=\"lazy\" decoding=\"async\" width=\"1024\" height=\"576\" data-id=\"18718\" src=\"https:\/\/szslucnalc.sk\/wp-content\/uploads\/2022\/11\/20221116_121941-1024x576.jpg\" alt=\"\" class=\"wp-image-18718\" srcset=\"https:\/\/szslucnalc.sk\/wp-content\/uploads\/2022\/11\/20221116_121941-1024x576.jpg 1024w, https:\/\/szslucnalc.sk\/wp-content\/uploads\/2022\/11\/20221116_121941-300x169.jpg 300w, https:\/\/szslucnalc.sk\/wp-content\/uploads\/2022\/11\/20221116_121941-768x432.jpg 768w, https:\/\/szslucnalc.sk\/wp-content\/uploads\/2022\/11\/20221116_121941-1536x865.jpg 1536w, https:\/\/szslucnalc.sk\/wp-content\/uploads\/2022\/11\/20221116_121941-2048x1153.jpg 2048w, https:\/\/szslucnalc.sk\/wp-content\/uploads\/2022\/11\/20221116_121941-260x146.jpg 260w, https:\/\/szslucnalc.sk\/wp-content\/uploads\/2022\/11\/20221116_121941-50x28.jpg 50w, https:\/\/szslucnalc.sk\/wp-content\/uploads\/2022\/11\/20221116_121941-133x75.jpg 133w, https:\/\/szslucnalc.sk\/wp-content\/uploads\/2022\/11\/20221116_121941-960x540.jpg 960w, https:\/\/szslucnalc.sk\/wp-content\/uploads\/2022\/11\/20221116_121941-853x480.jpg 853w\" sizes=\"auto, (max-width:767px) 480px, (max-width:1024px) 100vw, 1024px\" \/><\/figure>\n<\/figure>\n\n\n\n<figure class=\"wp-block-image size-large\"><img loading=\"lazy\" decoding=\"async\" width=\"1024\" height=\"576\" src=\"https:\/\/szslucnalc.sk\/wp-content\/uploads\/2022\/11\/20221116_111128-1024x576.jpg\" alt=\"\" class=\"wp-image-18719\" srcset=\"https:\/\/szslucnalc.sk\/wp-content\/uploads\/2022\/11\/20221116_111128-1024x576.jpg 1024w, https:\/\/szslucnalc.sk\/wp-content\/uploads\/2022\/11\/20221116_111128-300x169.jpg 300w, https:\/\/szslucnalc.sk\/wp-content\/uploads\/2022\/11\/20221116_111128-768x432.jpg 768w, https:\/\/szslucnalc.sk\/wp-content\/uploads\/2022\/11\/20221116_111128-1536x864.jpg 1536w, https:\/\/szslucnalc.sk\/wp-content\/uploads\/2022\/11\/20221116_111128-2048x1152.jpg 2048w, https:\/\/szslucnalc.sk\/wp-content\/uploads\/2022\/11\/20221116_111128-260x146.jpg 260w, https:\/\/szslucnalc.sk\/wp-content\/uploads\/2022\/11\/20221116_111128-50x28.jpg 50w, https:\/\/szslucnalc.sk\/wp-content\/uploads\/2022\/11\/20221116_111128-133x75.jpg 133w, https:\/\/szslucnalc.sk\/wp-content\/uploads\/2022\/11\/20221116_111128-960x540.jpg 960w, https:\/\/szslucnalc.sk\/wp-content\/uploads\/2022\/11\/20221116_111128-854x480.jpg 854w\" sizes=\"auto, (max-width:767px) 480px, (max-width:1024px) 100vw, 1024px\" \/><\/figure>\n","protected":false},"excerpt":{"rendered":"<p>&#268;o je to Ne&#382;n&aacute; revol&uacute;cia, &#269;i ako sa &#382;ilo za socializmu? O&nbsp;tom v&scaron;etkom n&aacute;m d&#328;a 16.11 v&nbsp;r&aacute;mci hodiny ob&#269;ianskej n&aacute;uky porozpr&aacute;val p&aacute;n riadite&#318; Mgr. Sekula s&nbsp;pomocou<span class=\"excerpt-hellip\"> [\u2026]<\/span><\/p>\n","protected":false},"author":2,"featured_media":18721,"comment_status":"closed","ping_status":"closed","sticky":false,"template":"","format":"standard","meta":{"footnotes":""},"categories":[8],"tags":[],"class_list":["post-18717","post","type-post","status-publish","format-standard","has-post-thumbnail","hentry","category-ine"],"aioseo_notices":[],"_links":{"self":[{"href":"https:\/\/szslucnalc.sk\/index.php?rest_route=\/wp\/v2\/posts\/18717","targetHints":{"allow":["GET"]}}],"collection":[{"href":"https:\/\/szslucnalc.sk\/index.php?rest_route=\/wp\/v2\/posts"}],"about":[{"href":"https:\/\/szslucnalc.sk\/index.php?rest_route=\/wp\/v2\/types\/post"}],"author":[{"embeddable":true,"href":"https:\/\/szslucnalc.sk\/index.php?rest_route=\/wp\/v2\/users\/2"}],"replies":[{"embeddable":true,"href":"https:\/\/szslucnalc.sk\/index.php?rest_route=%2Fwp%2Fv2%2Fcomments&post=18717"}],"version-history":[{"count":3,"href":"https:\/\/szslucnalc.sk\/index.php?rest_route=\/wp\/v2\/posts\/18717\/revisions"}],"predecessor-version":[{"id":18725,"href":"https:\/\/szslucnalc.sk\/index.php?rest_route=\/wp\/v2\/posts\/18717\/revisions\/18725"}],"wp:featuredmedia":[{"embeddable":true,"href":"https:\/\/szslucnalc.sk\/index.php?rest_route=\/wp\/v2\/media\/18721"}],"wp:attachment":[{"href":"https:\/\/szslucnalc.sk\/index.php?rest_route=%2Fwp%2Fv2%2Fmedia&parent=18717"}],"wp:term":[{"taxonomy":"category","embeddable":true,"href":"https:\/\/szslucnalc.sk\/index.php?rest_route=%2Fwp%2Fv2%2Fcategories&post=18717"},{"taxonomy":"post_tag","embeddable":true,"href":"https:\/\/szslucnalc.sk\/index.php?rest_route=%2Fwp%2Fv2%2Ftags&post=18717"}],"curies":[{"name":"wp","href":"https:\/\/api.w.org\/{rel}","templated":true}]}}