{"id":18752,"date":"2022-11-22T07:29:57","date_gmt":"2022-11-22T06:29:57","guid":{"rendered":"https:\/\/szslucnalc.sk\/?p=18752"},"modified":"2022-11-28T12:53:38","modified_gmt":"2022-11-28T11:53:38","slug":"hlava-ramena-kolena-palce","status":"publish","type":"post","link":"https:\/\/szslucnalc.sk\/?p=18752","title":{"rendered":"Hlava, ramen\u00e1, kolen\u00e1, palce &#8230;"},"content":{"rendered":"<p>To, \u017ee v\u00fdchovnovzdel\u00e1vac\u00ed proces prebieha u\u017e v pred\u0161kolsk\u00fdch zariadeniach, je n\u00e1m zn\u00e1me. Z roka na rok s\u00fa vedomosti a zru\u010dnosti det\u00ed u\u017e vo veku 3 &#8211; 6 rokov st\u00e1le na vy\u0161\u0161ej \u00farovni. Presved\u010dili n\u00e1s o tom deti v Materskej \u0161kole vo Vidinej, kde sme si zaspom\u00ednali na na\u0161e \u0161k\u00f4lk\u00e1rske \u010dasy. Zvedav\u00e9 o\u010dk\u00e1 mal\u00fdch \u0161k\u00f4lk\u00e1rov podnietil aj z\u00e1ujem o \u013eudsk\u00e9 telo, ako je to vo vn\u00fatri v\u0161etko poukladan\u00e9 a ako to spolu funguje.<br \/>\nNacvi\u010dovali sme s nimi ako poskytn\u00fa\u0165 prv\u00fa pomoc, obv\u00e4zovali drobn\u00e9 poranenia, pop\u00e1len\u00fd prst, zlomen\u00fa r\u00fa\u010dku&#8230; Zauj\u00edmav\u00e9 pre nich bolo zabalenie kamar\u00e1tov do izotermickej f\u00f3lie, ako s\u00fa\u010das\u0165 proti\u0161okov\u00fdch opatren\u00ed.<br \/>\n\u0160\u00edrenie zdravotn\u00edckej osvety bolo pr\u00edjemn\u00fdm spestren\u00edm pr\u00e1ce n\u00e1s \u0161tudentov. V pr\u00edjemnej atmosf\u00e9re si mohli deti\u010dky obohati\u0165 teoretick\u00e9 vedomosti i praktick\u00e9 zru\u010dnosti. O svojej ohybnosti n\u00e1s presved\u010dili i pri cvi\u010den\u00ed na t\u00f3ny piesne od Mira Jaro\u0161a \u2013 Moje telo.<br \/>\nMysl\u00edm, \u017ee t\u00e1to sk\u00fasenos\u0165 bola pr\u00edjemn\u00fdm obohaten\u00edm obidvoch str\u00e1n, \u0161tudentiek i det\u00ed v pred\u0161kolskom zariaden\u00ed. Po\u010fakovanie patr\u00ed u\u010dite\u013ek\u00e1m danej Materskej \u0161koly a na\u0161ej pani profesorke PhDr. Drugdovej, ktor\u00e9 stretnutie zorganizovali. Ve\u013emi sa te\u0161\u00edme na \u010fal\u0161iu spolupr\u00e1cu, ve\u010f n\u00e1m rastie nov\u00e1 gener\u00e1cia praktick\u00fdch sestier.<\/p>\n<p>Laura L\u00ed\u0161kov\u00e1 a Simona Boto\u0161ov\u00e1 III.B<\/p>\n","protected":false},"excerpt":{"rendered":"<p>To, &#382;e v&yacute;chovnovzdel&aacute;vac&iacute; proces prebieha u&#382; v pred&scaron;kolsk&yacute;ch zariadeniach, je n&aacute;m zn&aacute;me. Z roka na rok s&uacute; vedomosti a zru&#269;nosti det&iacute; u&#382; vo veku 3 &ndash;<span class=\"excerpt-hellip\"> [\u2026]<\/span><\/p>\n","protected":false},"author":2,"featured_media":18762,"comment_status":"closed","ping_status":"closed","sticky":false,"template":"","format":"standard","meta":{"footnotes":""},"categories":[8],"tags":[],"class_list":["post-18752","post","type-post","status-publish","format-standard","has-post-thumbnail","hentry","category-ine"],"aioseo_notices":[],"_links":{"self":[{"href":"https:\/\/szslucnalc.sk\/index.php?rest_route=\/wp\/v2\/posts\/18752","targetHints":{"allow":["GET"]}}],"collection":[{"href":"https:\/\/szslucnalc.sk\/index.php?rest_route=\/wp\/v2\/posts"}],"about":[{"href":"https:\/\/szslucnalc.sk\/index.php?rest_route=\/wp\/v2\/types\/post"}],"author":[{"embeddable":true,"href":"https:\/\/szslucnalc.sk\/index.php?rest_route=\/wp\/v2\/users\/2"}],"replies":[{"embeddable":true,"href":"https:\/\/szslucnalc.sk\/index.php?rest_route=%2Fwp%2Fv2%2Fcomments&post=18752"}],"version-history":[{"count":6,"href":"https:\/\/szslucnalc.sk\/index.php?rest_route=\/wp\/v2\/posts\/18752\/revisions"}],"predecessor-version":[{"id":18909,"href":"https:\/\/szslucnalc.sk\/index.php?rest_route=\/wp\/v2\/posts\/18752\/revisions\/18909"}],"wp:featuredmedia":[{"embeddable":true,"href":"https:\/\/szslucnalc.sk\/index.php?rest_route=\/wp\/v2\/media\/18762"}],"wp:attachment":[{"href":"https:\/\/szslucnalc.sk\/index.php?rest_route=%2Fwp%2Fv2%2Fmedia&parent=18752"}],"wp:term":[{"taxonomy":"category","embeddable":true,"href":"https:\/\/szslucnalc.sk\/index.php?rest_route=%2Fwp%2Fv2%2Fcategories&post=18752"},{"taxonomy":"post_tag","embeddable":true,"href":"https:\/\/szslucnalc.sk\/index.php?rest_route=%2Fwp%2Fv2%2Ftags&post=18752"}],"curies":[{"name":"wp","href":"https:\/\/api.w.org\/{rel}","templated":true}]}}