{"id":18764,"date":"2022-11-22T07:41:16","date_gmt":"2022-11-22T06:41:16","guid":{"rendered":"https:\/\/szslucnalc.sk\/?p=18764"},"modified":"2022-11-22T09:00:45","modified_gmt":"2022-11-22T08:00:45","slug":"prvy-tyzden-za-nami","status":"publish","type":"post","link":"https:\/\/szslucnalc.sk\/?p=18764","title":{"rendered":"<strong>Prv\u00fd t\u00fd\u017ede\u0148 za nami&#8230;..<\/strong>"},"content":{"rendered":"<p>Prv\u00fd t\u00fd\u017ede\u0148 zahrani\u010dnej st\u00e1\u017e\u00ed v Nemecku je za nami. M\u00f4\u017eeme len kon\u0161tatova\u0165, \u017ee napriek \u0165a\u017ek\u00e9mu za\u010diatku a re\u010dovej bari\u00e9re, sme to zvl\u00e1dli. Prv\u00e9 dni sme spozn\u00e1vali na\u0161e pridelen\u00e9 oddelenia, obyvate\u013eov domova , sna\u017eili sa porozumie\u0165 a rozpr\u00e1va\u0165 s klientami  v cudzom jazyku. Mali sme mo\u017enos\u0165 nahliadnu\u0165 do chodu jednotliv\u00fdch oddelen\u00ed a sta\u0165 sa \u010dlenmi o\u0161etrovate\u013esk\u00e9ho t\u00edmu. Robili sme  be\u017en\u00e9 v\u00fdkony od rannej toalety po aplik\u00e1ciu INZ, pod\u00e1vanie stravy, zamestn\u00e1vanie star\u00fdch, aplik\u00e1ciu tepla, mas\u00e1\u017ee, ale samozrejme aj baz\u00e1lnu stimul\u00e1ciu.<br \/>\nAkt\u00edvni sme boli aj vo vo\u013enom \u010dase. V stredu, ke\u010f bol  sviatok , nav\u0161t\u00edvili sme  s\u00fakromn\u00fa ZOO z\u00e1hradu v Leipzigu, jednu z najkraj\u0161\u00edch z\u00e1hrad v Eur\u00f3pe.  V sobotu sme vyrazili u\u017e aj s p. profesorkou Pa\u00fakovou  a Hergelovou do hlavn\u00e9ho mesta &#8211;  Berl\u00edn , kde n\u00e1s  \u010dakal \u010desko- po\u013esk\u00fd hovoriaci  sprievodca Michal, ktor\u00fd n\u00e1s sprev\u00e1dzal ulicami tohto n\u00e1dhern\u00e9ho mesta. Nachodili sme ve\u013ea  kilometrov, mali sme mo\u017enos\u0165 vidie\u0165 prekr\u00e1sne budovy, n\u00e1mestia, Reichstag, Brandenbusk\u00fa br\u00e1nu, d\u00f3m, m\u00faze\u00e1, univerzity, parlament , telev\u00edznu ve\u017eu, miesto kde bola Hitlerova kancel\u00e1ria , kde sa skr\u00fdval posledn\u00e9 obdobia svojho \u017eivota . Bola zima, vietor f\u00fakal, nakoniec n\u00e1m za\u010dalo aj sne\u017ei\u0165. No najviac n\u00e1s v\u0161ak mrazila bet\u00f3nov\u00e1 obluda , ktor\u00e1 takmer 3O rokov rozde\u013eovala Berl\u00edn na dve \u010dasti na \u201e dobr\u00fdch \u201c a \u201e zl\u00fdch \u201cNemcov.  Miesto kde pri\u0161lo o \u017eivot 238 Berl\u00edn\u010danov, miesto kde z v\u00fdchodn\u00fdch Nemcov stali sa sami v\u00e4zni vo vlastnej  krajine .  Pre n\u00e1s nezabudnute\u013en\u00e9 miesto ost\u00e1va aj pam\u00e4tn\u00edk  holokaustu  \u017eidovsk\u00fdch  a r\u00f3mskych obet\u00ed , ktor\u00e9 boli postaven\u00e9 na ich pamiatku . V z\u00e1vere tohto d\u0148a sme sa rozl\u00fa\u010dili s p .prof. Hergelovou, ktorej \u010fakujeme za jej starostlivos\u0165 a pomoc.<br \/>\nSamuel, Evel\u00edn, Erika, Simona<\/p>\n","protected":false},"excerpt":{"rendered":"<p>Prv&yacute; t&yacute;&#382;de&#328; zahrani&#269;nej st&aacute;&#382;&iacute; v Nemecku je za nami. M&ocirc;&#382;eme len kon&scaron;tatova&#357;, &#382;e napriek &#357;a&#382;k&eacute;mu za&#269;iatku a re&#269;ovej bari&eacute;re, sme to zvl&aacute;dli. Prv&eacute; dni sme spozn&aacute;vali<span class=\"excerpt-hellip\"> [\u2026]<\/span><\/p>\n","protected":false},"author":2,"featured_media":18769,"comment_status":"closed","ping_status":"closed","sticky":false,"template":"","format":"standard","meta":{"footnotes":""},"categories":[8],"tags":[],"class_list":["post-18764","post","type-post","status-publish","format-standard","has-post-thumbnail","hentry","category-ine"],"aioseo_notices":[],"_links":{"self":[{"href":"https:\/\/szslucnalc.sk\/index.php?rest_route=\/wp\/v2\/posts\/18764","targetHints":{"allow":["GET"]}}],"collection":[{"href":"https:\/\/szslucnalc.sk\/index.php?rest_route=\/wp\/v2\/posts"}],"about":[{"href":"https:\/\/szslucnalc.sk\/index.php?rest_route=\/wp\/v2\/types\/post"}],"author":[{"embeddable":true,"href":"https:\/\/szslucnalc.sk\/index.php?rest_route=\/wp\/v2\/users\/2"}],"replies":[{"embeddable":true,"href":"https:\/\/szslucnalc.sk\/index.php?rest_route=%2Fwp%2Fv2%2Fcomments&post=18764"}],"version-history":[{"count":1,"href":"https:\/\/szslucnalc.sk\/index.php?rest_route=\/wp\/v2\/posts\/18764\/revisions"}],"predecessor-version":[{"id":18786,"href":"https:\/\/szslucnalc.sk\/index.php?rest_route=\/wp\/v2\/posts\/18764\/revisions\/18786"}],"wp:featuredmedia":[{"embeddable":true,"href":"https:\/\/szslucnalc.sk\/index.php?rest_route=\/wp\/v2\/media\/18769"}],"wp:attachment":[{"href":"https:\/\/szslucnalc.sk\/index.php?rest_route=%2Fwp%2Fv2%2Fmedia&parent=18764"}],"wp:term":[{"taxonomy":"category","embeddable":true,"href":"https:\/\/szslucnalc.sk\/index.php?rest_route=%2Fwp%2Fv2%2Fcategories&post=18764"},{"taxonomy":"post_tag","embeddable":true,"href":"https:\/\/szslucnalc.sk\/index.php?rest_route=%2Fwp%2Fv2%2Ftags&post=18764"}],"curies":[{"name":"wp","href":"https:\/\/api.w.org\/{rel}","templated":true}]}}