{"id":18818,"date":"2022-11-24T10:28:04","date_gmt":"2022-11-24T09:28:04","guid":{"rendered":"https:\/\/szslucnalc.sk\/?p=18818"},"modified":"2022-11-24T10:31:30","modified_gmt":"2022-11-24T09:31:30","slug":"bubnovacka-2","status":"publish","type":"post","link":"https:\/\/szslucnalc.sk\/?p=18818","title":{"rendered":"<strong>\u201eBUBNOVA\u010cKA\u201c<\/strong>"},"content":{"rendered":"<p>\u201eNi\u010d nesp\u00f4sobuje v\u00e4\u010d\u0161iu boles\u0165 ako vidie\u0165 trpie\u0165 t\u00fdch, ktor\u00fdch milujeme.\u201c<br \/>\nCarlo Dossi<\/p>\n<p>Aj na\u0161a \u0161kola sa 18. novembra 2022 stala s\u00fa\u010das\u0165ou deviateho ro\u010dn\u00edka Slovensko \u2013 \u010cesk\u00e9ho podujatia \u201eBubnujeme, aby bolo deti lep\u0161ie po\u010du\u0165!\u201c.<br \/>\nTento rok sme sa do projektu zapojili podporn\u00fdmi aktivitami k t\u00e9me prevencie n\u00e1silia: po\u010d\u00favan\u00edm podcastov, n\u00e1slednou diskusiou a rozhovormi so \u017eiakmi, tvorbou prezent\u00e1cie, pr\u00edbehu a v\u00fdtvarn\u00fdm stv\u00e1rnen\u00edm hlavnej my\u0161lienky t\u00e9my tohto podujatia a pripomenut\u00edm si, \u017ee HLAS DET\u00cd JE D\u00d4LE\u017dIT\u00dd!<br \/>\nDo projektu sa zapojili:  K. Berkyov\u00e1 1.A, N. Vilhanov\u00e1 1.B, A. Ol\u00e1hov\u00e1 2.A, N. Katreniakov\u00e1 2.A, P. \u010cip\u010dalov\u00e1, R. Kov\u00e1\u010dov\u00e1 1.B, G. G\u00e1borov\u00e1, L. \u010eur\u010dov\u00e1, V. M\u00e1ckov\u00e1 1.B, K. Bobu\u013eov\u00e1 2.B                                               A. Kro\u0161\u010den 2.B, A. Dobrock\u00fd  2.B, L. \u010cvikotov\u00e1 1.B, M. Machavov\u00e1 3.A, L. Gregor 3.A<br \/>\nK. P\u00e1paiov\u00e1 4.A<br \/>\nV\u0161etk\u00fdm \u017eiakom, ktor\u00ed sa do tejto akcie akt\u00edvne zapojili, patr\u00ed ve\u013ek\u00e9 \u010fakujem.<br \/>\nAj v\u010faka v\u00e1m rob\u00edme svet det\u00ed kraj\u0161\u00edm!<br \/>\nPhDr. Iveta Mat\u00fa\u0161kov\u00e1 J\u00e1no\u0161\u00edkov\u00e1<\/p>\n","protected":false},"excerpt":{"rendered":"<p>&bdquo;Ni&#269; nesp&ocirc;sobuje v&auml;&#269;&scaron;iu boles&#357; ako vidie&#357; trpie&#357; t&yacute;ch, ktor&yacute;ch milujeme.&ldquo; Carlo Dossi Aj na&scaron;a &scaron;kola sa 18. novembra 2022 stala s&uacute;&#269;as&#357;ou deviateho ro&#269;n&iacute;ka Slovensko &ndash; &#268;esk&eacute;ho<span class=\"excerpt-hellip\"> [\u2026]<\/span><\/p>\n","protected":false},"author":2,"featured_media":18819,"comment_status":"closed","ping_status":"closed","sticky":false,"template":"","format":"standard","meta":{"footnotes":""},"categories":[6],"tags":[],"class_list":["post-18818","post","type-post","status-publish","format-standard","has-post-thumbnail","hentry","category-charita"],"aioseo_notices":[],"_links":{"self":[{"href":"https:\/\/szslucnalc.sk\/index.php?rest_route=\/wp\/v2\/posts\/18818","targetHints":{"allow":["GET"]}}],"collection":[{"href":"https:\/\/szslucnalc.sk\/index.php?rest_route=\/wp\/v2\/posts"}],"about":[{"href":"https:\/\/szslucnalc.sk\/index.php?rest_route=\/wp\/v2\/types\/post"}],"author":[{"embeddable":true,"href":"https:\/\/szslucnalc.sk\/index.php?rest_route=\/wp\/v2\/users\/2"}],"replies":[{"embeddable":true,"href":"https:\/\/szslucnalc.sk\/index.php?rest_route=%2Fwp%2Fv2%2Fcomments&post=18818"}],"version-history":[{"count":1,"href":"https:\/\/szslucnalc.sk\/index.php?rest_route=\/wp\/v2\/posts\/18818\/revisions"}],"predecessor-version":[{"id":18833,"href":"https:\/\/szslucnalc.sk\/index.php?rest_route=\/wp\/v2\/posts\/18818\/revisions\/18833"}],"wp:featuredmedia":[{"embeddable":true,"href":"https:\/\/szslucnalc.sk\/index.php?rest_route=\/wp\/v2\/media\/18819"}],"wp:attachment":[{"href":"https:\/\/szslucnalc.sk\/index.php?rest_route=%2Fwp%2Fv2%2Fmedia&parent=18818"}],"wp:term":[{"taxonomy":"category","embeddable":true,"href":"https:\/\/szslucnalc.sk\/index.php?rest_route=%2Fwp%2Fv2%2Fcategories&post=18818"},{"taxonomy":"post_tag","embeddable":true,"href":"https:\/\/szslucnalc.sk\/index.php?rest_route=%2Fwp%2Fv2%2Ftags&post=18818"}],"curies":[{"name":"wp","href":"https:\/\/api.w.org\/{rel}","templated":true}]}}