{"id":18958,"date":"2022-12-01T17:44:52","date_gmt":"2022-12-01T16:44:52","guid":{"rendered":"https:\/\/szslucnalc.sk\/?p=18958"},"modified":"2022-12-02T13:53:10","modified_gmt":"2022-12-02T12:53:10","slug":"1-december-svetovy-den-boja-proti-aids","status":"publish","type":"post","link":"https:\/\/szslucnalc.sk\/?p=18958","title":{"rendered":"1.December \u2013 Svetov\u00fd de\u0148 boja proti AIDS"},"content":{"rendered":"\n<p>Svetov\u00fd de\u0148 boja proti AIDS si pripom\u00edname 1. decembra ka\u017ed\u00fd rok. \u010cerven\u00e9 stu\u017eky s\u00fa symbolom a n\u00e1zvom celoslovenskej kampane boja proti AIDS. Pripnut\u00edm \u010dervenej stu\u017eky vyjadrujeme solidaritu s osobami, ktor\u00e9 infekciou HIV alebo ochoren\u00edm AIDS trpia. V s\u00favislosti s touto kampa\u0148ou \u0161tudenti 2.B. triedy pripli svojim u\u010dite\u013eom, zamestnancom \u0161koly a \u017eiakom \u010derven\u00e9 stu\u017eky ako medzin\u00e1rodn\u00fd symbol solidarity s \u013eu\u010fmi nakazen\u00fdmi HIV alebo postihnut\u00fdmi chorobou AIDS. Naj\u00fa\u010dinnej\u0161\u00edm prostriedkom na zabr\u00e1nenie \u0161\u00edrenia HIV a AIDS je prevencia. Zameranie kampane je na mlad\u00e9ho \u010dloveka a na jeho vedenie k zdrav\u00e9ho \u017eivotn\u00e9ho \u0161t\u00fdlu. Kampa\u0148 je kampa\u0148ou mlad\u00fdch a je venovan\u00e1 mlad\u00fdm, je tie\u017e zameran\u00e1 na zv\u00fd\u0161enie informovanosti o HIV\/AIDS. Za naj\u00fa\u010dinnej\u0161\u00ed prostriedok boja proti AIDS pova\u017eujeme odborn\u00e9 vedomosti o HIV\/AIDS, ktor\u00e9 boli odovzdan\u00e9 \u0161tudentom.<br>V poslednom desa\u0165ro\u010d\u00ed pozorujeme u n\u00e1s vzostupn\u00fd trend vo v\u00fdskyte nov\u00fdch pr\u00edpadov HIV infekcie a r\u00fdchlo st\u00fapa aj po\u010det \u013eud\u00ed \u017eij\u00facich s HIV infekciou (1072 ob\u010danov Slovenskej republiky \u017eij\u00facich s HIV infekciou k 31.12.2021).<br>AIDS je celosvetov\u00fd probl\u00e9m, ktor\u00fd sa dot\u00fdka aj Slovenska a ka\u017ed\u00e9ho jedn\u00e9ho z n\u00e1s.<\/p>\n\n\n\n<p>Mgr. Alexandra Marko a kolekt\u00edv mlad\u00fdch \u013eud\u00ed zo SZ\u0160<\/p>\n","protected":false},"excerpt":{"rendered":"<p>Svetov&yacute; de&#328; boja proti AIDS si pripom&iacute;name 1. decembra ka&#382;d&yacute; rok. &#268;erven&eacute; stu&#382;ky s&uacute; symbolom a n&aacute;zvom celoslovenskej kampane boja proti AIDS. Pripnut&iacute;m &#269;ervenej stu&#382;ky vyjadrujeme<span class=\"excerpt-hellip\"> [\u2026]<\/span><\/p>\n","protected":false},"author":2,"featured_media":18971,"comment_status":"closed","ping_status":"closed","sticky":false,"template":"","format":"standard","meta":{"footnotes":""},"categories":[8],"tags":[],"class_list":["post-18958","post","type-post","status-publish","format-standard","has-post-thumbnail","hentry","category-ine"],"aioseo_notices":[],"_links":{"self":[{"href":"https:\/\/szslucnalc.sk\/index.php?rest_route=\/wp\/v2\/posts\/18958","targetHints":{"allow":["GET"]}}],"collection":[{"href":"https:\/\/szslucnalc.sk\/index.php?rest_route=\/wp\/v2\/posts"}],"about":[{"href":"https:\/\/szslucnalc.sk\/index.php?rest_route=\/wp\/v2\/types\/post"}],"author":[{"embeddable":true,"href":"https:\/\/szslucnalc.sk\/index.php?rest_route=\/wp\/v2\/users\/2"}],"replies":[{"embeddable":true,"href":"https:\/\/szslucnalc.sk\/index.php?rest_route=%2Fwp%2Fv2%2Fcomments&post=18958"}],"version-history":[{"count":1,"href":"https:\/\/szslucnalc.sk\/index.php?rest_route=\/wp\/v2\/posts\/18958\/revisions"}],"predecessor-version":[{"id":18972,"href":"https:\/\/szslucnalc.sk\/index.php?rest_route=\/wp\/v2\/posts\/18958\/revisions\/18972"}],"wp:featuredmedia":[{"embeddable":true,"href":"https:\/\/szslucnalc.sk\/index.php?rest_route=\/wp\/v2\/media\/18971"}],"wp:attachment":[{"href":"https:\/\/szslucnalc.sk\/index.php?rest_route=%2Fwp%2Fv2%2Fmedia&parent=18958"}],"wp:term":[{"taxonomy":"category","embeddable":true,"href":"https:\/\/szslucnalc.sk\/index.php?rest_route=%2Fwp%2Fv2%2Fcategories&post=18958"},{"taxonomy":"post_tag","embeddable":true,"href":"https:\/\/szslucnalc.sk\/index.php?rest_route=%2Fwp%2Fv2%2Ftags&post=18958"}],"curies":[{"name":"wp","href":"https:\/\/api.w.org\/{rel}","templated":true}]}}