{"id":19244,"date":"2022-12-21T13:11:41","date_gmt":"2022-12-21T12:11:41","guid":{"rendered":"https:\/\/szslucnalc.sk\/?p=19244"},"modified":"2022-12-21T13:12:00","modified_gmt":"2022-12-21T12:12:00","slug":"pasovali-sme-sa-s-ludovitom-sturom","status":"publish","type":"post","link":"https:\/\/szslucnalc.sk\/?p=19244","title":{"rendered":"Pasovali sme sa s\u00a0\u013dudov\u00edtom \u0160t\u00farom"},"content":{"rendered":"\n<p><strong><em>12 stato\u010dn\u00fdch a&nbsp;\u013dudov\u00edt \u0160t\u00far alebo tohtoro\u010dn\u00e9 \u0161kolsk\u00e9 kolo Olympi\u00e1dy zo slovensk\u00e9ho jazyka a&nbsp;literat\u00fary<\/em><\/strong><\/p>\n\n\n\n<p>&nbsp;Tradi\u010dne pozost\u00e1valo z&nbsp;3 \u010dast\u00ed: centr\u00e1lne zadan\u00fd test cez edupage z&nbsp;Banskej Bystrice, p\u00edsomn\u00e1 \u010das\u0165- transform\u00e1cia textu a&nbsp;\u00fastna \u010das\u0165 alebo kr\u00e1tky re\u010dn\u00edcky prejav.<\/p>\n\n\n\n<p>Za\u010dali sme s\u00fa\u0165a\u017ei\u0165 9.12, ke\u010f sme v&nbsp;3.A triede na tabletoch rie\u0161ili testov\u00e9 \u00falohy v&nbsp;ur\u010denom \u010dasovom limite. Test bolo postaven\u00fd na pr\u00e1ci s&nbsp;textom, na \u00faloh\u00e1ch na \u010d\u00edtanie s&nbsp;porozumen\u00edm a&nbsp;na presk\u00fa\u0161an\u00ed na\u0161ich jazykov\u00fdch zru\u010dnost\u00ed. Druh\u00e9 zadanie sme vypracovali doma ako di\u0161tan\u010dn\u00fa \u00falohu a&nbsp;tento rok sme transformovali b\u00e1jku na \u00favahu. Tretia \u010das\u0165 bolo \u00fastne kolo, kde sme v&nbsp;kr\u00e1tkom \u010dasovom limite pre na\u0161\u00edm p\u00e1nom riadite\u013eom prezentovali diskusn\u00fd pr\u00edspevok na konkr\u00e9tne cit\u00e1ty od zn\u00e1mych osobnost\u00ed. Bolo to r\u00f4znorod\u00e9, adrenal\u00ednov\u00e9, no mal\u00e1 gener\u00e1lka na maturitu to ur\u010dite bola.<\/p>\n\n\n\n<p><em>Kto s\u00fa\u0165a\u017eil ???<\/em><\/p>\n\n\n\n<p><strong>KATEG\u00d3RIA A<\/strong><\/p>\n\n\n\n<ol class=\"wp-block-list\" type=\"1\" start=\"1\">\n<li><strong>Lucia Pe\u0165kov\u00e1 \/ 4.A \/<\/strong><\/li>\n\n\n\n<li><strong>Vikt\u00f3ria Jon\u00e1\u0161ov\u00e1&nbsp; \/4.A\/<\/strong><\/li>\n\n\n\n<li><strong>Krist\u00edna Sk\u00fdpalov\u00e1 \/4.B\/<\/strong><\/li>\n\n\n\n<li><strong>Zuzana Kalo\u010daiov\u00e1 \/3.A \/<\/strong><\/li>\n<\/ol>\n\n\n\n<p><strong>KATEG\u00d3RIA B<\/strong><\/p>\n\n\n\n<ol class=\"wp-block-list\" type=\"1\" start=\"1\">\n<li><strong>Alexandra \u010euri\u0161ov\u00e1 \/1.A\/<\/strong><\/li>\n\n\n\n<li><strong>Marco Bal\u00e1\u017e \/1.A \/<\/strong><\/li>\n\n\n\n<li><strong>Adela Dan\u00edkov\u00e1&nbsp; \/1.A \/<\/strong><\/li>\n\n\n\n<li><strong>Petra Skokanov\u00e1 \/1.B \/<\/strong><\/li>\n\n\n\n<li><strong>Tamara Hri\u0148ov\u00e1 \/ 1.B \/<\/strong><\/li>\n\n\n\n<li><strong>Maxim Li\u010dko \/2.A \/<\/strong><\/li>\n\n\n\n<li><strong>Barbora Ol\u00e1hov\u00e1 \/2.B \/<\/strong><\/li>\n\n\n\n<li><strong>Liliana Rudlov\u00e1 \/2.B \/&nbsp;<\/strong><\/li>\n<\/ol>\n\n\n\n<p><em>A&nbsp;ako to dopadlo ? Kto s\u00fa v\u00ed\u0165azi ?<\/em><\/p>\n\n\n\n<p><strong>KATEG\u00d3RIA A&nbsp; -Lucia Pe\u0165kov\u00e1 \/ 4.A \/ &#8211; postup na krajsk\u00e9 kolo<\/strong><\/p>\n\n\n\n<p><strong>KATEG\u00d3RIA B &#8211; Petra Skokanov\u00e1 \/1.B \/<\/strong><\/p>\n\n\n\n<p><strong>Blaho\u017eel\u00e1me !<\/strong><\/p>\n\n\n\n<p><strong><em>\u00daspe\u0161n\u00fdmi rie\u0161ite\u013emi&nbsp; z&nbsp;poh\u013eadu organiz\u00e1torov s\u00fa Lucia Pe\u0165kov\u00e1 a&nbsp;Vikt\u00f3ria Jon\u00e1\u0161ov\u00e1, no z&nbsp;poh\u013eadu na\u0161ej sloven\u010din\u00e1rky v\u0161etci \u00fa\u010dastn\u00edci \u0161kolsk\u00e9ho kola. \u013dudov\u00edt \u0160t\u00far by mal z&nbsp;v\u00e1s rados\u0165.<\/em><\/strong><\/p>\n\n\n\n<p><strong><em>Va\u0161a sloven\u010din\u00e1rka A.B.<\/em><\/strong><\/p>\n","protected":false},"excerpt":{"rendered":"<p>12 stato&#269;n&yacute;ch a&nbsp;&#317;udov&iacute;t &Scaron;t&uacute;r alebo tohtoro&#269;n&eacute; &scaron;kolsk&eacute; kolo Olympi&aacute;dy zo slovensk&eacute;ho jazyka a&nbsp;literat&uacute;ry &nbsp;Tradi&#269;ne pozost&aacute;valo z&nbsp;3 &#269;ast&iacute;: centr&aacute;lne zadan&yacute; test cez edupage z&nbsp;Banskej Bystrice, p&iacute;somn&aacute; &#269;as&#357;-<span class=\"excerpt-hellip\"> [\u2026]<\/span><\/p>\n","protected":false},"author":2,"featured_media":19250,"comment_status":"closed","ping_status":"closed","sticky":false,"template":"","format":"standard","meta":{"footnotes":""},"categories":[8],"tags":[],"class_list":["post-19244","post","type-post","status-publish","format-standard","has-post-thumbnail","hentry","category-ine"],"aioseo_notices":[],"_links":{"self":[{"href":"https:\/\/szslucnalc.sk\/index.php?rest_route=\/wp\/v2\/posts\/19244","targetHints":{"allow":["GET"]}}],"collection":[{"href":"https:\/\/szslucnalc.sk\/index.php?rest_route=\/wp\/v2\/posts"}],"about":[{"href":"https:\/\/szslucnalc.sk\/index.php?rest_route=\/wp\/v2\/types\/post"}],"author":[{"embeddable":true,"href":"https:\/\/szslucnalc.sk\/index.php?rest_route=\/wp\/v2\/users\/2"}],"replies":[{"embeddable":true,"href":"https:\/\/szslucnalc.sk\/index.php?rest_route=%2Fwp%2Fv2%2Fcomments&post=19244"}],"version-history":[{"count":1,"href":"https:\/\/szslucnalc.sk\/index.php?rest_route=\/wp\/v2\/posts\/19244\/revisions"}],"predecessor-version":[{"id":19251,"href":"https:\/\/szslucnalc.sk\/index.php?rest_route=\/wp\/v2\/posts\/19244\/revisions\/19251"}],"wp:featuredmedia":[{"embeddable":true,"href":"https:\/\/szslucnalc.sk\/index.php?rest_route=\/wp\/v2\/media\/19250"}],"wp:attachment":[{"href":"https:\/\/szslucnalc.sk\/index.php?rest_route=%2Fwp%2Fv2%2Fmedia&parent=19244"}],"wp:term":[{"taxonomy":"category","embeddable":true,"href":"https:\/\/szslucnalc.sk\/index.php?rest_route=%2Fwp%2Fv2%2Fcategories&post=19244"},{"taxonomy":"post_tag","embeddable":true,"href":"https:\/\/szslucnalc.sk\/index.php?rest_route=%2Fwp%2Fv2%2Ftags&post=19244"}],"curies":[{"name":"wp","href":"https:\/\/api.w.org\/{rel}","templated":true}]}}