{"id":19332,"date":"2023-01-17T11:37:48","date_gmt":"2023-01-17T10:37:48","guid":{"rendered":"https:\/\/szslucnalc.sk\/?p=19332"},"modified":"2023-01-17T11:37:51","modified_gmt":"2023-01-17T10:37:51","slug":"pod-vysokou-sietou","status":"publish","type":"post","link":"https:\/\/szslucnalc.sk\/?p=19332","title":{"rendered":"Pod vysokou sie\u0165ou"},"content":{"rendered":"\n<p class=\"wp-block-paragraph\">S\u00a0miernou neistotou na\u0161i volejbalov\u00fd reprezentanti v\u00a0zlo\u017een\u00ed Zoja Fafuliakov\u00e1 I.B, Tamara Hri\u0148ov\u00e1 I.B, Michaela Randisov\u00e1 I.B,\u00a0 Eli\u0161ka M\u00e1ria Pastorkov\u00e1 II.A, Ivana \u0160tef\u00e1nekov\u00e1 II.A, Katar\u00edna Ron\u010d\u00e1kov\u00e1 III.A, Marek Farka\u0161 II.A, Andrej Barcaj III.B nast\u00fapili na okresn\u00e9 predkolo v\u00a0MIX volejbale v\u00a0piatok 13.1. 2023. Ve\u013emi \u00faspe\u0161ne \u010delili s\u00faperom zo SO\u0160 HSD LC a\u00a0SG LC, ktor\u00fdch porazili 2:0 na sety, \u010d\u00edm sa kvalifikovali na febru\u00e1rov\u00e9 okresn\u00e9 kolo. Posledn\u00fd z\u00e1pas proti GBST LC skon\u010dil 1:1 na sety a\u00a0o\u00a0pomyselnej prehre rozhodol len pomer l\u00f4pt. Dovidenia na okresnom kole.<\/p>\n","protected":false},"excerpt":{"rendered":"<p>S&nbsp;miernou neistotou na&scaron;i volejbalov&yacute; reprezentanti v&nbsp;zlo&#382;en&iacute; Zoja Fafuliakov&aacute; I.B, Tamara Hri&#328;ov&aacute; I.B, Michaela Randisov&aacute; I.B,&nbsp; Eli&scaron;ka M&aacute;ria Pastorkov&aacute; II.A, Ivana &Scaron;tef&aacute;nekov&aacute; II.A, Katar&iacute;na Ron&#269;&aacute;kov&aacute; III.A, Marek<span class=\"excerpt-hellip\"> [\u2026]<\/span><\/p>\n","protected":false},"author":2,"featured_media":19333,"comment_status":"closed","ping_status":"closed","sticky":false,"template":"","format":"standard","meta":{"footnotes":""},"categories":[4],"tags":[],"class_list":["post-19332","post","type-post","status-publish","format-standard","has-post-thumbnail","hentry","category-sport"],"aioseo_notices":[],"aioseo_head":"\n\t\t<!-- All in One SEO 5.0.0.1 - aioseo.com -->\n\t<meta name=\"description\" content=\"S miernou neistotou na\u0161i volejbalov\u00fd reprezentanti v zlo\u017een\u00ed Zoja Fafuliakov\u00e1 I.B, Tamara Hri\u0148ov\u00e1 I.B, Michaela Randisov\u00e1 I.B, Eli\u0161ka M\u00e1ria Pastorkov\u00e1 II.A, Ivana \u0160tef\u00e1nekov\u00e1 II.A, Katar\u00edna Ron\u010d\u00e1kov\u00e1 III.A, Marek Farka\u0161 II.A, Andrej Barcaj III.B nast\u00fapili na okresn\u00e9 predkolo v MIX volejbale v piatok 13.1. 2023. Ve\u013emi \u00faspe\u0161ne \u010delili s\u00faperom zo SO\u0160 HSD LC a SG LC, ktor\u00fdch porazili 2:0 na sety,\" \/>\n\t<meta name=\"robots\" content=\"max-image-preview:large\" \/>\n\t<meta name=\"author\" content=\"Miroslav Sekula\"\/>\n\t<link rel=\"canonical\" href=\"https:\/\/szslucnalc.sk\/?p=19332\" \/>\n\t<meta name=\"generator\" content=\"All in One SEO (AIOSEO) 5.0.0.1\" \/>\n\t\t<meta property=\"og:locale\" content=\"sk_SK\" \/>\n\t\t<meta property=\"og:site_name\" content=\"Stredn\u00e1 zdravotn\u00edcka \u0161kola Lu\u010denec - Stredn\u00e1 zdravotn\u00edcka \u0161kola\" \/>\n\t\t<meta property=\"og:type\" content=\"article\" \/>\n\t\t<meta property=\"og:title\" content=\"Pod vysokou sie\u0165ou - Stredn\u00e1 zdravotn\u00edcka \u0161kola Lu\u010denec\" \/>\n\t\t<meta property=\"og:description\" content=\"S miernou neistotou na\u0161i volejbalov\u00fd reprezentanti v zlo\u017een\u00ed Zoja Fafuliakov\u00e1 I.B, Tamara Hri\u0148ov\u00e1 I.B, Michaela Randisov\u00e1 I.B, Eli\u0161ka M\u00e1ria Pastorkov\u00e1 II.A, Ivana \u0160tef\u00e1nekov\u00e1 II.A, Katar\u00edna Ron\u010d\u00e1kov\u00e1 III.A, Marek Farka\u0161 II.A, Andrej Barcaj III.B nast\u00fapili na okresn\u00e9 predkolo v MIX volejbale v piatok 13.1. 2023. Ve\u013emi \u00faspe\u0161ne \u010delili s\u00faperom zo SO\u0160 HSD LC a SG LC, ktor\u00fdch porazili 2:0 na sety,\" \/>\n\t\t<meta property=\"og:url\" content=\"https:\/\/szslucnalc.sk\/?p=19332\" \/>\n\t\t<meta property=\"og:image\" content=\"https:\/\/szslucnalc.sk\/wp-content\/uploads\/2023\/01\/ok-scaled.jpg\" \/>\n\t\t<meta property=\"og:image:secure_url\" content=\"https:\/\/szslucnalc.sk\/wp-content\/uploads\/2023\/01\/ok-scaled.jpg\" \/>\n\t\t<meta property=\"og:image:width\" content=\"2560\" \/>\n\t\t<meta property=\"og:image:height\" content=\"1440\" \/>\n\t\t<meta property=\"article:published_time\" content=\"2023-01-17T10:37:48+00:00\" \/>\n\t\t<meta property=\"article:modified_time\" content=\"2023-01-17T10:37:51+00:00\" \/>\n\t\t<meta name=\"twitter:card\" content=\"summary_large_image\" \/>\n\t\t<meta name=\"twitter:title\" content=\"Pod vysokou sie\u0165ou - Stredn\u00e1 zdravotn\u00edcka \u0161kola Lu\u010denec\" \/>\n\t\t<meta name=\"twitter:description\" content=\"S miernou neistotou na\u0161i volejbalov\u00fd reprezentanti v zlo\u017een\u00ed Zoja Fafuliakov\u00e1 I.B, Tamara Hri\u0148ov\u00e1 I.B, Michaela Randisov\u00e1 I.B, Eli\u0161ka M\u00e1ria Pastorkov\u00e1 II.A, Ivana \u0160tef\u00e1nekov\u00e1 II.A, Katar\u00edna Ron\u010d\u00e1kov\u00e1 III.A, Marek Farka\u0161 II.A, Andrej Barcaj III.B nast\u00fapili na okresn\u00e9 predkolo v MIX volejbale v piatok 13.1. 2023. Ve\u013emi \u00faspe\u0161ne \u010delili s\u00faperom zo SO\u0160 HSD LC a SG LC, ktor\u00fdch porazili 2:0 na sety,\" \/>\n\t\t<meta name=\"twitter:image\" content=\"https:\/\/szslucnalc.sk\/wp-content\/uploads\/2023\/01\/ok-scaled.jpg\" \/>\n\t\t<script type=\"application\/ld+json\" class=\"aioseo-schema\">\n\t\t\t{\"@context\":\"https:\\\/\\\/schema.org\",\"@graph\":[{\"@type\":\"BlogPosting\",\"@id\":\"https:\\\/\\\/szslucnalc.sk\\\/?p=19332#blogposting\",\"name\":\"Pod vysokou sie\\u0165ou - Stredn\\u00e1 zdravotn\\u00edcka \\u0161kola Lu\\u010denec\",\"headline\":\"Pod vysokou sie\\u0165ou\",\"author\":{\"@id\":\"https:\\\/\\\/szslucnalc.sk\\\/?author=2#author\"},\"publisher\":{\"@id\":\"https:\\\/\\\/szslucnalc.sk\\\/#organization\"},\"image\":{\"@type\":\"ImageObject\",\"url\":\"https:\\\/\\\/szslucnalc.sk\\\/wp-content\\\/uploads\\\/2023\\\/01\\\/ok-scaled.jpg\",\"width\":2560,\"height\":1440},\"datePublished\":\"2023-01-17T11:37:48+01:00\",\"dateModified\":\"2023-01-17T11:37:51+01:00\",\"inLanguage\":\"sk-SK\",\"mainEntityOfPage\":{\"@id\":\"https:\\\/\\\/szslucnalc.sk\\\/?p=19332#webpage\"},\"isPartOf\":{\"@id\":\"https:\\\/\\\/szslucnalc.sk\\\/?p=19332#webpage\"},\"articleSection\":\"\\u0160port\"},{\"@type\":\"BreadcrumbList\",\"@id\":\"https:\\\/\\\/szslucnalc.sk\\\/?p=19332#breadcrumblist\",\"itemListElement\":[{\"@type\":\"ListItem\",\"@id\":\"https:\\\/\\\/szslucnalc.sk#listItem\",\"position\":1,\"name\":\"Home\",\"item\":\"https:\\\/\\\/szslucnalc.sk\",\"nextItem\":{\"@type\":\"ListItem\",\"@id\":\"https:\\\/\\\/szslucnalc.sk\\\/?cat=4#listItem\",\"name\":\"\\u0160port\"}},{\"@type\":\"ListItem\",\"@id\":\"https:\\\/\\\/szslucnalc.sk\\\/?cat=4#listItem\",\"position\":2,\"name\":\"\\u0160port\",\"item\":\"https:\\\/\\\/szslucnalc.sk\\\/?cat=4\",\"nextItem\":{\"@type\":\"ListItem\",\"@id\":\"https:\\\/\\\/szslucnalc.sk\\\/?p=19332#listItem\",\"name\":\"Pod vysokou sie\\u0165ou\"},\"previousItem\":{\"@type\":\"ListItem\",\"@id\":\"https:\\\/\\\/szslucnalc.sk#listItem\",\"name\":\"Home\"}},{\"@type\":\"ListItem\",\"@id\":\"https:\\\/\\\/szslucnalc.sk\\\/?p=19332#listItem\",\"position\":3,\"name\":\"Pod vysokou sie\\u0165ou\",\"previousItem\":{\"@type\":\"ListItem\",\"@id\":\"https:\\\/\\\/szslucnalc.sk\\\/?cat=4#listItem\",\"name\":\"\\u0160port\"}}]},{\"@type\":\"Organization\",\"@id\":\"https:\\\/\\\/szslucnalc.sk\\\/#organization\",\"name\":\"Stredn\\u00e1 zdravotn\\u00edcka \\u0161kola Lu\\u010denec\",\"description\":\"Stredn\\u00e1 zdravotn\\u00edcka \\u0161kola\",\"url\":\"https:\\\/\\\/szslucnalc.sk\\\/\"},{\"@type\":\"Person\",\"@id\":\"https:\\\/\\\/szslucnalc.sk\\\/?author=2#author\",\"url\":\"https:\\\/\\\/szslucnalc.sk\\\/?author=2\",\"name\":\"Miroslav Sekula\"},{\"@type\":\"WebPage\",\"@id\":\"https:\\\/\\\/szslucnalc.sk\\\/?p=19332#webpage\",\"url\":\"https:\\\/\\\/szslucnalc.sk\\\/?p=19332\",\"name\":\"Pod vysokou sie\\u0165ou - Stredn\\u00e1 zdravotn\\u00edcka \\u0161kola Lu\\u010denec\",\"description\":\"S miernou neistotou na\\u0161i volejbalov\\u00fd reprezentanti v zlo\\u017een\\u00ed Zoja Fafuliakov\\u00e1 I.B, Tamara Hri\\u0148ov\\u00e1 I.B, Michaela Randisov\\u00e1 I.B, Eli\\u0161ka M\\u00e1ria Pastorkov\\u00e1 II.A, Ivana \\u0160tef\\u00e1nekov\\u00e1 II.A, Katar\\u00edna Ron\\u010d\\u00e1kov\\u00e1 III.A, Marek Farka\\u0161 II.A, Andrej Barcaj III.B nast\\u00fapili na okresn\\u00e9 predkolo v MIX volejbale v piatok 13.1. 2023. Ve\\u013emi \\u00faspe\\u0161ne \\u010delili s\\u00faperom zo SO\\u0160 HSD LC a SG LC, ktor\\u00fdch porazili 2:0 na sety,\",\"inLanguage\":\"sk-SK\",\"isPartOf\":{\"@id\":\"https:\\\/\\\/szslucnalc.sk\\\/#website\"},\"breadcrumb\":{\"@id\":\"https:\\\/\\\/szslucnalc.sk\\\/?p=19332#breadcrumblist\"},\"author\":{\"@id\":\"https:\\\/\\\/szslucnalc.sk\\\/?author=2#author\"},\"creator\":{\"@id\":\"https:\\\/\\\/szslucnalc.sk\\\/?author=2#author\"},\"image\":{\"@type\":\"ImageObject\",\"url\":\"https:\\\/\\\/szslucnalc.sk\\\/wp-content\\\/uploads\\\/2023\\\/01\\\/ok-scaled.jpg\",\"@id\":\"https:\\\/\\\/szslucnalc.sk\\\/?p=19332\\\/#mainImage\",\"width\":2560,\"height\":1440},\"primaryImageOfPage\":{\"@id\":\"https:\\\/\\\/szslucnalc.sk\\\/?p=19332#mainImage\"},\"datePublished\":\"2023-01-17T11:37:48+01:00\",\"dateModified\":\"2023-01-17T11:37:51+01:00\"},{\"@type\":\"WebSite\",\"@id\":\"https:\\\/\\\/szslucnalc.sk\\\/#website\",\"url\":\"https:\\\/\\\/szslucnalc.sk\\\/\",\"name\":\"Stredn\\u00e1 zdravotn\\u00edcka \\u0161kola Lu\\u010denec\",\"description\":\"Stredn\\u00e1 zdravotn\\u00edcka \\u0161kola\",\"inLanguage\":\"sk-SK\",\"publisher\":{\"@id\":\"https:\\\/\\\/szslucnalc.sk\\\/#organization\"}}]}\n\t\t<\/script>\n\t\t<!-- All in One SEO -->\n\n","aioseo_head_json":{"title":"Pod vysokou sie\u0165ou - Stredn\u00e1 zdravotn\u00edcka \u0161kola Lu\u010denec","description":"S miernou neistotou na\u0161i volejbalov\u00fd reprezentanti v zlo\u017een\u00ed Zoja Fafuliakov\u00e1 I.B, Tamara Hri\u0148ov\u00e1 I.B, Michaela Randisov\u00e1 I.B, Eli\u0161ka M\u00e1ria Pastorkov\u00e1 II.A, Ivana \u0160tef\u00e1nekov\u00e1 II.A, Katar\u00edna Ron\u010d\u00e1kov\u00e1 III.A, Marek Farka\u0161 II.A, Andrej Barcaj III.B nast\u00fapili na okresn\u00e9 predkolo v MIX volejbale v piatok 13.1. 2023. Ve\u013emi \u00faspe\u0161ne \u010delili s\u00faperom zo SO\u0160 HSD LC a SG LC, ktor\u00fdch porazili 2:0 na sety,","canonical_url":"https:\/\/szslucnalc.sk\/?p=19332","robots":"max-image-preview:large","keywords":"","webmasterTools":{"miscellaneous":""},"schema":{"@context":"https:\/\/schema.org","@graph":[{"@type":"BlogPosting","@id":"https:\/\/szslucnalc.sk\/?p=19332#blogposting","name":"Pod vysokou sie\u0165ou - Stredn\u00e1 zdravotn\u00edcka \u0161kola Lu\u010denec","headline":"Pod vysokou sie\u0165ou","author":{"@id":"https:\/\/szslucnalc.sk\/?author=2#author"},"publisher":{"@id":"https:\/\/szslucnalc.sk\/#organization"},"image":{"@type":"ImageObject","url":"https:\/\/szslucnalc.sk\/wp-content\/uploads\/2023\/01\/ok-scaled.jpg","width":2560,"height":1440},"datePublished":"2023-01-17T11:37:48+01:00","dateModified":"2023-01-17T11:37:51+01:00","inLanguage":"sk-SK","mainEntityOfPage":{"@id":"https:\/\/szslucnalc.sk\/?p=19332#webpage"},"isPartOf":{"@id":"https:\/\/szslucnalc.sk\/?p=19332#webpage"},"articleSection":"\u0160port"},{"@type":"BreadcrumbList","@id":"https:\/\/szslucnalc.sk\/?p=19332#breadcrumblist","itemListElement":[{"@type":"ListItem","@id":"https:\/\/szslucnalc.sk#listItem","position":1,"name":"Home","item":"https:\/\/szslucnalc.sk","nextItem":{"@type":"ListItem","@id":"https:\/\/szslucnalc.sk\/?cat=4#listItem","name":"\u0160port"}},{"@type":"ListItem","@id":"https:\/\/szslucnalc.sk\/?cat=4#listItem","position":2,"name":"\u0160port","item":"https:\/\/szslucnalc.sk\/?cat=4","nextItem":{"@type":"ListItem","@id":"https:\/\/szslucnalc.sk\/?p=19332#listItem","name":"Pod vysokou sie\u0165ou"},"previousItem":{"@type":"ListItem","@id":"https:\/\/szslucnalc.sk#listItem","name":"Home"}},{"@type":"ListItem","@id":"https:\/\/szslucnalc.sk\/?p=19332#listItem","position":3,"name":"Pod vysokou sie\u0165ou","previousItem":{"@type":"ListItem","@id":"https:\/\/szslucnalc.sk\/?cat=4#listItem","name":"\u0160port"}}]},{"@type":"Organization","@id":"https:\/\/szslucnalc.sk\/#organization","name":"Stredn\u00e1 zdravotn\u00edcka \u0161kola Lu\u010denec","description":"Stredn\u00e1 zdravotn\u00edcka \u0161kola","url":"https:\/\/szslucnalc.sk\/"},{"@type":"Person","@id":"https:\/\/szslucnalc.sk\/?author=2#author","url":"https:\/\/szslucnalc.sk\/?author=2","name":"Miroslav Sekula"},{"@type":"WebPage","@id":"https:\/\/szslucnalc.sk\/?p=19332#webpage","url":"https:\/\/szslucnalc.sk\/?p=19332","name":"Pod vysokou sie\u0165ou - Stredn\u00e1 zdravotn\u00edcka \u0161kola Lu\u010denec","description":"S miernou neistotou na\u0161i volejbalov\u00fd reprezentanti v zlo\u017een\u00ed Zoja Fafuliakov\u00e1 I.B, Tamara Hri\u0148ov\u00e1 I.B, Michaela Randisov\u00e1 I.B, Eli\u0161ka M\u00e1ria Pastorkov\u00e1 II.A, Ivana \u0160tef\u00e1nekov\u00e1 II.A, Katar\u00edna Ron\u010d\u00e1kov\u00e1 III.A, Marek Farka\u0161 II.A, Andrej Barcaj III.B nast\u00fapili na okresn\u00e9 predkolo v MIX volejbale v piatok 13.1. 2023. Ve\u013emi \u00faspe\u0161ne \u010delili s\u00faperom zo SO\u0160 HSD LC a SG LC, ktor\u00fdch porazili 2:0 na sety,","inLanguage":"sk-SK","isPartOf":{"@id":"https:\/\/szslucnalc.sk\/#website"},"breadcrumb":{"@id":"https:\/\/szslucnalc.sk\/?p=19332#breadcrumblist"},"author":{"@id":"https:\/\/szslucnalc.sk\/?author=2#author"},"creator":{"@id":"https:\/\/szslucnalc.sk\/?author=2#author"},"image":{"@type":"ImageObject","url":"https:\/\/szslucnalc.sk\/wp-content\/uploads\/2023\/01\/ok-scaled.jpg","@id":"https:\/\/szslucnalc.sk\/?p=19332\/#mainImage","width":2560,"height":1440},"primaryImageOfPage":{"@id":"https:\/\/szslucnalc.sk\/?p=19332#mainImage"},"datePublished":"2023-01-17T11:37:48+01:00","dateModified":"2023-01-17T11:37:51+01:00"},{"@type":"WebSite","@id":"https:\/\/szslucnalc.sk\/#website","url":"https:\/\/szslucnalc.sk\/","name":"Stredn\u00e1 zdravotn\u00edcka \u0161kola Lu\u010denec","description":"Stredn\u00e1 zdravotn\u00edcka \u0161kola","inLanguage":"sk-SK","publisher":{"@id":"https:\/\/szslucnalc.sk\/#organization"}}]},"og:locale":"sk_SK","og:site_name":"Stredn\u00e1 zdravotn\u00edcka \u0161kola Lu\u010denec - Stredn\u00e1 zdravotn\u00edcka \u0161kola","og:type":"article","og:title":"Pod vysokou sie\u0165ou - Stredn\u00e1 zdravotn\u00edcka \u0161kola Lu\u010denec","og:description":"S miernou neistotou na\u0161i volejbalov\u00fd reprezentanti v zlo\u017een\u00ed Zoja Fafuliakov\u00e1 I.B, Tamara Hri\u0148ov\u00e1 I.B, Michaela Randisov\u00e1 I.B, Eli\u0161ka M\u00e1ria Pastorkov\u00e1 II.A, Ivana \u0160tef\u00e1nekov\u00e1 II.A, Katar\u00edna Ron\u010d\u00e1kov\u00e1 III.A, Marek Farka\u0161 II.A, Andrej Barcaj III.B nast\u00fapili na okresn\u00e9 predkolo v MIX volejbale v piatok 13.1. 2023. Ve\u013emi \u00faspe\u0161ne \u010delili s\u00faperom zo SO\u0160 HSD LC a SG LC, ktor\u00fdch porazili 2:0 na sety,","og:url":"https:\/\/szslucnalc.sk\/?p=19332","og:image":"https:\/\/szslucnalc.sk\/wp-content\/uploads\/2023\/01\/ok-scaled.jpg","og:image:secure_url":"https:\/\/szslucnalc.sk\/wp-content\/uploads\/2023\/01\/ok-scaled.jpg","og:image:width":2560,"og:image:height":1440,"article:published_time":"2023-01-17T10:37:48+00:00","article:modified_time":"2023-01-17T10:37:51+00:00","twitter:card":"summary_large_image","twitter:title":"Pod vysokou sie\u0165ou - Stredn\u00e1 zdravotn\u00edcka \u0161kola Lu\u010denec","twitter:description":"S miernou neistotou na\u0161i volejbalov\u00fd reprezentanti v zlo\u017een\u00ed Zoja Fafuliakov\u00e1 I.B, Tamara Hri\u0148ov\u00e1 I.B, Michaela Randisov\u00e1 I.B, Eli\u0161ka M\u00e1ria Pastorkov\u00e1 II.A, Ivana \u0160tef\u00e1nekov\u00e1 II.A, Katar\u00edna Ron\u010d\u00e1kov\u00e1 III.A, Marek Farka\u0161 II.A, Andrej Barcaj III.B nast\u00fapili na okresn\u00e9 predkolo v MIX volejbale v piatok 13.1. 2023. Ve\u013emi \u00faspe\u0161ne \u010delili s\u00faperom zo SO\u0160 HSD LC a SG LC, ktor\u00fdch porazili 2:0 na sety,","twitter:image":"https:\/\/szslucnalc.sk\/wp-content\/uploads\/2023\/01\/ok-scaled.jpg"},"aioseo_meta_data":{"post_id":"19332","title":null,"description":null,"keywords":null,"keyphrases":null,"primary_term":null,"canonical_url":null,"og_title":null,"og_description":null,"og_object_type":"default","og_image_type":"default","og_image_url":null,"og_image_width":null,"og_image_height":null,"og_image_custom_url":null,"og_image_custom_fields":null,"og_video":null,"og_custom_url":null,"og_article_section":null,"og_article_tags":null,"twitter_use_og":false,"twitter_card":"default","twitter_image_type":"default","twitter_image_url":null,"twitter_image_custom_url":null,"twitter_image_custom_fields":null,"twitter_title":null,"twitter_description":null,"schema":{"blockGraphs":[],"customGraphs":[],"default":{"data":{"Article":[],"Course":[],"Dataset":[],"FAQPage":[],"Movie":[],"Person":[],"Product":[],"ProductReview":[],"Car":[],"Recipe":[],"Service":[],"SoftwareApplication":[],"WebPage":[]},"graphName":"","isEnabled":true},"graphs":[]},"schema_type":"default","schema_type_options":null,"pillar_content":false,"robots_default":true,"robots_noindex":false,"robots_noarchive":false,"robots_nosnippet":false,"robots_nofollow":false,"robots_noimageindex":false,"robots_noodp":false,"robots_notranslate":false,"robots_max_snippet":null,"robots_max_videopreview":null,"robots_max_imagepreview":"large","priority":null,"frequency":null,"local_seo":null,"breadcrumb_settings":null,"limit_modified_date":false,"ai":null,"created":"2023-09-15 17:38:38","updated":"2025-06-26 15:18:12","seo_analyzer_scan_date":null,"focus_keyword":null,"additional_keywords":null,"truseo_locale":null},"aioseo_breadcrumb":"<div class=\"aioseo-breadcrumbs\"><span class=\"aioseo-breadcrumb\">\n\t\t\t<a href=\"https:\/\/szslucnalc.sk\" title=\"Home\">Home<\/a>\n\t\t<\/span><span class=\"aioseo-breadcrumb-separator\">&raquo;<\/span><span class=\"aioseo-breadcrumb\">\n\t\t\t<a href=\"https:\/\/szslucnalc.sk\/?cat=4\" title=\"\u0160port\">\u0160port<\/a>\n\t\t<\/span><span class=\"aioseo-breadcrumb-separator\">&raquo;<\/span><span class=\"aioseo-breadcrumb\">\n\t\t\tPod vysokou sie\u0165ou\n\t\t<\/span><\/div>","aioseo_breadcrumb_json":[{"label":"Home","link":"https:\/\/szslucnalc.sk"},{"label":"\u0160port","link":"https:\/\/szslucnalc.sk\/?cat=4"},{"label":"Pod vysokou sie\u0165ou","link":"https:\/\/szslucnalc.sk\/?p=19332"}],"_links":{"self":[{"href":"https:\/\/szslucnalc.sk\/index.php?rest_route=\/wp\/v2\/posts\/19332","targetHints":{"allow":["GET"]}}],"collection":[{"href":"https:\/\/szslucnalc.sk\/index.php?rest_route=\/wp\/v2\/posts"}],"about":[{"href":"https:\/\/szslucnalc.sk\/index.php?rest_route=\/wp\/v2\/types\/post"}],"author":[{"embeddable":true,"href":"https:\/\/szslucnalc.sk\/index.php?rest_route=\/wp\/v2\/users\/2"}],"replies":[{"embeddable":true,"href":"https:\/\/szslucnalc.sk\/index.php?rest_route=%2Fwp%2Fv2%2Fcomments&post=19332"}],"version-history":[{"count":1,"href":"https:\/\/szslucnalc.sk\/index.php?rest_route=\/wp\/v2\/posts\/19332\/revisions"}],"predecessor-version":[{"id":19334,"href":"https:\/\/szslucnalc.sk\/index.php?rest_route=\/wp\/v2\/posts\/19332\/revisions\/19334"}],"wp:featuredmedia":[{"embeddable":true,"href":"https:\/\/szslucnalc.sk\/index.php?rest_route=\/wp\/v2\/media\/19333"}],"wp:attachment":[{"href":"https:\/\/szslucnalc.sk\/index.php?rest_route=%2Fwp%2Fv2%2Fmedia&parent=19332"}],"wp:term":[{"taxonomy":"category","embeddable":true,"href":"https:\/\/szslucnalc.sk\/index.php?rest_route=%2Fwp%2Fv2%2Fcategories&post=19332"},{"taxonomy":"post_tag","embeddable":true,"href":"https:\/\/szslucnalc.sk\/index.php?rest_route=%2Fwp%2Fv2%2Ftags&post=19332"}],"curies":[{"name":"wp","href":"https:\/\/api.w.org\/{rel}","templated":true}]}}