{"id":20050,"date":"2023-02-24T11:49:40","date_gmt":"2023-02-24T10:49:40","guid":{"rendered":"https:\/\/szslucnalc.sk\/?p=20050"},"modified":"2023-02-24T22:15:17","modified_gmt":"2023-02-24T21:15:17","slug":"krasa-slova","status":"publish","type":"post","link":"https:\/\/szslucnalc.sk\/?p=20050","title":{"rendered":"Kr\u00e1sa slova"},"content":{"rendered":"\n<p>Kub\u00edn u n\u00e1s prebehol tento \u0161kolsk\u00fd rok trochu netradi\u010dne s obecenstvom, konkr\u00e9tne so 4.A triedou a pani profesorkou Sekulovou. 23.febru\u00e1ra sa stretlo 8 milovn\u00edkov umeleck\u00e9ho slova na \u0161kolskom kole Hviezdoslavovho Kub\u00edna. Zostava bola naozaj siln\u00e1 a nikto neo\u013eutoval, \u017ee sa zdr\u017eal dlh\u0161ie v \u0161kole, \u010di u\u017e i\u0161lo o s\u00fa\u0165a\u017eiacich, alebo o div\u00e1kov. Texty boli pestr\u00e9 a zauj\u00edmav\u00e9, takisto ako aj recit\u00e1torsk\u00e9 prejavy s\u00fa\u0165a\u017eiacich. Porotcovia \u2013 p\u00e1n riadite\u013e a na\u0161a sloven\u010din\u00e1rka to nemali jednoduch\u00e9.<br>Kateg\u00f3ria PO\u00c9ZIA : Lucia Pe\u0165kov\u00e1 \/4.A\/, Zuzana Kalo\u010daiov\u00e1 \/3.A\/, Adela Dan\u00edkov\u00e1 \/ 1.A \/, Andrea Dobrock\u00fd \/ 2.B\/<br>Kateg\u00f3ria PR\u00d3ZA : Vikt\u00f3ria Jon\u00e1\u0161ov\u00e1 \/4.A\/, Liana Rudlov\u00e1 \/2.B\/, Barbora Ol\u00e1hov\u00e1 \/ 2.B \/, Maxim Li\u010dko \/2.A \/<br>ZLATO z\u00edskali Lucia Pe\u0165kov\u00e1 \/ po\u00e9zia\/ a Barbora Ol\u00e1hov\u00e1 a Maxim Li\u010dko \/ pr\u00f3za\/.<br>Blaho\u017eel\u00e1me v\u00ed\u0165azom aj Zuzane Kalo\u010daiovej, ktor\u00e1 z\u00edskala automatick\u00fd postup do okresn\u00e9ho kola za reprezent\u00e1ciu \u0161koly na krajskom kole v minulom \u0161kolskom roku.<br>P.S. Pre m\u0148a ako va\u0161u sloven\u010din\u00e1rku ste v\u00ed\u0165azi v\u0161etci.<br>A.B.<\/p>\n\n\n\n<p><\/p>\n","protected":false},"excerpt":{"rendered":"<p>Kub&iacute;n u n&aacute;s prebehol tento &scaron;kolsk&yacute; rok trochu netradi&#269;ne s obecenstvom, konkr&eacute;tne so 4.A triedou a pani profesorkou Sekulovou. 23.febru&aacute;ra sa stretlo 8 milovn&iacute;kov umeleck&eacute;ho slova<span class=\"excerpt-hellip\"> [\u2026]<\/span><\/p>\n","protected":false},"author":2,"featured_media":20056,"comment_status":"closed","ping_status":"closed","sticky":false,"template":"","format":"standard","meta":{"footnotes":""},"categories":[3],"tags":[],"class_list":["post-20050","post","type-post","status-publish","format-standard","has-post-thumbnail","hentry","category-kultura"],"aioseo_notices":[],"_links":{"self":[{"href":"https:\/\/szslucnalc.sk\/index.php?rest_route=\/wp\/v2\/posts\/20050","targetHints":{"allow":["GET"]}}],"collection":[{"href":"https:\/\/szslucnalc.sk\/index.php?rest_route=\/wp\/v2\/posts"}],"about":[{"href":"https:\/\/szslucnalc.sk\/index.php?rest_route=\/wp\/v2\/types\/post"}],"author":[{"embeddable":true,"href":"https:\/\/szslucnalc.sk\/index.php?rest_route=\/wp\/v2\/users\/2"}],"replies":[{"embeddable":true,"href":"https:\/\/szslucnalc.sk\/index.php?rest_route=%2Fwp%2Fv2%2Fcomments&post=20050"}],"version-history":[{"count":4,"href":"https:\/\/szslucnalc.sk\/index.php?rest_route=\/wp\/v2\/posts\/20050\/revisions"}],"predecessor-version":[{"id":20071,"href":"https:\/\/szslucnalc.sk\/index.php?rest_route=\/wp\/v2\/posts\/20050\/revisions\/20071"}],"wp:featuredmedia":[{"embeddable":true,"href":"https:\/\/szslucnalc.sk\/index.php?rest_route=\/wp\/v2\/media\/20056"}],"wp:attachment":[{"href":"https:\/\/szslucnalc.sk\/index.php?rest_route=%2Fwp%2Fv2%2Fmedia&parent=20050"}],"wp:term":[{"taxonomy":"category","embeddable":true,"href":"https:\/\/szslucnalc.sk\/index.php?rest_route=%2Fwp%2Fv2%2Fcategories&post=20050"},{"taxonomy":"post_tag","embeddable":true,"href":"https:\/\/szslucnalc.sk\/index.php?rest_route=%2Fwp%2Fv2%2Ftags&post=20050"}],"curies":[{"name":"wp","href":"https:\/\/api.w.org\/{rel}","templated":true}]}}