{"id":20676,"date":"2023-04-20T13:04:45","date_gmt":"2023-04-20T11:04:45","guid":{"rendered":"https:\/\/szslucnalc.sk\/?p=20676"},"modified":"2023-04-20T13:06:05","modified_gmt":"2023-04-20T11:06:05","slug":"netradicny-den-narcisov","status":"publish","type":"post","link":"https:\/\/szslucnalc.sk\/?p=20676","title":{"rendered":"Netradi\u010dn\u00fd De\u0148 narcisov"},"content":{"rendered":"\n<p>Tradi\u010dne sa tohto d\u0148a zvykn\u00fa z\u00fa\u010dast\u0148ova\u0165 \u017eiaci tret\u00edch ro\u010dn\u00edkov, ale nako\u013eko tretiaci i\u0161li na exkurziu do Kremnice, my \u0161tvrt\u00e1ci sme sa rozhodli ich zast\u00fapi\u0165. V\u0161etko sme u\u017e vedeli, preto\u017ee vlani sme tak\u00fdto de\u0148 absolvovali. Stretli sme sa 20.4.2023 o 7,50 hod v budove \u010cerven\u00e9ho kr\u00ed\u017ea, kde n\u00e1s priv\u00edtala MUDr. Machanov\u00e1, ktor\u00e1 sa n\u00e1m srde\u010dne po\u010fakovala za pomoc. Dostali sme krabi\u010dky, narcisy, ob\u010derstvenie, tri\u010dk\u00e1 a potrebn\u00e9 in\u0161trukcie a vydali sme sa do ul\u00edc. Na praxi sa stret\u00e1vame s onkologick\u00fdmi pacientmi, ktor\u00fdch po\u010det sa rok \u010do rok zvy\u0161uje a preto sme radi, \u017ee m\u00f4\u017eeme pom\u00f4c\u0165. De\u0148 narcisov je d\u0148om boja proti rakovine. Tento de\u0148 sa nesie v \u017eltej farbe umel\u00fdch a \u017eiv\u00fdch narcisov na podporu v\u0161etk\u00fdch, ktor\u00ed \u010delia z\u00e1kernej rakovine. Zak\u00fapen\u00edm tohto jarn\u00e9ho kvietku dobrovo\u013enou \u010diastkou ka\u017ed\u00fd vyjadr\u00ed spolupatri\u010dnos\u0165 a podporu onkologick\u00fdm pacientom. Finan\u010dn\u00e1 zbierka sa vracia verejnosti sp\u00e4\u0165 vo forme financovania programov a projektov na podporu onkologick\u00fdch pacientov i \u0161irokej verejnosti.<br>A na\u0161e \u017eelanie je, bu\u010fme zdrav\u00ed, nech tieto financie nepotrebujeme!!!<\/p>\n","protected":false},"excerpt":{"rendered":"<p>Tradi&#269;ne sa tohto d&#328;a zvykn&uacute; z&uacute;&#269;ast&#328;ova&#357; &#382;iaci tret&iacute;ch ro&#269;n&iacute;kov, ale nako&#318;ko tretiaci i&scaron;li na exkurziu do Kremnice, my &scaron;tvrt&aacute;ci sme sa rozhodli ich zast&uacute;pi&#357;. V&scaron;etko sme<span class=\"excerpt-hellip\"> [\u2026]<\/span><\/p>\n","protected":false},"author":2,"featured_media":20679,"comment_status":"closed","ping_status":"closed","sticky":false,"template":"","format":"standard","meta":{"footnotes":""},"categories":[8],"tags":[],"class_list":["post-20676","post","type-post","status-publish","format-standard","has-post-thumbnail","hentry","category-ine"],"aioseo_notices":[],"_links":{"self":[{"href":"https:\/\/szslucnalc.sk\/index.php?rest_route=\/wp\/v2\/posts\/20676","targetHints":{"allow":["GET"]}}],"collection":[{"href":"https:\/\/szslucnalc.sk\/index.php?rest_route=\/wp\/v2\/posts"}],"about":[{"href":"https:\/\/szslucnalc.sk\/index.php?rest_route=\/wp\/v2\/types\/post"}],"author":[{"embeddable":true,"href":"https:\/\/szslucnalc.sk\/index.php?rest_route=\/wp\/v2\/users\/2"}],"replies":[{"embeddable":true,"href":"https:\/\/szslucnalc.sk\/index.php?rest_route=%2Fwp%2Fv2%2Fcomments&post=20676"}],"version-history":[{"count":1,"href":"https:\/\/szslucnalc.sk\/index.php?rest_route=\/wp\/v2\/posts\/20676\/revisions"}],"predecessor-version":[{"id":20695,"href":"https:\/\/szslucnalc.sk\/index.php?rest_route=\/wp\/v2\/posts\/20676\/revisions\/20695"}],"wp:featuredmedia":[{"embeddable":true,"href":"https:\/\/szslucnalc.sk\/index.php?rest_route=\/wp\/v2\/media\/20679"}],"wp:attachment":[{"href":"https:\/\/szslucnalc.sk\/index.php?rest_route=%2Fwp%2Fv2%2Fmedia&parent=20676"}],"wp:term":[{"taxonomy":"category","embeddable":true,"href":"https:\/\/szslucnalc.sk\/index.php?rest_route=%2Fwp%2Fv2%2Fcategories&post=20676"},{"taxonomy":"post_tag","embeddable":true,"href":"https:\/\/szslucnalc.sk\/index.php?rest_route=%2Fwp%2Fv2%2Ftags&post=20676"}],"curies":[{"name":"wp","href":"https:\/\/api.w.org\/{rel}","templated":true}]}}