{"id":20697,"date":"2023-04-21T10:48:20","date_gmt":"2023-04-21T08:48:20","guid":{"rendered":"https:\/\/szslucnalc.sk\/?p=20697"},"modified":"2023-04-24T18:24:05","modified_gmt":"2023-04-24T16:24:05","slug":"zdravotakom-zalezi-nielen-na-ludoch","status":"publish","type":"post","link":"https:\/\/szslucnalc.sk\/?p=20697","title":{"rendered":"Zdravo\u0165\u00e1kom z\u00e1le\u017e\u00ed nielen na \u013eu\u010foch"},"content":{"rendered":"\n<p>20. apr\u00edla sa na\u0161i prv\u00e1ci prakticky zapojili do \u010fal\u0161ej zelenej iniciat\u00edvy pri pr\u00edle\u017eitosti D\u0148a Zeme, \u010do vlastne znamenalo to, \u017ee sme sa \u0161portovo obliekli, vzali ruksaky a po\u010fho k lu\u010densk\u00fdm lesom. Na dohodnutom mieste stretnutia n\u00e1s \u010dakal zriadenec mesta. Tu sme si rozdali ochrann\u00e9 rukavice a vrecia na odpad, a rozdelili sme sa na dve skupiny. Jedna sa v sprievode spom\u00ednan\u00e9ho p\u00e1na a dvoch u\u010diteliek vybrala smerom na lu\u010densk\u00e9 k\u00fapele a hlb\u0161ie do lesa a t\u00e1 druh\u00e1 \u0161la cestou k priehrade po cyklotrase a\u017e na sam\u00fd kraj \u013dadova, kde sme si trocha vyd\u00fdchli (a niektor\u00ed aj zatrsali, vi\u010f fotky). \u010cinili sme sa v\u0161etci, niektor\u00ed ve\u013emi obetavo, niektor\u00ed trocha menej, ale spolo\u010dne sme vyzbierali slu\u0161n\u00fa kopu smet\u00ed, ktor\u00e9 potom pracovn\u00edci mesta odviezli. Napriek tomu, \u017ee sme narazili na kade\u010do (rozbit\u00e9 f\u013ea\u0161e, pneumatiky, linoleum, konzervy, stavebn\u00fd odpad), m\u00e1m pocit, \u017ee odpadu v lesoch je ka\u017ed\u00fdm rokom o trochu menej. St\u00e1le to nie je pote\u0161ite\u013en\u00fd stav a mo\u017eno k nemu prispievaj\u00fa aj podobn\u00e9 ochran\u00e1rske snahy, ale aspo\u0148 n\u00e1m ostane dobr\u00fd pocit, \u017ee sme svojou tro\u0161kou prispeli aj my. A pritom by sta\u010dilo naozaj m\u00e1lo &#8211; zobra\u0165 smeti so sebou a vyhodi\u0165 ich na patri\u010dn\u00fdch miestach. T\u00fdmto \u010fakujem v\u0161etk\u00fdm \u017eiakom, ktor\u00ed prilo\u017eili ruku k dielu a sna\u017eili sa pom\u00f4c\u0165, a tie\u017e mojim kolegyniam za podporu.<\/p>\n\n\n\n<p>Miroslav \u0160uran<\/p>\n","protected":false},"excerpt":{"rendered":"<p>20. apr&iacute;la sa na&scaron;i prv&aacute;ci prakticky zapojili do &#271;al&scaron;ej zelenej iniciat&iacute;vy pri pr&iacute;le&#382;itosti D&#328;a Zeme, &#269;o vlastne znamenalo to, &#382;e sme sa &scaron;portovo obliekli, vzali ruksaky<span class=\"excerpt-hellip\"> [\u2026]<\/span><\/p>\n","protected":false},"author":2,"featured_media":20719,"comment_status":"closed","ping_status":"closed","sticky":false,"template":"","format":"standard","meta":{"footnotes":""},"categories":[8],"tags":[],"class_list":["post-20697","post","type-post","status-publish","format-standard","has-post-thumbnail","hentry","category-ine"],"aioseo_notices":[],"_links":{"self":[{"href":"https:\/\/szslucnalc.sk\/index.php?rest_route=\/wp\/v2\/posts\/20697","targetHints":{"allow":["GET"]}}],"collection":[{"href":"https:\/\/szslucnalc.sk\/index.php?rest_route=\/wp\/v2\/posts"}],"about":[{"href":"https:\/\/szslucnalc.sk\/index.php?rest_route=\/wp\/v2\/types\/post"}],"author":[{"embeddable":true,"href":"https:\/\/szslucnalc.sk\/index.php?rest_route=\/wp\/v2\/users\/2"}],"replies":[{"embeddable":true,"href":"https:\/\/szslucnalc.sk\/index.php?rest_route=%2Fwp%2Fv2%2Fcomments&post=20697"}],"version-history":[{"count":1,"href":"https:\/\/szslucnalc.sk\/index.php?rest_route=\/wp\/v2\/posts\/20697\/revisions"}],"predecessor-version":[{"id":20720,"href":"https:\/\/szslucnalc.sk\/index.php?rest_route=\/wp\/v2\/posts\/20697\/revisions\/20720"}],"wp:featuredmedia":[{"embeddable":true,"href":"https:\/\/szslucnalc.sk\/index.php?rest_route=\/wp\/v2\/media\/20719"}],"wp:attachment":[{"href":"https:\/\/szslucnalc.sk\/index.php?rest_route=%2Fwp%2Fv2%2Fmedia&parent=20697"}],"wp:term":[{"taxonomy":"category","embeddable":true,"href":"https:\/\/szslucnalc.sk\/index.php?rest_route=%2Fwp%2Fv2%2Fcategories&post=20697"},{"taxonomy":"post_tag","embeddable":true,"href":"https:\/\/szslucnalc.sk\/index.php?rest_route=%2Fwp%2Fv2%2Ftags&post=20697"}],"curies":[{"name":"wp","href":"https:\/\/api.w.org\/{rel}","templated":true}]}}