{"id":20795,"date":"2023-04-24T08:48:55","date_gmt":"2023-04-24T06:48:55","guid":{"rendered":"https:\/\/szslucnalc.sk\/?p=20795"},"modified":"2023-04-28T08:30:38","modified_gmt":"2023-04-28T06:30:38","slug":"plavecka-sezona-zahajena","status":"publish","type":"post","link":"https:\/\/szslucnalc.sk\/?p=20795","title":{"rendered":"Plaveck\u00e1 sez\u00f3na zah\u00e1jen\u00e1"},"content":{"rendered":"\n<p>Po roku op\u00e4\u0165, ako je u\u017e u n\u00e1s trad\u00edcia, sa \u017eiaci druh\u00fdch ro\u010dn\u00edkov vydali na plaveck\u00fd v\u00fdcvik. A tak sme v utorok 18.4. nasadli do autobusu, pln\u00ed dobrej n\u00e1lady a vysok\u00fdch o\u010dak\u00e1van\u00ed a smerovali na plav\u00e1re\u0148 do Ve\u013ek\u00e9ho Krt\u00ed\u0161a. Po na\u0161om pr\u00edchode sme sa r\u00fdchlo prezliekli do plaviek a vyrazili ku baz\u00e9nu. Na na\u0161e prekvapenie voda nebola v\u00f4bec tak\u00e1 studen\u00e1 ako sme sa ob\u00e1vali, \u010do bolo dobr\u00e9, lebo zanedlho sme sa do nej museli potopi\u0165. P.p. Skrutek pozrel na\u0161e plaveck\u00e9 schopnosti a zaradil n\u00e1s do tej spr\u00e1vnej skupiny. Zvy\u0161ok prv\u00e9ho d\u0148a sme str\u00e1vili zvykan\u00edm si na vodu, preplavovan\u00edn na\u0161ich prv\u00fdch \u0161\u00edrok a hran\u00edm sa vo vode. \u010eal\u0161ie dni sme sa zaoberali zdokona\u013eovan\u00edm na\u0161ej plaveckej techniky, no taktie\u017e aj prvou pomocou. K tomu n\u00e1m posl\u00fa\u017eila na\u0161a &#8222;resuscita\u010dn\u00e1 An\u010da&#8220;, na ktorej si ka\u017ed\u00fd vysk\u00fa\u0161al KPR, ktor\u00fa by sme podali topenej osobe. Taktie\u017e sme nacvi\u010dovali techniku vy\u0165ahovania topiaceho sa z vody, ktor\u00e1 je s\u00edce fyzicky n\u00e1ro\u010dn\u00e1, no my sme ju aj tak zvl\u00e1dli vo ve\u013ek\u00fdch po\u010dtoch. Av\u0161ak h\u00e1dam ka\u017ed\u00fd schopn\u00fd plavec sa najviac te\u0161il na posledn\u00fd de\u0148 n\u00e1\u0161ho plaveck\u00e9ho v\u00fdcviku, kedy sa konala plaveck\u00e1 s\u00fa\u0165a\u017e. Na nej na\u0161i najlep\u0161\u00ed plavci s\u00faperili o prvenstvo v najr\u00fdchlej\u0161om pl\u00e1van\u00ed a na\u0161i \u010fal\u0161\u00ed plavci preuk\u00e1zali ve\u013ek\u00fa odvahu a prepl\u00e1vali svoju prv\u00fa d\u013a\u017eku baz\u00e9na (25m). A t\u00fdmto \u00faspe\u0161n\u00fdm d\u0148om sa skon\u010dil jeden \u00fa\u017easn\u00fd t\u00fd\u017ede\u0148 na tejto \u0161kole, na ktor\u00fd m\u00f4\u017eeme e\u0161te dlho spom\u00edna\u0165.<br>Maxim<\/p>\n\n\n\n<p>V\u00ed\u0165azi plaveck\u00fdch pretekov:<\/p>\n\n\n\n<ol class=\"wp-block-list\">\n<li>miesto: Sandra Ben\u010d\u00edkov\u00e1 a Maxim Li\u010dko<\/li>\n\n\n\n<li>miesto: Eli\u0161ka M\u00e1ria Pastorkov\u00e1 a Marek Farka\u0161<\/li>\n\n\n\n<li>miesto: Adri\u00e1na I\u017edinsk\u00e1 a Patrik Hurt\u00edk<br>Blaho\u017eel\u00e1me.<\/li>\n<\/ol>\n","protected":false},"excerpt":{"rendered":"<p>Po roku op&auml;&#357;, ako je u&#382; u n&aacute;s trad&iacute;cia, sa &#382;iaci druh&yacute;ch ro&#269;n&iacute;kov vydali na plaveck&yacute; v&yacute;cvik. A tak sme v utorok 18.4. nasadli do autobusu,<span class=\"excerpt-hellip\"> [\u2026]<\/span><\/p>\n","protected":false},"author":2,"featured_media":20796,"comment_status":"closed","ping_status":"closed","sticky":false,"template":"","format":"standard","meta":{"footnotes":""},"categories":[4],"tags":[],"class_list":["post-20795","post","type-post","status-publish","format-standard","has-post-thumbnail","hentry","category-sport"],"aioseo_notices":[],"_links":{"self":[{"href":"https:\/\/szslucnalc.sk\/index.php?rest_route=\/wp\/v2\/posts\/20795","targetHints":{"allow":["GET"]}}],"collection":[{"href":"https:\/\/szslucnalc.sk\/index.php?rest_route=\/wp\/v2\/posts"}],"about":[{"href":"https:\/\/szslucnalc.sk\/index.php?rest_route=\/wp\/v2\/types\/post"}],"author":[{"embeddable":true,"href":"https:\/\/szslucnalc.sk\/index.php?rest_route=\/wp\/v2\/users\/2"}],"replies":[{"embeddable":true,"href":"https:\/\/szslucnalc.sk\/index.php?rest_route=%2Fwp%2Fv2%2Fcomments&post=20795"}],"version-history":[{"count":1,"href":"https:\/\/szslucnalc.sk\/index.php?rest_route=\/wp\/v2\/posts\/20795\/revisions"}],"predecessor-version":[{"id":20859,"href":"https:\/\/szslucnalc.sk\/index.php?rest_route=\/wp\/v2\/posts\/20795\/revisions\/20859"}],"wp:featuredmedia":[{"embeddable":true,"href":"https:\/\/szslucnalc.sk\/index.php?rest_route=\/wp\/v2\/media\/20796"}],"wp:attachment":[{"href":"https:\/\/szslucnalc.sk\/index.php?rest_route=%2Fwp%2Fv2%2Fmedia&parent=20795"}],"wp:term":[{"taxonomy":"category","embeddable":true,"href":"https:\/\/szslucnalc.sk\/index.php?rest_route=%2Fwp%2Fv2%2Fcategories&post=20795"},{"taxonomy":"post_tag","embeddable":true,"href":"https:\/\/szslucnalc.sk\/index.php?rest_route=%2Fwp%2Fv2%2Ftags&post=20795"}],"curies":[{"name":"wp","href":"https:\/\/api.w.org\/{rel}","templated":true}]}}