{"id":21088,"date":"2023-05-23T09:18:34","date_gmt":"2023-05-23T07:18:34","guid":{"rendered":"https:\/\/szslucnalc.sk\/?p=21088"},"modified":"2023-05-23T10:08:04","modified_gmt":"2023-05-23T08:08:04","slug":"prakticka-maturita-je-uz-za-nami","status":"publish","type":"post","link":"https:\/\/szslucnalc.sk\/?p=21088","title":{"rendered":"Praktick\u00e1 maturita je u\u017e za nami \u2026"},"content":{"rendered":"\n<p>\u2026u\u017e nieko\u013eko dn\u00ed sa zodpovedne u\u010d\u00edme a bud\u00faci t\u00fd\u017ede\u0148 n\u00e1s \u010dak\u00e1 naozajstn\u00e1 sk\u00fa\u0161ka dospelosti \u2013 maturita zo slovensk\u00e9ho jazyka a literat\u00fary, z anglick\u00e9ho a nemeck\u00e9ho jazyka a z odborn\u00fdch predmetov. Ale vr\u00e1\u0165me sa k minul\u00e9mu t\u00fd\u017ed\u0148u\u2026 To, \u010do je hlavn\u00fdm poslan\u00edm n\u00e1\u0161ho \u0161t\u00fadia \u2013 pom\u00e1ha\u0165 chor\u00fdm, sme mali mo\u017enos\u0165 uk\u00e1za\u0165 nielen na\u0161im odborn\u00fdm u\u010dite\u013ek\u00e1m PhDr. M. Sekulovej, Mgr. D. Mur\u00ednovej, Mgr. B. Mur\u00edn, Mgr. K. Pa\u00fakovej, ale aj Mgr. K. \u0164avodovej a Mgr. S. Ryb\u00e1nskej zo zdravotn\u00edckej \u0161koly zo Zvolena, ktor\u00e9 na n\u00e1s zodpovedne, ale ve\u013emi pr\u00edjemne dozerali. D\u00fafam, \u017ee na\u0161e praktick\u00e9 zru\u010dnosti, ale aj vedomosti v\u00e1s pote\u0161ili \ud83d\ude0a Pre n\u00e1s boli tieto dni ve\u013emi pekn\u00e9, ale so zmie\u0161an\u00fdm pocitom, \u017ee to posledn\u00fd de\u0148 na praxi\u2026<br>Maturanti<\/p>\n\n\n\n<figure class=\"wp-block-image size-full\"><img loading=\"lazy\" decoding=\"async\" width=\"45\" height=\"40\" src=\"https:\/\/szslucnalc.sk\/wp-content\/uploads\/2023\/05\/image-1.png\" alt=\"\" class=\"wp-image-21089\"\/><\/figure>\n","protected":false},"excerpt":{"rendered":"<p>&hellip;u&#382; nieko&#318;ko dn&iacute; sa zodpovedne u&#269;&iacute;me a bud&uacute;ci t&yacute;&#382;de&#328; n&aacute;s &#269;ak&aacute; naozajstn&aacute; sk&uacute;&scaron;ka dospelosti &ndash; maturita zo slovensk&eacute;ho jazyka a literat&uacute;ry, z anglick&eacute;ho a nemeck&eacute;ho jazyka<span class=\"excerpt-hellip\"> [\u2026]<\/span><\/p>\n","protected":false},"author":2,"featured_media":21116,"comment_status":"closed","ping_status":"closed","sticky":false,"template":"","format":"standard","meta":{"footnotes":""},"categories":[7],"tags":[],"class_list":["post-21088","post","type-post","status-publish","format-standard","has-post-thumbnail","hentry","category-profesia"],"aioseo_notices":[],"_links":{"self":[{"href":"https:\/\/szslucnalc.sk\/index.php?rest_route=\/wp\/v2\/posts\/21088","targetHints":{"allow":["GET"]}}],"collection":[{"href":"https:\/\/szslucnalc.sk\/index.php?rest_route=\/wp\/v2\/posts"}],"about":[{"href":"https:\/\/szslucnalc.sk\/index.php?rest_route=\/wp\/v2\/types\/post"}],"author":[{"embeddable":true,"href":"https:\/\/szslucnalc.sk\/index.php?rest_route=\/wp\/v2\/users\/2"}],"replies":[{"embeddable":true,"href":"https:\/\/szslucnalc.sk\/index.php?rest_route=%2Fwp%2Fv2%2Fcomments&post=21088"}],"version-history":[{"count":1,"href":"https:\/\/szslucnalc.sk\/index.php?rest_route=\/wp\/v2\/posts\/21088\/revisions"}],"predecessor-version":[{"id":21127,"href":"https:\/\/szslucnalc.sk\/index.php?rest_route=\/wp\/v2\/posts\/21088\/revisions\/21127"}],"wp:featuredmedia":[{"embeddable":true,"href":"https:\/\/szslucnalc.sk\/index.php?rest_route=\/wp\/v2\/media\/21116"}],"wp:attachment":[{"href":"https:\/\/szslucnalc.sk\/index.php?rest_route=%2Fwp%2Fv2%2Fmedia&parent=21088"}],"wp:term":[{"taxonomy":"category","embeddable":true,"href":"https:\/\/szslucnalc.sk\/index.php?rest_route=%2Fwp%2Fv2%2Fcategories&post=21088"},{"taxonomy":"post_tag","embeddable":true,"href":"https:\/\/szslucnalc.sk\/index.php?rest_route=%2Fwp%2Fv2%2Ftags&post=21088"}],"curies":[{"name":"wp","href":"https:\/\/api.w.org\/{rel}","templated":true}]}}