{"id":2150,"date":"2017-09-27T07:09:47","date_gmt":"2017-09-27T05:09:47","guid":{"rendered":"https:\/\/szslucnalc.sk\/?p=2150"},"modified":"2017-09-27T07:09:47","modified_gmt":"2017-09-27T05:09:47","slug":"biela-pastelka","status":"publish","type":"post","link":"https:\/\/szslucnalc.sk\/?p=2150","title":{"rendered":"Biela pastelka"},"content":{"rendered":"<p dir=\"ltr\">Nie ka\u017ed\u00fd v \u017eivote m\u00e1 to \u0161\u0165astie a narod\u00ed sa zdrav\u00fd. Je mnoho \u013eud\u00ed, ktor\u00ed sa na tento svet musia pozera\u0165 cez okuliare. Av\u0161ak n\u00e1jdu sa aj tak\u00ed, ktor\u00ed nem\u00f4\u017eu kr\u00e1su na\u0161ej Zeme vn\u00edma\u0165 zrakom a s\u00fa odk\u00e1zan\u00ed pou\u017e\u00edva\u0165 ostatn\u00e9 zmyslov\u00e9 org\u00e1ny.<br \/>\nPom\u00f4c\u0165 t\u00fdmto \u013eu\u010fom sme sa rozhodli aj my tretiaci. Spolo\u010dne s \u00daniou nevidiacich a slabozrak\u00fdch Slovenska sme sa d\u0148a 22.9.2017 na r\u00f4znych stanovi\u0161tiach v meste Lu\u010denec sna\u017eili vyzbiera\u0165 prostriedky na financovanie aktiv\u00edt, ktor\u00e9 t\u00fdmto \u013eu\u010fom pom\u00e1haj\u00fa za\u010dleni\u0165 sa do be\u017en\u00e9ho \u017eivota. Peniaze bud\u00fa pou\u017eit\u00e9 aj na \u0161peci\u00e1lne rehabilita\u010dn\u00e9 programy zameran\u00e9 na tr\u00e9ning ch\u00f4dze s bielou palicou, \u010d\u00edtanie Braillovho slepeck\u00e9ho p\u00edsma a mnoho in\u00e9ho.<br \/>\nZ\u00e1rove\u0148 sme sa sna\u017eili verejnos\u0165 obozn\u00e1mi\u0165 s probl\u00e9mami slabozrak\u00fdch a nevidiacich a boli sme milo prekvapen\u00ed, \u017ee sa na\u0161li \u013eudia, ktor\u00ed presne vedeli, o \u010do ide, a\u00a0u\u017e vopred boli obozn\u00e1men\u00ed s cel\u00fdm projektom.<br \/>\n\u010eakujeme v\u0161etk\u00fdm, ktor\u00ed sa rozhodli pom\u00f4c\u0165 a\u00a0prispeli finan\u010dne alebo tak, \u017ee o\u00a0dan\u00fa problematiku prejavili z\u00e1ujem.<\/p>\n<p dir=\"ltr\">S.Kov\u00e1\u010dikov\u00e1<br \/>\n3.B<\/p>\n","protected":false},"excerpt":{"rendered":"<p>Nie ka&#382;d&yacute; v &#382;ivote m&aacute; to &scaron;&#357;astie a narod&iacute; sa zdrav&yacute;. Je mnoho &#318;ud&iacute;, ktor&iacute; sa na tento svet musia pozera&#357; cez okuliare. Av&scaron;ak n&aacute;jdu sa<span class=\"excerpt-hellip\"> [\u2026]<\/span><\/p>\n","protected":false},"author":2,"featured_media":2151,"comment_status":"closed","ping_status":"closed","sticky":false,"template":"","format":"image","meta":{"footnotes":""},"categories":[6],"tags":[],"class_list":["post-2150","post","type-post","status-publish","format-image","has-post-thumbnail","hentry","category-charita","post_format-post-format-image"],"aioseo_notices":[],"_links":{"self":[{"href":"https:\/\/szslucnalc.sk\/index.php?rest_route=\/wp\/v2\/posts\/2150","targetHints":{"allow":["GET"]}}],"collection":[{"href":"https:\/\/szslucnalc.sk\/index.php?rest_route=\/wp\/v2\/posts"}],"about":[{"href":"https:\/\/szslucnalc.sk\/index.php?rest_route=\/wp\/v2\/types\/post"}],"author":[{"embeddable":true,"href":"https:\/\/szslucnalc.sk\/index.php?rest_route=\/wp\/v2\/users\/2"}],"replies":[{"embeddable":true,"href":"https:\/\/szslucnalc.sk\/index.php?rest_route=%2Fwp%2Fv2%2Fcomments&post=2150"}],"version-history":[{"count":1,"href":"https:\/\/szslucnalc.sk\/index.php?rest_route=\/wp\/v2\/posts\/2150\/revisions"}],"predecessor-version":[{"id":2152,"href":"https:\/\/szslucnalc.sk\/index.php?rest_route=\/wp\/v2\/posts\/2150\/revisions\/2152"}],"wp:featuredmedia":[{"embeddable":true,"href":"https:\/\/szslucnalc.sk\/index.php?rest_route=\/wp\/v2\/media\/2151"}],"wp:attachment":[{"href":"https:\/\/szslucnalc.sk\/index.php?rest_route=%2Fwp%2Fv2%2Fmedia&parent=2150"}],"wp:term":[{"taxonomy":"category","embeddable":true,"href":"https:\/\/szslucnalc.sk\/index.php?rest_route=%2Fwp%2Fv2%2Fcategories&post=2150"},{"taxonomy":"post_tag","embeddable":true,"href":"https:\/\/szslucnalc.sk\/index.php?rest_route=%2Fwp%2Fv2%2Ftags&post=2150"}],"curies":[{"name":"wp","href":"https:\/\/api.w.org\/{rel}","templated":true}]}}