{"id":24970,"date":"2024-03-22T19:57:20","date_gmt":"2024-03-22T18:57:20","guid":{"rendered":"https:\/\/szslucnalc.sk\/?p=24970"},"modified":"2024-03-22T19:57:22","modified_gmt":"2024-03-22T18:57:22","slug":"svetovy-den-hemofilie-kralovska-choroba","status":"publish","type":"post","link":"https:\/\/szslucnalc.sk\/?p=24970","title":{"rendered":"Svetov\u00fd de\u0148 hemof\u00edlie -Kr\u00e1\u013eovsk\u00e1 choroba!"},"content":{"rendered":"\n<p>Pomenovanie \u201e<strong>kr\u00e1\u013eovsk\u00e1 choroba<\/strong>\u201c dostala hemof\u00edlia pod\u013ea najzn\u00e1mej\u0161ej nosite\u013eky hemof\u00edlie anglickej <strong>kr\u00e1\u013eovnej Vikt\u00f3rii. \u00c1no, ke\u010f hovor\u00edme o\u00a0hemof\u00edlii <\/strong>ochorenie pren\u00e1\u0161aj\u00fa zdrav\u00e9 \u017eeny, no trpia \u0148ou mu\u017esk\u00ed potomkovia rodiny. Hemof\u00edlia je vroden\u00e1 krv\u00e1cav\u00e1 choroba. Ide o genetick\u00fa poruchu, ktor\u00e1 sp\u00f4sobuje nedostato\u010dn\u00fa zr\u00e1\u017eanlivos\u0165 krvi a\u00a0neschopnos\u0165 zastavenia krv\u00e1cania po poranen\u00ed. Pri pr\u00edle\u017eitosti <strong>Svetov\u00e9ho d\u0148a hemof\u00edlie <\/strong>sa na\u0161i \u017eiaci III.A a\u00a0III.B triedy z\u00fa\u010dastnili verejnej zbierky, ktor\u00fa organizovalo Slovensk\u00e9 hemofilick\u00e9 zdru\u017eenie (SHZ) v\u00a0d\u0148och 21. a\u00a022.3.2024 a\u00a0prebiehala v\u00a0obchodnom dome Tesco Lu\u010denec. Vyzbieran\u00e9 finan\u010dn\u00e9 prostriedky s\u00fa ur\u010den\u00e9 na pr\u00edpravu a realiz\u00e1ciu rehabilita\u010dno \u2013 rekondi\u010dn\u00fdch pobytov pre hemofilikov spojen\u00fa so vzdel\u00e1van\u00edm, na podporu programov prevencie, lie\u010dby vroden\u00fdch krv\u00e1cav\u00fdch ochoren\u00ed, poradenskej, psychosoci\u00e1lnej pomoci, na vybudovanie rehabilita\u010dn\u00e9ho centra organiz\u00e1cie a na podporu \u010dinnosti pacientom s vroden\u00fdm krv\u00e1cav\u00fdm ochoren\u00edm a ich rodin\u00e1m na \u00fazem\u00ed Slovenskej republiky.<\/p>\n\n\n\n<p>\u010eakujeme v\u00a0mene zdru\u017eenia v\u0161etk\u00fdm, ktor\u00ed finan\u010dne prispeli, ale aj t\u00fdm, ktor\u00ed sa aspo\u0148 na chv\u00ed\u013eu pristavili a\u00a0prejavili z\u00e1ujem o\u00a0inform\u00e1cie o\u00a0tomto ochoren\u00ed. <\/p>\n\n\n\n<p class=\"has-text-align-right\">Mgr. Stanislava Krn\u00e1\u010dov\u00e1<\/p>\n\n\n\n<figure class=\"wp-block-gallery has-nested-images columns-default is-cropped wp-block-gallery-1 is-layout-flex wp-block-gallery-is-layout-flex\">\n<figure class=\"wp-block-image size-large\"><a href=\"https:\/\/szslucnalc.sk\/wp-content\/uploads\/2024\/03\/432664740_913518517441789_7695340010684725883_n-1-scaled.jpg\"><img loading=\"lazy\" decoding=\"async\" width=\"1024\" height=\"771\" data-id=\"24974\" src=\"https:\/\/szslucnalc.sk\/wp-content\/uploads\/2024\/03\/432664740_913518517441789_7695340010684725883_n-1-1024x771.jpg\" alt=\"\" class=\"wp-image-24974\" srcset=\"https:\/\/szslucnalc.sk\/wp-content\/uploads\/2024\/03\/432664740_913518517441789_7695340010684725883_n-1-1024x771.jpg 1024w, https:\/\/szslucnalc.sk\/wp-content\/uploads\/2024\/03\/432664740_913518517441789_7695340010684725883_n-1-300x226.jpg 300w, https:\/\/szslucnalc.sk\/wp-content\/uploads\/2024\/03\/432664740_913518517441789_7695340010684725883_n-1-768x578.jpg 768w, https:\/\/szslucnalc.sk\/wp-content\/uploads\/2024\/03\/432664740_913518517441789_7695340010684725883_n-1-1536x1156.jpg 1536w, https:\/\/szslucnalc.sk\/wp-content\/uploads\/2024\/03\/432664740_913518517441789_7695340010684725883_n-1-2048x1542.jpg 2048w, https:\/\/szslucnalc.sk\/wp-content\/uploads\/2024\/03\/432664740_913518517441789_7695340010684725883_n-1-100x75.jpg 100w, https:\/\/szslucnalc.sk\/wp-content\/uploads\/2024\/03\/432664740_913518517441789_7695340010684725883_n-1-960x723.jpg 960w, https:\/\/szslucnalc.sk\/wp-content\/uploads\/2024\/03\/432664740_913518517441789_7695340010684725883_n-1-638x480.jpg 638w, https:\/\/szslucnalc.sk\/wp-content\/uploads\/2024\/03\/432664740_913518517441789_7695340010684725883_n-1-480x361.jpg 480w\" sizes=\"auto, (max-width:767px) 480px, (max-width:1024px) 100vw, 1024px\" \/><\/a><\/figure>\n\n\n\n<figure class=\"wp-block-image size-large\"><a href=\"https:\/\/szslucnalc.sk\/wp-content\/uploads\/2024\/03\/432357022_1137016504415204_5794563099128988123_n-1-scaled.jpg\"><img loading=\"lazy\" decoding=\"async\" width=\"1024\" height=\"771\" data-id=\"24973\" src=\"https:\/\/szslucnalc.sk\/wp-content\/uploads\/2024\/03\/432357022_1137016504415204_5794563099128988123_n-1-1024x771.jpg\" alt=\"\" class=\"wp-image-24973\" srcset=\"https:\/\/szslucnalc.sk\/wp-content\/uploads\/2024\/03\/432357022_1137016504415204_5794563099128988123_n-1-1024x771.jpg 1024w, https:\/\/szslucnalc.sk\/wp-content\/uploads\/2024\/03\/432357022_1137016504415204_5794563099128988123_n-1-300x226.jpg 300w, https:\/\/szslucnalc.sk\/wp-content\/uploads\/2024\/03\/432357022_1137016504415204_5794563099128988123_n-1-768x578.jpg 768w, https:\/\/szslucnalc.sk\/wp-content\/uploads\/2024\/03\/432357022_1137016504415204_5794563099128988123_n-1-1536x1156.jpg 1536w, https:\/\/szslucnalc.sk\/wp-content\/uploads\/2024\/03\/432357022_1137016504415204_5794563099128988123_n-1-2048x1542.jpg 2048w, https:\/\/szslucnalc.sk\/wp-content\/uploads\/2024\/03\/432357022_1137016504415204_5794563099128988123_n-1-100x75.jpg 100w, https:\/\/szslucnalc.sk\/wp-content\/uploads\/2024\/03\/432357022_1137016504415204_5794563099128988123_n-1-960x723.jpg 960w, https:\/\/szslucnalc.sk\/wp-content\/uploads\/2024\/03\/432357022_1137016504415204_5794563099128988123_n-1-638x480.jpg 638w, https:\/\/szslucnalc.sk\/wp-content\/uploads\/2024\/03\/432357022_1137016504415204_5794563099128988123_n-1-480x361.jpg 480w\" sizes=\"auto, (max-width:767px) 480px, (max-width:1024px) 100vw, 1024px\" \/><\/a><\/figure>\n<\/figure>\n","protected":false},"excerpt":{"rendered":"<p>Pomenovanie &bdquo;kr&aacute;&#318;ovsk&aacute; choroba&ldquo; dostala hemof&iacute;lia pod&#318;a najzn&aacute;mej&scaron;ej nosite&#318;ky hemof&iacute;lie anglickej kr&aacute;&#318;ovnej Vikt&oacute;rii. &Aacute;no, ke&#271; hovor&iacute;me o&nbsp;hemof&iacute;lii ochorenie pren&aacute;&scaron;aj&uacute; zdrav&eacute; &#382;eny, no trpia &#328;ou mu&#382;sk&iacute; potomkovia rodiny.<span class=\"excerpt-hellip\"> [\u2026]<\/span><\/p>\n","protected":false},"author":1001014,"featured_media":24974,"comment_status":"closed","ping_status":"closed","sticky":false,"template":"","format":"standard","meta":{"footnotes":""},"categories":[7],"tags":[],"class_list":["post-24970","post","type-post","status-publish","format-standard","has-post-thumbnail","hentry","category-profesia"],"aioseo_notices":[],"_links":{"self":[{"href":"https:\/\/szslucnalc.sk\/index.php?rest_route=\/wp\/v2\/posts\/24970","targetHints":{"allow":["GET"]}}],"collection":[{"href":"https:\/\/szslucnalc.sk\/index.php?rest_route=\/wp\/v2\/posts"}],"about":[{"href":"https:\/\/szslucnalc.sk\/index.php?rest_route=\/wp\/v2\/types\/post"}],"author":[{"embeddable":true,"href":"https:\/\/szslucnalc.sk\/index.php?rest_route=\/wp\/v2\/users\/1001014"}],"replies":[{"embeddable":true,"href":"https:\/\/szslucnalc.sk\/index.php?rest_route=%2Fwp%2Fv2%2Fcomments&post=24970"}],"version-history":[{"count":1,"href":"https:\/\/szslucnalc.sk\/index.php?rest_route=\/wp\/v2\/posts\/24970\/revisions"}],"predecessor-version":[{"id":24975,"href":"https:\/\/szslucnalc.sk\/index.php?rest_route=\/wp\/v2\/posts\/24970\/revisions\/24975"}],"wp:featuredmedia":[{"embeddable":true,"href":"https:\/\/szslucnalc.sk\/index.php?rest_route=\/wp\/v2\/media\/24974"}],"wp:attachment":[{"href":"https:\/\/szslucnalc.sk\/index.php?rest_route=%2Fwp%2Fv2%2Fmedia&parent=24970"}],"wp:term":[{"taxonomy":"category","embeddable":true,"href":"https:\/\/szslucnalc.sk\/index.php?rest_route=%2Fwp%2Fv2%2Fcategories&post=24970"},{"taxonomy":"post_tag","embeddable":true,"href":"https:\/\/szslucnalc.sk\/index.php?rest_route=%2Fwp%2Fv2%2Ftags&post=24970"}],"curies":[{"name":"wp","href":"https:\/\/api.w.org\/{rel}","templated":true}]}}