{"id":25334,"date":"2024-04-11T14:15:39","date_gmt":"2024-04-11T12:15:39","guid":{"rendered":"https:\/\/szslucnalc.sk\/?p=25334"},"modified":"2024-04-11T14:17:52","modified_gmt":"2024-04-11T12:17:52","slug":"zadychaj-sa-s-nami","status":"publish","type":"post","link":"https:\/\/szslucnalc.sk\/?p=25334","title":{"rendered":"ZAD\u00ddCHAJ SA S NAMI\u2026"},"content":{"rendered":"\n<p>M\u00e1loktor\u00ed z&nbsp;n\u00e1s do dne\u0161n\u00e9ho d\u0148a 11.apr\u00edla 2024 by vedel op\u00edsa\u0165 skratku PAH. V\u010faka p. predsedn\u00ed\u010dke Zdru\u017eenia pacientov s&nbsp;p\u013e\u00facnou hypertenziou Mgr. Ivetke Makovn\u00edkovej a&nbsp;podpredsedn\u00ed\u010dke Ing. Janky Gur\u00e1\u0148ovej sme sa dozvedeli o&nbsp;tomto ochoren\u00ed. Ve\u013emi podnetn\u00e1 predn\u00e1\u0161ka z&nbsp;\u00fast b\u00fdval\u00fdch pacientiek s&nbsp;touto diagn\u00f3zou \u2013 teraz u\u017e 13 rok po transplant\u00e1ci\u00e1ch p\u013e\u00fac n\u00e1s dojala a\u017e k slz\u00e1m.&nbsp; Ich&nbsp; ne\u013eahk\u00e1 \u017eivotn\u00e1 cesta n\u00e1s don\u00fatila rozm\u00fd\u0161\u013ea\u0165 nad hodnotami zdravia. Pacienti s&nbsp;PAH s\u00fa s\u00edce napadnut\u00ed&#8230;,bojuj\u00faci&#8230;,zad\u00fdchan\u00ed&#8230;,izolovan\u00ed, ale st\u00e1le odhodlan\u00ed a&nbsp;trpezliv\u00ed a&nbsp;mo\u017eno bl\u00edzko n\u00e1s. Pre milovn\u00edkov turistiky ka\u017edoro\u010dne organizuje Zdru\u017eenie s PH v\u00fdstup na vrcholy slovensk\u00fdch h\u00f4r. Aj tento rok v\u0161etk\u00fdch srde\u010dne poz\u00fdvaj\u00fa 18.05.2024 na vrch Min\u010dol v&nbsp;pohor\u00ed Malej Fatry.<\/p>\n\n\n\n<p>\u010eakujeme za pozvanie, aj perfektn\u00fa besedu.<br>Tretiaci<\/p>\n\n\n\n<p><\/p>\n\n\n\n<p class=\"has-text-align-right\"><\/p>\n","protected":false},"excerpt":{"rendered":"<p>M&aacute;loktor&iacute; z&nbsp;n&aacute;s do dne&scaron;n&eacute;ho d&#328;a 11.apr&iacute;la 2024 by vedel op&iacute;sa&#357; skratku PAH. V&#271;aka p. predsedn&iacute;&#269;ke Zdru&#382;enia pacientov s&nbsp;p&#318;&uacute;cnou hypertenziou Mgr. Ivetke Makovn&iacute;kovej a&nbsp;podpredsedn&iacute;&#269;ke Ing. Janky Gur&aacute;&#328;ovej<span class=\"excerpt-hellip\"> [\u2026]<\/span><\/p>\n","protected":false},"author":1001014,"featured_media":25345,"comment_status":"closed","ping_status":"closed","sticky":false,"template":"","format":"standard","meta":{"footnotes":""},"categories":[8,7],"tags":[],"class_list":["post-25334","post","type-post","status-publish","format-standard","has-post-thumbnail","hentry","category-ine","category-profesia"],"aioseo_notices":[],"_links":{"self":[{"href":"https:\/\/szslucnalc.sk\/index.php?rest_route=\/wp\/v2\/posts\/25334","targetHints":{"allow":["GET"]}}],"collection":[{"href":"https:\/\/szslucnalc.sk\/index.php?rest_route=\/wp\/v2\/posts"}],"about":[{"href":"https:\/\/szslucnalc.sk\/index.php?rest_route=\/wp\/v2\/types\/post"}],"author":[{"embeddable":true,"href":"https:\/\/szslucnalc.sk\/index.php?rest_route=\/wp\/v2\/users\/1001014"}],"replies":[{"embeddable":true,"href":"https:\/\/szslucnalc.sk\/index.php?rest_route=%2Fwp%2Fv2%2Fcomments&post=25334"}],"version-history":[{"count":2,"href":"https:\/\/szslucnalc.sk\/index.php?rest_route=\/wp\/v2\/posts\/25334\/revisions"}],"predecessor-version":[{"id":25349,"href":"https:\/\/szslucnalc.sk\/index.php?rest_route=\/wp\/v2\/posts\/25334\/revisions\/25349"}],"wp:featuredmedia":[{"embeddable":true,"href":"https:\/\/szslucnalc.sk\/index.php?rest_route=\/wp\/v2\/media\/25345"}],"wp:attachment":[{"href":"https:\/\/szslucnalc.sk\/index.php?rest_route=%2Fwp%2Fv2%2Fmedia&parent=25334"}],"wp:term":[{"taxonomy":"category","embeddable":true,"href":"https:\/\/szslucnalc.sk\/index.php?rest_route=%2Fwp%2Fv2%2Fcategories&post=25334"},{"taxonomy":"post_tag","embeddable":true,"href":"https:\/\/szslucnalc.sk\/index.php?rest_route=%2Fwp%2Fv2%2Ftags&post=25334"}],"curies":[{"name":"wp","href":"https:\/\/api.w.org\/{rel}","templated":true}]}}