{"id":25351,"date":"2024-04-16T07:52:53","date_gmt":"2024-04-16T05:52:53","guid":{"rendered":"https:\/\/szslucnalc.sk\/?p=25351"},"modified":"2024-04-16T07:52:55","modified_gmt":"2024-04-16T05:52:55","slug":"ziskali-sme-2-ceny-v-banskej-bystrici","status":"publish","type":"post","link":"https:\/\/szslucnalc.sk\/?p=25351","title":{"rendered":"Z\u00edskali sme 2 ceny v\u00a0Banskej Bystrici&#8230;"},"content":{"rendered":"\n<p>&#8230;na VIII. celo\u0161kolskej konferencii \u017eiakov \u0161tudijn\u00e9ho odboru praktick\u00e1 sestra na t\u00e9mu Imobiliza\u010dn\u00fd syndr\u00f3m. T\u00e1to konferencia sa konala 11.4.2024 na SZ\u0160 v&nbsp;Banskej Bystrici, z\u00fa\u010dastnili sa jej tretiaci Maxim Li\u010dko z&nbsp;3.A a&nbsp;Karin Gy\u04e7rgyov\u00e1 z&nbsp;3. B. T\u00edto \u0161tudenti, nielen\u017ee prezent\u00e1ciu odprezentovali, ale sa konkr\u00e9tnej klientke v&nbsp;ZSS Ambra mesiac na praxi intenz\u00edvne venovali a&nbsp;dosiahli pri k\u0155men\u00ed klientky skvel\u00e9 v\u00fdsledky. A&nbsp;skvel\u00e9 v\u00fdsledky&nbsp; dosiahli aj na konferencii, z\u00edskali 3. miesto&nbsp; a&nbsp;\u0161peci\u00e1lnu cenu, ktorou ich ohodnotili hlasuj\u00faci \u017eiaci. Na prvom mieste sa umiestnili \u017eia\u010dky zo SZ\u0160 Liptovsk\u00fd Mikul\u00e1\u0161 a&nbsp;druh\u00e9 miesto z\u00edskali \u017eia\u010dky zo SZ\u0160&nbsp; \u010cadca. Blaho\u017eel\u00e1me\ud83d\ude0a\ud83d\ude0a\ud83d\ude0a&nbsp;&nbsp;&nbsp;<\/p>\n\n\n\n<p>&nbsp;&nbsp;&nbsp;&nbsp;&nbsp;&nbsp;&nbsp;&nbsp;&nbsp;&nbsp;&nbsp;&nbsp;&nbsp;&nbsp;&nbsp;&nbsp;&nbsp;&nbsp;&nbsp;&nbsp;&nbsp;&nbsp;&nbsp;&nbsp;&nbsp;&nbsp;&nbsp;&nbsp;&nbsp;&nbsp;&nbsp;&nbsp;&nbsp;&nbsp;&nbsp;&nbsp;&nbsp;&nbsp;&nbsp;&nbsp;&nbsp;&nbsp;&nbsp;&nbsp;&nbsp;&nbsp;&nbsp;&nbsp;&nbsp;&nbsp;&nbsp;&nbsp;&nbsp;&nbsp;&nbsp;&nbsp;&nbsp;&nbsp;&nbsp;&nbsp;&nbsp;&nbsp;&nbsp;&nbsp;&nbsp;&nbsp;&nbsp;&nbsp;&nbsp;&nbsp;&nbsp;&nbsp;&nbsp;&nbsp;&nbsp;&nbsp;&nbsp;&nbsp;&nbsp;&nbsp;&nbsp;&nbsp;&nbsp;&nbsp;&nbsp;&nbsp;&nbsp;&nbsp;&nbsp;&nbsp;&nbsp;&nbsp;&nbsp;&nbsp;&nbsp;&nbsp;&nbsp;&nbsp;&nbsp;&nbsp;&nbsp;&nbsp;&nbsp;&nbsp;&nbsp;&nbsp;&nbsp;&nbsp;&nbsp;&nbsp;&nbsp;&nbsp;&nbsp;&nbsp;&nbsp;&nbsp;&nbsp;&nbsp;&nbsp;&nbsp;&nbsp;&nbsp;&nbsp; Mgr. Da\u0161a Mur\u00ednov\u00e1<\/p>\n","protected":false},"excerpt":{"rendered":"<p>&hellip;na VIII. celo&scaron;kolskej konferencii &#382;iakov &scaron;tudijn&eacute;ho odboru praktick&aacute; sestra na t&eacute;mu Imobiliza&#269;n&yacute; syndr&oacute;m. T&aacute;to konferencia sa konala 11.4.2024 na SZ&Scaron; v&nbsp;Banskej Bystrici, z&uacute;&#269;astnili sa jej tretiaci<span class=\"excerpt-hellip\"> [\u2026]<\/span><\/p>\n","protected":false},"author":1001014,"featured_media":25353,"comment_status":"closed","ping_status":"closed","sticky":false,"template":"","format":"standard","meta":{"footnotes":""},"categories":[8,7],"tags":[],"class_list":["post-25351","post","type-post","status-publish","format-standard","has-post-thumbnail","hentry","category-ine","category-profesia"],"aioseo_notices":[],"_links":{"self":[{"href":"https:\/\/szslucnalc.sk\/index.php?rest_route=\/wp\/v2\/posts\/25351","targetHints":{"allow":["GET"]}}],"collection":[{"href":"https:\/\/szslucnalc.sk\/index.php?rest_route=\/wp\/v2\/posts"}],"about":[{"href":"https:\/\/szslucnalc.sk\/index.php?rest_route=\/wp\/v2\/types\/post"}],"author":[{"embeddable":true,"href":"https:\/\/szslucnalc.sk\/index.php?rest_route=\/wp\/v2\/users\/1001014"}],"replies":[{"embeddable":true,"href":"https:\/\/szslucnalc.sk\/index.php?rest_route=%2Fwp%2Fv2%2Fcomments&post=25351"}],"version-history":[{"count":1,"href":"https:\/\/szslucnalc.sk\/index.php?rest_route=\/wp\/v2\/posts\/25351\/revisions"}],"predecessor-version":[{"id":25352,"href":"https:\/\/szslucnalc.sk\/index.php?rest_route=\/wp\/v2\/posts\/25351\/revisions\/25352"}],"wp:featuredmedia":[{"embeddable":true,"href":"https:\/\/szslucnalc.sk\/index.php?rest_route=\/wp\/v2\/media\/25353"}],"wp:attachment":[{"href":"https:\/\/szslucnalc.sk\/index.php?rest_route=%2Fwp%2Fv2%2Fmedia&parent=25351"}],"wp:term":[{"taxonomy":"category","embeddable":true,"href":"https:\/\/szslucnalc.sk\/index.php?rest_route=%2Fwp%2Fv2%2Fcategories&post=25351"},{"taxonomy":"post_tag","embeddable":true,"href":"https:\/\/szslucnalc.sk\/index.php?rest_route=%2Fwp%2Fv2%2Ftags&post=25351"}],"curies":[{"name":"wp","href":"https:\/\/api.w.org\/{rel}","templated":true}]}}