{"id":25659,"date":"2024-05-06T09:52:20","date_gmt":"2024-05-06T07:52:20","guid":{"rendered":"https:\/\/szslucnalc.sk\/?p=25659"},"modified":"2024-05-06T09:52:22","modified_gmt":"2024-05-06T07:52:22","slug":"90-dni-v-raji","status":"publish","type":"post","link":"https:\/\/szslucnalc.sk\/?p=25659","title":{"rendered":"90 dn\u00ed v raji\u2026"},"content":{"rendered":"\n<p>V\u010faka programu Erasmus+ sme sa vedeli zapoji\u0165 na dlhodob\u00fa mobilitu pr\u00e1ve do \u0161panielskeho mesta M\u00e1laga. Spomedzi v\u0161etk\u00fdch tretiakov sme napokon boli vybran\u00ed my, Vikt\u00f3ria Nina Katreniakov\u00e1 a Maxim Li\u010dko. Na\u0161a cesta sa za\u010dala 1.M\u00e1ja kedy sme do M\u00e1lagy prileteli z Budape\u0161ti s na\u0161ou sprev\u00e1dzaj\u00facou profesorkou Miroslavou Sekulovou a z\u00e1rove\u0148 projektovou koordin\u00e1torkou. Po prist\u00e1t\u00ed v neskor\u00fdch no\u010dn\u00fdch hodin\u00e1ch sme sa r\u00fdchlo \u0161li ubytova\u0165. Nasleduj\u00faci de\u0148 n\u00e1s \u010dakala t\u00fara M\u00e1lagy, ktor\u00e1 bola zakon\u010den\u00e1 n\u00e1v\u0161tevou pl\u00e1\u017ee. V piatok na\u0161e kroky viedli na miesto, kde budeme nasleduj\u00face 3 mesiace pracova\u0165, AFA M\u00e1laga. AFA M\u00e1laga je zariadenie na poskytovanie starostlivosti pre \u013eud\u00ed trpiacich Alzheimerom a in\u00fdmi druhmi demencie. Zariadenie je rozdelen\u00e9 na niekolko \u010dast\u00ed odl\u00ed\u0161en\u00e9 r\u00f4znymi farbami pre lep\u0161iu orient\u00e1ciu, na ktor\u00e9 s\u00fa klienti pridelen\u00ed pod\u013ea z\u00e1va\u017enosti zdravotn\u00e9ho stavu. O\u010daril n\u00e1s najm\u00e4 kr\u00e1sne \u013eudsk\u00fd pr\u00edstup person\u00e1lu ku klientom, kde bude rados\u0165\u00a0pracova\u0165.<\/p>\n\n\n\n<p>V sobotu na\u0161a cesta viedla do mesta Nerja, ktor\u00e9 je pln\u00e9 n\u00e1dhern\u00fdch pl\u00e1\u017e\u00ed. Nach\u00e1dza sa hodinu od Mal\u00e1gi. Ani my sme nevedeli odola\u0165 tej vode a rozhodli sme sa napriek ni\u017e\u0161ej teploty ok\u00fapa\u0165 sa. V nede\u013eu n\u00e1s o\u010daril hrad Gibralfar, ktor\u00fd pon\u00faka n\u00e1dhern\u00e9 a nezabudnute\u013en\u00e9 v\u00fdh\u013eady na M\u00e1lagu. Po t\u00fdchto kr\u00e1snych p\u00e1r d\u0148och sa v\u0161ak pani profesorka Sekulov\u00e1 musela vr\u00e1ti\u0165 nasp\u00e4\u0165 domov. Aj za tento kr\u00e1tky \u010das sme si dok\u00e1zali toto mesto zamilova\u0165, od jej kult\u00fary, hist\u00f3rie, jedla a\u017e po tie n\u00e1dhern\u00e9 pl\u00e1\u017ee. Sme v\u010fa\u010dn\u00ed programu Erasmus +, \u017ee n\u00e1m poskytol tak\u00fato pr\u00edle\u017eitos\u0165. \u010cak\u00e1 n\u00e1s u\u017e len 85 dn\u00ed v M\u00e1laga, tak n\u00e1m dr\u017ete palce!<\/p>\n\n\n\n<p>M.Li\u010dko, V.N.Katreniakov\u00e1<\/p>\n","protected":false},"excerpt":{"rendered":"<p>V&#271;aka programu Erasmus+ sme sa vedeli zapoji&#357; na dlhodob&uacute; mobilitu pr&aacute;ve do &scaron;panielskeho mesta M&aacute;laga. Spomedzi v&scaron;etk&yacute;ch tretiakov sme napokon boli vybran&iacute; my, Vikt&oacute;ria Nina Katreniakov&aacute;<span class=\"excerpt-hellip\"> [\u2026]<\/span><\/p>\n","protected":false},"author":1001014,"featured_media":25687,"comment_status":"closed","ping_status":"closed","sticky":false,"template":"","format":"standard","meta":{"footnotes":""},"categories":[7,5],"tags":[],"class_list":["post-25659","post","type-post","status-publish","format-standard","has-post-thumbnail","hentry","category-profesia","category-zahranicne"],"aioseo_notices":[],"_links":{"self":[{"href":"https:\/\/szslucnalc.sk\/index.php?rest_route=\/wp\/v2\/posts\/25659","targetHints":{"allow":["GET"]}}],"collection":[{"href":"https:\/\/szslucnalc.sk\/index.php?rest_route=\/wp\/v2\/posts"}],"about":[{"href":"https:\/\/szslucnalc.sk\/index.php?rest_route=\/wp\/v2\/types\/post"}],"author":[{"embeddable":true,"href":"https:\/\/szslucnalc.sk\/index.php?rest_route=\/wp\/v2\/users\/1001014"}],"replies":[{"embeddable":true,"href":"https:\/\/szslucnalc.sk\/index.php?rest_route=%2Fwp%2Fv2%2Fcomments&post=25659"}],"version-history":[{"count":1,"href":"https:\/\/szslucnalc.sk\/index.php?rest_route=\/wp\/v2\/posts\/25659\/revisions"}],"predecessor-version":[{"id":25694,"href":"https:\/\/szslucnalc.sk\/index.php?rest_route=\/wp\/v2\/posts\/25659\/revisions\/25694"}],"wp:featuredmedia":[{"embeddable":true,"href":"https:\/\/szslucnalc.sk\/index.php?rest_route=\/wp\/v2\/media\/25687"}],"wp:attachment":[{"href":"https:\/\/szslucnalc.sk\/index.php?rest_route=%2Fwp%2Fv2%2Fmedia&parent=25659"}],"wp:term":[{"taxonomy":"category","embeddable":true,"href":"https:\/\/szslucnalc.sk\/index.php?rest_route=%2Fwp%2Fv2%2Fcategories&post=25659"},{"taxonomy":"post_tag","embeddable":true,"href":"https:\/\/szslucnalc.sk\/index.php?rest_route=%2Fwp%2Fv2%2Ftags&post=25659"}],"curies":[{"name":"wp","href":"https:\/\/api.w.org\/{rel}","templated":true}]}}