{"id":2623,"date":"2017-11-17T20:44:54","date_gmt":"2017-11-17T19:44:54","guid":{"rendered":"https:\/\/szslucnalc.sk\/?p=2623"},"modified":"2017-11-17T20:44:54","modified_gmt":"2017-11-17T19:44:54","slug":"doba-pred-a-po-novembri-1989","status":"publish","type":"post","link":"https:\/\/szslucnalc.sk\/?p=2623","title":{"rendered":"Doba pred a po &#8230; novembri 1989"},"content":{"rendered":"<p><strong><em>Revol\u00facia ne\u017en\u00e1, zamatov\u00e1&#8230;<\/em><\/strong><\/p>\n<p>Nesloboda \u2013 sloboda. Totalita \u2013 demokracia. \u010cierno- biele videnie sveta \u2013 mozaika pestr\u00fdch farieb.<\/p>\n<p>Ale aj&#8230; Cestovn\u00e9 z\u00e1lo\u017eky na vycestovanie do nieko\u013ek\u00fdch kraj\u00edn, dlh\u00e9 rady na pomaran\u010de, oble\u010denie na jedno kopyto, rusk\u00e9 filmy a\u00a0hudba. \u2013 A\u00a0dnes??? O\u00a0tom u\u017e asi p\u00edsa\u0165 netreba. To pozn\u00e1me.<\/p>\n<p>V\u00a0predve\u010der 17. novembra sme si na na\u0161ej \u0161kole pripomenuli tento ve\u013emi d\u00f4le\u017eit\u00fd medzn\u00edk modernej hist\u00f3rie- <em>De\u0148 boja za slobodu a demokraciu<\/em> besedou prv\u00e1kov s\u00a0p\u00e1nom riadite\u013eom Sekulom, pani z\u00e1stupky\u0148ou Urban\u010dokovou a\u00a0pani profesorkou Czakovou. Ich osobn\u00e1 sk\u00fasenos\u0165 s\u00a0dobou pred rokom 1989 a\u00a0samotn\u00fdmi udalos\u0165ami v\u00a0Novembri 1989 n\u00e1m pomohli vytvori\u0165 si obraz o\u00a0tejto \u0165a\u017ekej \u00a0dobe. S\u00fa\u010das\u0165ou pripomenutia si \u00a0\u0161t\u00e1tneho sviatku bola aj prezent\u00e1cia vo vestibule \u0161koly a film Ob\u010diansky preukaz. Asi budete s\u00fahlasi\u0165, \u017ee t\u00edned\u017eerstvo na\u0161ich rovesn\u00edkov vo filme n\u00e1m ni\u010d nehovorilo. Bu\u010fme radi, \u017ee \u017eijeme v\u00a0slobodnej dobe aj krajine. V\u00e1\u017eme si obete za na\u0161u slobodu a\u00a0demokraciu.<\/p>\n","protected":false},"excerpt":{"rendered":"<p>Revol&uacute;cia ne&#382;n&aacute;, zamatov&aacute;&hellip; Nesloboda &ndash; sloboda. Totalita &ndash; demokracia. &#268;ierno- biele videnie sveta &ndash; mozaika pestr&yacute;ch farieb. Ale aj&hellip; Cestovn&eacute; z&aacute;lo&#382;ky na vycestovanie do nieko&#318;k&yacute;ch kraj&iacute;n,<span class=\"excerpt-hellip\"> [\u2026]<\/span><\/p>\n","protected":false},"author":2,"featured_media":2624,"comment_status":"closed","ping_status":"closed","sticky":false,"template":"","format":"image","meta":{"footnotes":""},"categories":[8],"tags":[],"class_list":["post-2623","post","type-post","status-publish","format-image","has-post-thumbnail","hentry","category-ine","post_format-post-format-image"],"aioseo_notices":[],"aioseo_head":"\n\t\t<!-- All in One SEO 5.0.0.1 - aioseo.com -->\n\t<meta name=\"description\" content=\"Revol\u00facia ne\u017en\u00e1, zamatov\u00e1... Nesloboda \u2013 sloboda. Totalita \u2013 demokracia. \u010cierno- biele videnie sveta \u2013 mozaika pestr\u00fdch farieb. Ale aj... Cestovn\u00e9 z\u00e1lo\u017eky na vycestovanie do nieko\u013ek\u00fdch kraj\u00edn, dlh\u00e9 rady na pomaran\u010de, oble\u010denie na jedno kopyto, rusk\u00e9 filmy a hudba. \u2013 A dnes??? O tom u\u017e asi p\u00edsa\u0165 netreba. To pozn\u00e1me. V predve\u010der 17. novembra sme si na na\u0161ej \u0161kole pripomenuli\" \/>\n\t<meta name=\"robots\" content=\"max-image-preview:large\" \/>\n\t<meta name=\"author\" content=\"Miroslav Sekula\"\/>\n\t<link rel=\"canonical\" href=\"https:\/\/szslucnalc.sk\/?p=2623\" \/>\n\t<meta name=\"generator\" content=\"All in One SEO (AIOSEO) 5.0.0.1\" \/>\n\t\t<meta property=\"og:locale\" content=\"sk_SK\" \/>\n\t\t<meta property=\"og:site_name\" content=\"Stredn\u00e1 zdravotn\u00edcka \u0161kola Lu\u010denec - Stredn\u00e1 zdravotn\u00edcka \u0161kola\" \/>\n\t\t<meta property=\"og:type\" content=\"article\" \/>\n\t\t<meta property=\"og:title\" content=\"Doba pred a po \u2026 novembri 1989 - Stredn\u00e1 zdravotn\u00edcka \u0161kola Lu\u010denec\" \/>\n\t\t<meta property=\"og:description\" content=\"Revol\u00facia ne\u017en\u00e1, zamatov\u00e1... Nesloboda \u2013 sloboda. Totalita \u2013 demokracia. \u010cierno- biele videnie sveta \u2013 mozaika pestr\u00fdch farieb. Ale aj... Cestovn\u00e9 z\u00e1lo\u017eky na vycestovanie do nieko\u013ek\u00fdch kraj\u00edn, dlh\u00e9 rady na pomaran\u010de, oble\u010denie na jedno kopyto, rusk\u00e9 filmy a hudba. \u2013 A dnes??? O tom u\u017e asi p\u00edsa\u0165 netreba. To pozn\u00e1me. V predve\u010der 17. novembra sme si na na\u0161ej \u0161kole pripomenuli\" \/>\n\t\t<meta property=\"og:url\" content=\"https:\/\/szslucnalc.sk\/?p=2623\" \/>\n\t\t<meta property=\"og:image\" content=\"https:\/\/szslucnalc.sk\/wp-content\/uploads\/2017\/11\/nov-17.jpg\" \/>\n\t\t<meta property=\"og:image:secure_url\" content=\"https:\/\/szslucnalc.sk\/wp-content\/uploads\/2017\/11\/nov-17.jpg\" \/>\n\t\t<meta property=\"og:image:width\" content=\"1200\" \/>\n\t\t<meta property=\"og:image:height\" content=\"675\" \/>\n\t\t<meta property=\"article:published_time\" content=\"2017-11-17T19:44:54+00:00\" \/>\n\t\t<meta property=\"article:modified_time\" content=\"2017-11-17T19:44:54+00:00\" \/>\n\t\t<meta name=\"twitter:card\" content=\"summary_large_image\" \/>\n\t\t<meta name=\"twitter:title\" content=\"Doba pred a po \u2026 novembri 1989 - Stredn\u00e1 zdravotn\u00edcka \u0161kola Lu\u010denec\" \/>\n\t\t<meta name=\"twitter:description\" content=\"Revol\u00facia ne\u017en\u00e1, zamatov\u00e1... Nesloboda \u2013 sloboda. Totalita \u2013 demokracia. \u010cierno- biele videnie sveta \u2013 mozaika pestr\u00fdch farieb. Ale aj... Cestovn\u00e9 z\u00e1lo\u017eky na vycestovanie do nieko\u013ek\u00fdch kraj\u00edn, dlh\u00e9 rady na pomaran\u010de, oble\u010denie na jedno kopyto, rusk\u00e9 filmy a hudba. \u2013 A dnes??? O tom u\u017e asi p\u00edsa\u0165 netreba. To pozn\u00e1me. V predve\u010der 17. novembra sme si na na\u0161ej \u0161kole pripomenuli\" \/>\n\t\t<meta name=\"twitter:image\" content=\"https:\/\/szslucnalc.sk\/wp-content\/uploads\/2017\/11\/nov-17.jpg\" \/>\n\t\t<script type=\"application\/ld+json\" class=\"aioseo-schema\">\n\t\t\t{\"@context\":\"https:\\\/\\\/schema.org\",\"@graph\":[{\"@type\":\"BlogPosting\",\"@id\":\"https:\\\/\\\/szslucnalc.sk\\\/?p=2623#blogposting\",\"name\":\"Doba pred a po \\u2026 novembri 1989 - Stredn\\u00e1 zdravotn\\u00edcka \\u0161kola Lu\\u010denec\",\"headline\":\"Doba pred a po &#8230; novembri 1989\",\"author\":{\"@id\":\"https:\\\/\\\/szslucnalc.sk\\\/?author=2#author\"},\"publisher\":{\"@id\":\"https:\\\/\\\/szslucnalc.sk\\\/#organization\"},\"image\":{\"@type\":\"ImageObject\",\"url\":\"https:\\\/\\\/szslucnalc.sk\\\/wp-content\\\/uploads\\\/2017\\\/11\\\/nov-17.jpg\",\"width\":1200,\"height\":675},\"datePublished\":\"2017-11-17T20:44:54+01:00\",\"dateModified\":\"2017-11-17T20:44:54+01:00\",\"inLanguage\":\"sk-SK\",\"mainEntityOfPage\":{\"@id\":\"https:\\\/\\\/szslucnalc.sk\\\/?p=2623#webpage\"},\"isPartOf\":{\"@id\":\"https:\\\/\\\/szslucnalc.sk\\\/?p=2623#webpage\"},\"articleSection\":\"In\\u00e9, Obr\\u00e1zok\"},{\"@type\":\"BreadcrumbList\",\"@id\":\"https:\\\/\\\/szslucnalc.sk\\\/?p=2623#breadcrumblist\",\"itemListElement\":[{\"@type\":\"ListItem\",\"@id\":\"https:\\\/\\\/szslucnalc.sk#listItem\",\"position\":1,\"name\":\"Home\",\"item\":\"https:\\\/\\\/szslucnalc.sk\",\"nextItem\":{\"@type\":\"ListItem\",\"@id\":\"https:\\\/\\\/szslucnalc.sk\\\/?cat=8#listItem\",\"name\":\"In\\u00e9\"}},{\"@type\":\"ListItem\",\"@id\":\"https:\\\/\\\/szslucnalc.sk\\\/?cat=8#listItem\",\"position\":2,\"name\":\"In\\u00e9\",\"item\":\"https:\\\/\\\/szslucnalc.sk\\\/?cat=8\",\"nextItem\":{\"@type\":\"ListItem\",\"@id\":\"https:\\\/\\\/szslucnalc.sk\\\/?p=2623#listItem\",\"name\":\"Doba pred a po &#8230; novembri 1989\"},\"previousItem\":{\"@type\":\"ListItem\",\"@id\":\"https:\\\/\\\/szslucnalc.sk#listItem\",\"name\":\"Home\"}},{\"@type\":\"ListItem\",\"@id\":\"https:\\\/\\\/szslucnalc.sk\\\/?p=2623#listItem\",\"position\":3,\"name\":\"Doba pred a po &#8230; novembri 1989\",\"previousItem\":{\"@type\":\"ListItem\",\"@id\":\"https:\\\/\\\/szslucnalc.sk\\\/?cat=8#listItem\",\"name\":\"In\\u00e9\"}}]},{\"@type\":\"Organization\",\"@id\":\"https:\\\/\\\/szslucnalc.sk\\\/#organization\",\"name\":\"Stredn\\u00e1 zdravotn\\u00edcka \\u0161kola Lu\\u010denec\",\"description\":\"Stredn\\u00e1 zdravotn\\u00edcka \\u0161kola\",\"url\":\"https:\\\/\\\/szslucnalc.sk\\\/\"},{\"@type\":\"Person\",\"@id\":\"https:\\\/\\\/szslucnalc.sk\\\/?author=2#author\",\"url\":\"https:\\\/\\\/szslucnalc.sk\\\/?author=2\",\"name\":\"Miroslav Sekula\"},{\"@type\":\"WebPage\",\"@id\":\"https:\\\/\\\/szslucnalc.sk\\\/?p=2623#webpage\",\"url\":\"https:\\\/\\\/szslucnalc.sk\\\/?p=2623\",\"name\":\"Doba pred a po \\u2026 novembri 1989 - Stredn\\u00e1 zdravotn\\u00edcka \\u0161kola Lu\\u010denec\",\"description\":\"Revol\\u00facia ne\\u017en\\u00e1, zamatov\\u00e1... Nesloboda \\u2013 sloboda. Totalita \\u2013 demokracia. \\u010cierno- biele videnie sveta \\u2013 mozaika pestr\\u00fdch farieb. Ale aj... Cestovn\\u00e9 z\\u00e1lo\\u017eky na vycestovanie do nieko\\u013ek\\u00fdch kraj\\u00edn, dlh\\u00e9 rady na pomaran\\u010de, oble\\u010denie na jedno kopyto, rusk\\u00e9 filmy a hudba. \\u2013 A dnes??? O tom u\\u017e asi p\\u00edsa\\u0165 netreba. To pozn\\u00e1me. V predve\\u010der 17. novembra sme si na na\\u0161ej \\u0161kole pripomenuli\",\"inLanguage\":\"sk-SK\",\"isPartOf\":{\"@id\":\"https:\\\/\\\/szslucnalc.sk\\\/#website\"},\"breadcrumb\":{\"@id\":\"https:\\\/\\\/szslucnalc.sk\\\/?p=2623#breadcrumblist\"},\"author\":{\"@id\":\"https:\\\/\\\/szslucnalc.sk\\\/?author=2#author\"},\"creator\":{\"@id\":\"https:\\\/\\\/szslucnalc.sk\\\/?author=2#author\"},\"image\":{\"@type\":\"ImageObject\",\"url\":\"https:\\\/\\\/szslucnalc.sk\\\/wp-content\\\/uploads\\\/2017\\\/11\\\/nov-17.jpg\",\"@id\":\"https:\\\/\\\/szslucnalc.sk\\\/?p=2623\\\/#mainImage\",\"width\":1200,\"height\":675},\"primaryImageOfPage\":{\"@id\":\"https:\\\/\\\/szslucnalc.sk\\\/?p=2623#mainImage\"},\"datePublished\":\"2017-11-17T20:44:54+01:00\",\"dateModified\":\"2017-11-17T20:44:54+01:00\"},{\"@type\":\"WebSite\",\"@id\":\"https:\\\/\\\/szslucnalc.sk\\\/#website\",\"url\":\"https:\\\/\\\/szslucnalc.sk\\\/\",\"name\":\"Stredn\\u00e1 zdravotn\\u00edcka \\u0161kola Lu\\u010denec\",\"description\":\"Stredn\\u00e1 zdravotn\\u00edcka \\u0161kola\",\"inLanguage\":\"sk-SK\",\"publisher\":{\"@id\":\"https:\\\/\\\/szslucnalc.sk\\\/#organization\"}}]}\n\t\t<\/script>\n\t\t<!-- All in One SEO -->\n\n","aioseo_head_json":{"title":"Doba pred a po \u2026 novembri 1989 - Stredn\u00e1 zdravotn\u00edcka \u0161kola Lu\u010denec","description":"Revol\u00facia ne\u017en\u00e1, zamatov\u00e1... Nesloboda \u2013 sloboda. Totalita \u2013 demokracia. \u010cierno- biele videnie sveta \u2013 mozaika pestr\u00fdch farieb. Ale aj... Cestovn\u00e9 z\u00e1lo\u017eky na vycestovanie do nieko\u013ek\u00fdch kraj\u00edn, dlh\u00e9 rady na pomaran\u010de, oble\u010denie na jedno kopyto, rusk\u00e9 filmy a hudba. \u2013 A dnes??? O tom u\u017e asi p\u00edsa\u0165 netreba. To pozn\u00e1me. V predve\u010der 17. novembra sme si na na\u0161ej \u0161kole pripomenuli","canonical_url":"https:\/\/szslucnalc.sk\/?p=2623","robots":"max-image-preview:large","keywords":"","webmasterTools":{"miscellaneous":""},"schema":{"@context":"https:\/\/schema.org","@graph":[{"@type":"BlogPosting","@id":"https:\/\/szslucnalc.sk\/?p=2623#blogposting","name":"Doba pred a po \u2026 novembri 1989 - Stredn\u00e1 zdravotn\u00edcka \u0161kola Lu\u010denec","headline":"Doba pred a po &#8230; novembri 1989","author":{"@id":"https:\/\/szslucnalc.sk\/?author=2#author"},"publisher":{"@id":"https:\/\/szslucnalc.sk\/#organization"},"image":{"@type":"ImageObject","url":"https:\/\/szslucnalc.sk\/wp-content\/uploads\/2017\/11\/nov-17.jpg","width":1200,"height":675},"datePublished":"2017-11-17T20:44:54+01:00","dateModified":"2017-11-17T20:44:54+01:00","inLanguage":"sk-SK","mainEntityOfPage":{"@id":"https:\/\/szslucnalc.sk\/?p=2623#webpage"},"isPartOf":{"@id":"https:\/\/szslucnalc.sk\/?p=2623#webpage"},"articleSection":"In\u00e9, Obr\u00e1zok"},{"@type":"BreadcrumbList","@id":"https:\/\/szslucnalc.sk\/?p=2623#breadcrumblist","itemListElement":[{"@type":"ListItem","@id":"https:\/\/szslucnalc.sk#listItem","position":1,"name":"Home","item":"https:\/\/szslucnalc.sk","nextItem":{"@type":"ListItem","@id":"https:\/\/szslucnalc.sk\/?cat=8#listItem","name":"In\u00e9"}},{"@type":"ListItem","@id":"https:\/\/szslucnalc.sk\/?cat=8#listItem","position":2,"name":"In\u00e9","item":"https:\/\/szslucnalc.sk\/?cat=8","nextItem":{"@type":"ListItem","@id":"https:\/\/szslucnalc.sk\/?p=2623#listItem","name":"Doba pred a po &#8230; novembri 1989"},"previousItem":{"@type":"ListItem","@id":"https:\/\/szslucnalc.sk#listItem","name":"Home"}},{"@type":"ListItem","@id":"https:\/\/szslucnalc.sk\/?p=2623#listItem","position":3,"name":"Doba pred a po &#8230; novembri 1989","previousItem":{"@type":"ListItem","@id":"https:\/\/szslucnalc.sk\/?cat=8#listItem","name":"In\u00e9"}}]},{"@type":"Organization","@id":"https:\/\/szslucnalc.sk\/#organization","name":"Stredn\u00e1 zdravotn\u00edcka \u0161kola Lu\u010denec","description":"Stredn\u00e1 zdravotn\u00edcka \u0161kola","url":"https:\/\/szslucnalc.sk\/"},{"@type":"Person","@id":"https:\/\/szslucnalc.sk\/?author=2#author","url":"https:\/\/szslucnalc.sk\/?author=2","name":"Miroslav Sekula"},{"@type":"WebPage","@id":"https:\/\/szslucnalc.sk\/?p=2623#webpage","url":"https:\/\/szslucnalc.sk\/?p=2623","name":"Doba pred a po \u2026 novembri 1989 - Stredn\u00e1 zdravotn\u00edcka \u0161kola Lu\u010denec","description":"Revol\u00facia ne\u017en\u00e1, zamatov\u00e1... Nesloboda \u2013 sloboda. Totalita \u2013 demokracia. \u010cierno- biele videnie sveta \u2013 mozaika pestr\u00fdch farieb. Ale aj... Cestovn\u00e9 z\u00e1lo\u017eky na vycestovanie do nieko\u013ek\u00fdch kraj\u00edn, dlh\u00e9 rady na pomaran\u010de, oble\u010denie na jedno kopyto, rusk\u00e9 filmy a hudba. \u2013 A dnes??? O tom u\u017e asi p\u00edsa\u0165 netreba. To pozn\u00e1me. V predve\u010der 17. novembra sme si na na\u0161ej \u0161kole pripomenuli","inLanguage":"sk-SK","isPartOf":{"@id":"https:\/\/szslucnalc.sk\/#website"},"breadcrumb":{"@id":"https:\/\/szslucnalc.sk\/?p=2623#breadcrumblist"},"author":{"@id":"https:\/\/szslucnalc.sk\/?author=2#author"},"creator":{"@id":"https:\/\/szslucnalc.sk\/?author=2#author"},"image":{"@type":"ImageObject","url":"https:\/\/szslucnalc.sk\/wp-content\/uploads\/2017\/11\/nov-17.jpg","@id":"https:\/\/szslucnalc.sk\/?p=2623\/#mainImage","width":1200,"height":675},"primaryImageOfPage":{"@id":"https:\/\/szslucnalc.sk\/?p=2623#mainImage"},"datePublished":"2017-11-17T20:44:54+01:00","dateModified":"2017-11-17T20:44:54+01:00"},{"@type":"WebSite","@id":"https:\/\/szslucnalc.sk\/#website","url":"https:\/\/szslucnalc.sk\/","name":"Stredn\u00e1 zdravotn\u00edcka \u0161kola Lu\u010denec","description":"Stredn\u00e1 zdravotn\u00edcka \u0161kola","inLanguage":"sk-SK","publisher":{"@id":"https:\/\/szslucnalc.sk\/#organization"}}]},"og:locale":"sk_SK","og:site_name":"Stredn\u00e1 zdravotn\u00edcka \u0161kola Lu\u010denec - Stredn\u00e1 zdravotn\u00edcka \u0161kola","og:type":"article","og:title":"Doba pred a po \u2026 novembri 1989 - Stredn\u00e1 zdravotn\u00edcka \u0161kola Lu\u010denec","og:description":"Revol\u00facia ne\u017en\u00e1, zamatov\u00e1... Nesloboda \u2013 sloboda. Totalita \u2013 demokracia. \u010cierno- biele videnie sveta \u2013 mozaika pestr\u00fdch farieb. Ale aj... Cestovn\u00e9 z\u00e1lo\u017eky na vycestovanie do nieko\u013ek\u00fdch kraj\u00edn, dlh\u00e9 rady na pomaran\u010de, oble\u010denie na jedno kopyto, rusk\u00e9 filmy a hudba. \u2013 A dnes??? O tom u\u017e asi p\u00edsa\u0165 netreba. To pozn\u00e1me. V predve\u010der 17. novembra sme si na na\u0161ej \u0161kole pripomenuli","og:url":"https:\/\/szslucnalc.sk\/?p=2623","og:image":"https:\/\/szslucnalc.sk\/wp-content\/uploads\/2017\/11\/nov-17.jpg","og:image:secure_url":"https:\/\/szslucnalc.sk\/wp-content\/uploads\/2017\/11\/nov-17.jpg","og:image:width":1200,"og:image:height":675,"article:published_time":"2017-11-17T19:44:54+00:00","article:modified_time":"2017-11-17T19:44:54+00:00","twitter:card":"summary_large_image","twitter:title":"Doba pred a po \u2026 novembri 1989 - Stredn\u00e1 zdravotn\u00edcka \u0161kola Lu\u010denec","twitter:description":"Revol\u00facia ne\u017en\u00e1, zamatov\u00e1... Nesloboda \u2013 sloboda. Totalita \u2013 demokracia. \u010cierno- biele videnie sveta \u2013 mozaika pestr\u00fdch farieb. Ale aj... Cestovn\u00e9 z\u00e1lo\u017eky na vycestovanie do nieko\u013ek\u00fdch kraj\u00edn, dlh\u00e9 rady na pomaran\u010de, oble\u010denie na jedno kopyto, rusk\u00e9 filmy a hudba. \u2013 A dnes??? O tom u\u017e asi p\u00edsa\u0165 netreba. To pozn\u00e1me. V predve\u010der 17. novembra sme si na na\u0161ej \u0161kole pripomenuli","twitter:image":"https:\/\/szslucnalc.sk\/wp-content\/uploads\/2017\/11\/nov-17.jpg"},"aioseo_meta_data":{"post_id":"2623","title":null,"description":null,"keywords":null,"keyphrases":null,"primary_term":null,"canonical_url":null,"og_title":null,"og_description":null,"og_object_type":"default","og_image_type":"default","og_image_url":null,"og_image_width":null,"og_image_height":null,"og_image_custom_url":null,"og_image_custom_fields":null,"og_video":null,"og_custom_url":null,"og_article_section":null,"og_article_tags":null,"twitter_use_og":false,"twitter_card":"default","twitter_image_type":"default","twitter_image_url":null,"twitter_image_custom_url":null,"twitter_image_custom_fields":null,"twitter_title":null,"twitter_description":null,"schema":{"blockGraphs":[],"customGraphs":[],"default":{"data":{"Article":[],"Course":[],"Dataset":[],"FAQPage":[],"Movie":[],"Person":[],"Product":[],"ProductReview":[],"Car":[],"Recipe":[],"Service":[],"SoftwareApplication":[],"WebPage":[]},"graphName":"","isEnabled":true},"graphs":[]},"schema_type":"default","schema_type_options":null,"pillar_content":false,"robots_default":true,"robots_noindex":false,"robots_noarchive":false,"robots_nosnippet":false,"robots_nofollow":false,"robots_noimageindex":false,"robots_noodp":false,"robots_notranslate":false,"robots_max_snippet":null,"robots_max_videopreview":null,"robots_max_imagepreview":"large","priority":null,"frequency":null,"local_seo":null,"breadcrumb_settings":null,"limit_modified_date":false,"ai":null,"created":"2023-09-15 15:09:08","updated":"2025-06-26 13:16:23","seo_analyzer_scan_date":null,"focus_keyword":null,"additional_keywords":null,"truseo_locale":null},"aioseo_breadcrumb":"<div class=\"aioseo-breadcrumbs\"><span class=\"aioseo-breadcrumb\">\n\t\t\t<a href=\"https:\/\/szslucnalc.sk\" title=\"Home\">Home<\/a>\n\t\t<\/span><span class=\"aioseo-breadcrumb-separator\">&raquo;<\/span><span class=\"aioseo-breadcrumb\">\n\t\t\t<a href=\"https:\/\/szslucnalc.sk\/?cat=8\" title=\"In\u00e9\">In\u00e9<\/a>\n\t\t<\/span><span class=\"aioseo-breadcrumb-separator\">&raquo;<\/span><span class=\"aioseo-breadcrumb\">\n\t\t\tDoba pred a po \u2026 novembri 1989\n\t\t<\/span><\/div>","aioseo_breadcrumb_json":[{"label":"Home","link":"https:\/\/szslucnalc.sk"},{"label":"In\u00e9","link":"https:\/\/szslucnalc.sk\/?cat=8"},{"label":"Doba pred a po &#8230; novembri 1989","link":"https:\/\/szslucnalc.sk\/?p=2623"}],"_links":{"self":[{"href":"https:\/\/szslucnalc.sk\/index.php?rest_route=\/wp\/v2\/posts\/2623","targetHints":{"allow":["GET"]}}],"collection":[{"href":"https:\/\/szslucnalc.sk\/index.php?rest_route=\/wp\/v2\/posts"}],"about":[{"href":"https:\/\/szslucnalc.sk\/index.php?rest_route=\/wp\/v2\/types\/post"}],"author":[{"embeddable":true,"href":"https:\/\/szslucnalc.sk\/index.php?rest_route=\/wp\/v2\/users\/2"}],"replies":[{"embeddable":true,"href":"https:\/\/szslucnalc.sk\/index.php?rest_route=%2Fwp%2Fv2%2Fcomments&post=2623"}],"version-history":[{"count":1,"href":"https:\/\/szslucnalc.sk\/index.php?rest_route=\/wp\/v2\/posts\/2623\/revisions"}],"predecessor-version":[{"id":2625,"href":"https:\/\/szslucnalc.sk\/index.php?rest_route=\/wp\/v2\/posts\/2623\/revisions\/2625"}],"wp:featuredmedia":[{"embeddable":true,"href":"https:\/\/szslucnalc.sk\/index.php?rest_route=\/wp\/v2\/media\/2624"}],"wp:attachment":[{"href":"https:\/\/szslucnalc.sk\/index.php?rest_route=%2Fwp%2Fv2%2Fmedia&parent=2623"}],"wp:term":[{"taxonomy":"category","embeddable":true,"href":"https:\/\/szslucnalc.sk\/index.php?rest_route=%2Fwp%2Fv2%2Fcategories&post=2623"},{"taxonomy":"post_tag","embeddable":true,"href":"https:\/\/szslucnalc.sk\/index.php?rest_route=%2Fwp%2Fv2%2Ftags&post=2623"}],"curies":[{"name":"wp","href":"https:\/\/api.w.org\/{rel}","templated":true}]}}