{"id":26853,"date":"2024-06-26T18:50:40","date_gmt":"2024-06-26T16:50:40","guid":{"rendered":"https:\/\/szslucnalc.sk\/?p=26853"},"modified":"2024-06-26T18:50:42","modified_gmt":"2024-06-26T16:50:42","slug":"zivot-a-zdravie-je-dar","status":"publish","type":"post","link":"https:\/\/szslucnalc.sk\/?p=26853","title":{"rendered":"\u017divot a zdravie je dar\u2026"},"content":{"rendered":"\n<p>N\u00e1\u0161 koncoro\u010dn\u00fd v\u00fdlet prebehol raz-dva. Prv\u00fd de\u0148 sme sa boli pozrie\u0165 v zn\u00e1mom Auschwitz-Birkenau v Po\u013esku. Cesta bola nekone\u010dn\u00e1, ale do\u0161li sme v zdrav\u00ed a po\u010dasie n\u00e1m prialo. Ako sme si vypo\u010duli \u010do v\u0161etko sa tam dialo a ko\u013ek\u00ed zomreli, asi v\u0161etci sme sa za\u010dali pozera\u0165 na \u017eivot \u00faplne inak a som si ist\u00e1, \u017ee rodinu i seba si budeme v\u00e1\u017ei\u0165 viac. Po v\u00fdlete sme sa vr\u00e1tili na Slovensko a ubytovali sa v Slovenskom raji. V malebnom horskom prostred\u00ed sme si u\u017eili kr\u00e1sny ve\u010der a dobre sme sa vyspali. R\u00e1no sme sa vybrali na exkurziu do N\u00e1rodn\u00e9ho \u00fastavu detskej tuberkul\u00f3zy a respira\u010dn\u00fdch chor\u00f4b. Pani n\u00e1mestn\u00ed\u010dka so sestri\u010dkami n\u00e1m porozpr\u00e1vali a poukazovali nemocnicu. Asi m\u00f4\u017eem poveda\u0165 v mene cel\u00e9ho kolekt\u00edvu ako n\u00e1m bolo \u013e\u00fato chor\u00fdch mal\u00fdch det\u00ed. Mali by sme si v\u00e1\u017ei\u0165 viac na\u0161e zdravie a uchov\u00e1va\u0165 si ho, k\u00fdm ho m\u00e1me. S\u00fa \u013eudia, ktor\u00ed by za to dali v\u0161etko\u2026 Z\u00e1ver na\u0161ej cesty viedol do n\u00e1kupn\u00e9ho centra v Poprade. V\u0161etci sme si k\u00fapili \u010do sme chceli a s rados\u0165ou sme sa vybrali domov. Chcela by som sa po\u010fakova\u0165 v mene 1. ro\u010dn\u00edka pani u\u010dite\u013ek\u00e1m A. Hergelovej a L. Faj\u010d\u00edkovej za \u00fa\u017easn\u00fd v\u00fdlet. K.\u00a0Ben\u010dikov\u00e1\u00a01.B.<\/p>\n","protected":false},"excerpt":{"rendered":"<p>N&aacute;&scaron; koncoro&#269;n&yacute; v&yacute;let prebehol raz-dva. Prv&yacute; de&#328; sme sa boli pozrie&#357; v zn&aacute;mom Auschwitz-Birkenau v Po&#318;sku. Cesta bola nekone&#269;n&aacute;, ale do&scaron;li sme v zdrav&iacute; a po&#269;asie<span class=\"excerpt-hellip\"> [\u2026]<\/span><\/p>\n","protected":false},"author":1001014,"featured_media":26855,"comment_status":"closed","ping_status":"closed","sticky":false,"template":"","format":"standard","meta":{"footnotes":""},"categories":[5],"tags":[],"class_list":["post-26853","post","type-post","status-publish","format-standard","has-post-thumbnail","hentry","category-zahranicne"],"aioseo_notices":[],"_links":{"self":[{"href":"https:\/\/szslucnalc.sk\/index.php?rest_route=\/wp\/v2\/posts\/26853","targetHints":{"allow":["GET"]}}],"collection":[{"href":"https:\/\/szslucnalc.sk\/index.php?rest_route=\/wp\/v2\/posts"}],"about":[{"href":"https:\/\/szslucnalc.sk\/index.php?rest_route=\/wp\/v2\/types\/post"}],"author":[{"embeddable":true,"href":"https:\/\/szslucnalc.sk\/index.php?rest_route=\/wp\/v2\/users\/1001014"}],"replies":[{"embeddable":true,"href":"https:\/\/szslucnalc.sk\/index.php?rest_route=%2Fwp%2Fv2%2Fcomments&post=26853"}],"version-history":[{"count":1,"href":"https:\/\/szslucnalc.sk\/index.php?rest_route=\/wp\/v2\/posts\/26853\/revisions"}],"predecessor-version":[{"id":26854,"href":"https:\/\/szslucnalc.sk\/index.php?rest_route=\/wp\/v2\/posts\/26853\/revisions\/26854"}],"wp:featuredmedia":[{"embeddable":true,"href":"https:\/\/szslucnalc.sk\/index.php?rest_route=\/wp\/v2\/media\/26855"}],"wp:attachment":[{"href":"https:\/\/szslucnalc.sk\/index.php?rest_route=%2Fwp%2Fv2%2Fmedia&parent=26853"}],"wp:term":[{"taxonomy":"category","embeddable":true,"href":"https:\/\/szslucnalc.sk\/index.php?rest_route=%2Fwp%2Fv2%2Fcategories&post=26853"},{"taxonomy":"post_tag","embeddable":true,"href":"https:\/\/szslucnalc.sk\/index.php?rest_route=%2Fwp%2Fv2%2Ftags&post=26853"}],"curies":[{"name":"wp","href":"https:\/\/api.w.org\/{rel}","templated":true}]}}