{"id":27946,"date":"2024-10-22T13:54:48","date_gmt":"2024-10-22T11:54:48","guid":{"rendered":"https:\/\/szslucnalc.sk\/?p=27946"},"modified":"2024-10-23T10:42:02","modified_gmt":"2024-10-23T08:42:02","slug":"vyhrali-sme-timravinu-studnicku","status":"publish","type":"post","link":"https:\/\/szslucnalc.sk\/?p=27946","title":{"rendered":"Vyhrali sme Timravinu studni\u010dku"},"content":{"rendered":"\n<p>Jese\u0148 sa v&nbsp;liter\u00e1rnom kalend\u00e1ri sp\u00e1ja s&nbsp;na\u0161ou region\u00e1lnou spisovate\u013ekou Bo\u017eenou Slan\u010d\u00edkovou Timravou. A&nbsp;v&nbsp;tieto dni n\u00e1m priniesla nielen slne\u010dn\u00e9 po\u010dasie, ale aj \u00faspech na okresnom kole recita\u010dnej s\u00fa\u0165a\u017ee v&nbsp;prednese slovenskej pr\u00f3zy Timravina studni\u010dka. Na\u0161a prv\u00e1\u010dka <strong>Ninka Tu\u0161imov\u00e1<\/strong> z&nbsp;1.B triedy mala ako stredo\u0161kol\u00e1\u010dka premi\u00e9ru a&nbsp;hne\u010f n\u00e1m vyhrala 1. miesto.<\/p>\n\n\n\n<p><em>K&nbsp;v\u00ed\u0165azstvu jej srde\u010dne blaho\u017eel\u00e1me a&nbsp;u\u017e teraz sme hrd\u00ed, \u017ee n\u00e1s bude reprezentova\u0165 na celoslovenskom kole .&nbsp;<\/em><\/p>\n\n\n\n<figure class=\"wp-block-gallery has-nested-images columns-default is-cropped wp-block-gallery-1 is-layout-flex wp-block-gallery-is-layout-flex\">\n<figure class=\"wp-block-image size-large\"><a href=\"https:\/\/szslucnalc.sk\/wp-content\/uploads\/2024\/10\/KHMx0LpO.jpg\"><img loading=\"lazy\" decoding=\"async\" width=\"768\" height=\"1024\" data-id=\"27948\" src=\"https:\/\/szslucnalc.sk\/wp-content\/uploads\/2024\/10\/KHMx0LpO-768x1024.jpg\" alt=\"\" class=\"wp-image-27948\" srcset=\"https:\/\/szslucnalc.sk\/wp-content\/uploads\/2024\/10\/KHMx0LpO-768x1024.jpg 768w, https:\/\/szslucnalc.sk\/wp-content\/uploads\/2024\/10\/KHMx0LpO-225x300.jpg 225w, https:\/\/szslucnalc.sk\/wp-content\/uploads\/2024\/10\/KHMx0LpO-1152x1536.jpg 1152w, https:\/\/szslucnalc.sk\/wp-content\/uploads\/2024\/10\/KHMx0LpO-56x75.jpg 56w, https:\/\/szslucnalc.sk\/wp-content\/uploads\/2024\/10\/KHMx0LpO-563x750.jpg 563w, https:\/\/szslucnalc.sk\/wp-content\/uploads\/2024\/10\/KHMx0LpO-360x480.jpg 360w, https:\/\/szslucnalc.sk\/wp-content\/uploads\/2024\/10\/KHMx0LpO-480x640.jpg 480w, https:\/\/szslucnalc.sk\/wp-content\/uploads\/2024\/10\/KHMx0LpO.jpg 1536w\" sizes=\"auto, (max-width:767px) 480px, (max-width:768px) 100vw, 768px\" \/><\/a><\/figure>\n\n\n\n<figure class=\"wp-block-image size-large\"><a href=\"https:\/\/szslucnalc.sk\/wp-content\/uploads\/2024\/10\/doc04111320241022122053.jpg\"><img loading=\"lazy\" decoding=\"async\" width=\"1024\" height=\"724\" data-id=\"27949\" src=\"https:\/\/szslucnalc.sk\/wp-content\/uploads\/2024\/10\/doc04111320241022122053-1024x724.jpg\" alt=\"\" class=\"wp-image-27949\" srcset=\"https:\/\/szslucnalc.sk\/wp-content\/uploads\/2024\/10\/doc04111320241022122053-1024x724.jpg 1024w, https:\/\/szslucnalc.sk\/wp-content\/uploads\/2024\/10\/doc04111320241022122053-300x212.jpg 300w, https:\/\/szslucnalc.sk\/wp-content\/uploads\/2024\/10\/doc04111320241022122053-768x543.jpg 768w, https:\/\/szslucnalc.sk\/wp-content\/uploads\/2024\/10\/doc04111320241022122053-1536x1087.jpg 1536w, https:\/\/szslucnalc.sk\/wp-content\/uploads\/2024\/10\/doc04111320241022122053-2048x1449.jpg 2048w, https:\/\/szslucnalc.sk\/wp-content\/uploads\/2024\/10\/doc04111320241022122053-106x75.jpg 106w, https:\/\/szslucnalc.sk\/wp-content\/uploads\/2024\/10\/doc04111320241022122053-960x679.jpg 960w, https:\/\/szslucnalc.sk\/wp-content\/uploads\/2024\/10\/doc04111320241022122053-679x480.jpg 679w, https:\/\/szslucnalc.sk\/wp-content\/uploads\/2024\/10\/doc04111320241022122053-480x340.jpg 480w\" sizes=\"auto, (max-width:767px) 480px, (max-width:1024px) 100vw, 1024px\" \/><\/a><\/figure>\n<\/figure>\n","protected":false},"excerpt":{"rendered":"<p>Jese&#328; sa v&nbsp;liter&aacute;rnom kalend&aacute;ri sp&aacute;ja s&nbsp;na&scaron;ou region&aacute;lnou spisovate&#318;kou Bo&#382;enou Slan&#269;&iacute;kovou Timravou. A&nbsp;v&nbsp;tieto dni n&aacute;m priniesla nielen slne&#269;n&eacute; po&#269;asie, ale aj &uacute;spech na okresnom kole recita&#269;nej s&uacute;&#357;a&#382;e<span class=\"excerpt-hellip\"> [\u2026]<\/span><\/p>\n","protected":false},"author":1001014,"featured_media":27951,"comment_status":"closed","ping_status":"closed","sticky":false,"template":"","format":"standard","meta":{"footnotes":""},"categories":[3],"tags":[],"class_list":["post-27946","post","type-post","status-publish","format-standard","has-post-thumbnail","hentry","category-kultura"],"aioseo_notices":[],"_links":{"self":[{"href":"https:\/\/szslucnalc.sk\/index.php?rest_route=\/wp\/v2\/posts\/27946","targetHints":{"allow":["GET"]}}],"collection":[{"href":"https:\/\/szslucnalc.sk\/index.php?rest_route=\/wp\/v2\/posts"}],"about":[{"href":"https:\/\/szslucnalc.sk\/index.php?rest_route=\/wp\/v2\/types\/post"}],"author":[{"embeddable":true,"href":"https:\/\/szslucnalc.sk\/index.php?rest_route=\/wp\/v2\/users\/1001014"}],"replies":[{"embeddable":true,"href":"https:\/\/szslucnalc.sk\/index.php?rest_route=%2Fwp%2Fv2%2Fcomments&post=27946"}],"version-history":[{"count":1,"href":"https:\/\/szslucnalc.sk\/index.php?rest_route=\/wp\/v2\/posts\/27946\/revisions"}],"predecessor-version":[{"id":27950,"href":"https:\/\/szslucnalc.sk\/index.php?rest_route=\/wp\/v2\/posts\/27946\/revisions\/27950"}],"wp:featuredmedia":[{"embeddable":true,"href":"https:\/\/szslucnalc.sk\/index.php?rest_route=\/wp\/v2\/media\/27951"}],"wp:attachment":[{"href":"https:\/\/szslucnalc.sk\/index.php?rest_route=%2Fwp%2Fv2%2Fmedia&parent=27946"}],"wp:term":[{"taxonomy":"category","embeddable":true,"href":"https:\/\/szslucnalc.sk\/index.php?rest_route=%2Fwp%2Fv2%2Fcategories&post=27946"},{"taxonomy":"post_tag","embeddable":true,"href":"https:\/\/szslucnalc.sk\/index.php?rest_route=%2Fwp%2Fv2%2Ftags&post=27946"}],"curies":[{"name":"wp","href":"https:\/\/api.w.org\/{rel}","templated":true}]}}