{"id":2861,"date":"2017-12-11T18:37:35","date_gmt":"2017-12-11T17:37:35","guid":{"rendered":"https:\/\/szslucnalc.sk\/?p=2861"},"modified":"2017-12-11T18:37:35","modified_gmt":"2017-12-11T17:37:35","slug":"mali-prvaci-versus-velki-stvrtaci","status":"publish","type":"post","link":"https:\/\/szslucnalc.sk\/?p=2861","title":{"rendered":"Mal\u00ed prv\u00e1ci versus ve\u013ek\u00ed \u0161tvrt\u00e1ci"},"content":{"rendered":"<p>8.december 2017 , de\u0148, ktor\u00fd sa n\u00e1m ako \u017eiakom 4.B \u00a0SZ\u0160 v\u00a0Lu\u010denci, zap\u00edsal hlboko do na\u0161ich s\u0155dc. De\u0148, ktor\u00fd n\u00e1m uk\u00e1zal, ako bl\u00edzko je na\u0161a maturita a ako bl\u00edzko m\u00e1me koniec na\u0161ich stredo\u0161kolsk\u00fdch dn\u00ed. Spolu sme osl\u00e1vili n\u00e1\u0161 vstup do dospelosti a ka\u017ed\u00fd z n\u00e1s si pri pomyslen\u00ed na tento de\u0148 ur\u010dite povie &#8220; najlep\u0161ia stu\u017ekov\u00e1 s \u00fa\u017easn\u00fdmi \u013eu\u010fmi&#8220;. V\u0161etci sme tam st\u00e1li so slzami v\u00a0o\u010diach, preto\u017ee sme si uvedomili, ako r\u00fdchlo ten \u010das let\u00ed. Ned\u00e1vno sme ako mal\u00ed prv\u00e1ci so sklonen\u00fdmi hlavami vch\u00e1dzali do budovy na\u0161ej \u0161koly a dnes u\u017e ako ve\u013ek\u00ed \u0161tvrt\u00e1ci, ozdoben\u00ed zelen\u00fdmi stu\u017ekami, kr\u00e1\u010dame jej chodbami so vzt\u00fd\u010denou hlavou. Ka\u017ed\u00fd z n\u00e1s si v srdci nesie mnoho spomienok, niektor\u00e9 s\u00fa viac radostn\u00e9, in\u00e9 menej, no ka\u017ed\u00e1 je jedine\u010dn\u00e1. Z\u00edskali sme mnoho sk\u00fasenost\u00ed a \u00fa\u017easn\u00fdch z\u00e1\u017eitkov. 8.december 2017, de\u0148, kedy sme sa naoko rozl\u00fa\u010dili s profesormi a touto \u0161kolou, po\u010fakovali rodi\u010dom a uk\u00e1zali im, \u017ee maj\u00fa by\u0165 na \u010do hrd\u00ed. U\u017e len pomali\u010dky sa chysta\u0165 na maturity a ani sa nenazd\u00e1me, a tak ako sme prv\u00fdkr\u00e1t otvorili dvere tejto \u0161koly, tak ich aj posledn\u00fdkr\u00e1t za sebou ako \u017eiaci tejto \u0161koly zatvor\u00edme.<\/p>\n<p><em>A\u010fa , 4.B<\/em><\/p>\n","protected":false},"excerpt":{"rendered":"<p>8.december 2017 , de&#328;, ktor&yacute; sa n&aacute;m ako &#382;iakom 4.B &nbsp;SZ&Scaron; v&nbsp;Lu&#269;enci, zap&iacute;sal hlboko do na&scaron;ich s&#341;dc. De&#328;, ktor&yacute; n&aacute;m uk&aacute;zal, ako bl&iacute;zko je na&scaron;a maturita<span class=\"excerpt-hellip\"> [\u2026]<\/span><\/p>\n","protected":false},"author":2,"featured_media":2862,"comment_status":"closed","ping_status":"closed","sticky":false,"template":"","format":"image","meta":{"footnotes":""},"categories":[3],"tags":[],"class_list":["post-2861","post","type-post","status-publish","format-image","has-post-thumbnail","hentry","category-kultura","post_format-post-format-image"],"aioseo_notices":[],"_links":{"self":[{"href":"https:\/\/szslucnalc.sk\/index.php?rest_route=\/wp\/v2\/posts\/2861","targetHints":{"allow":["GET"]}}],"collection":[{"href":"https:\/\/szslucnalc.sk\/index.php?rest_route=\/wp\/v2\/posts"}],"about":[{"href":"https:\/\/szslucnalc.sk\/index.php?rest_route=\/wp\/v2\/types\/post"}],"author":[{"embeddable":true,"href":"https:\/\/szslucnalc.sk\/index.php?rest_route=\/wp\/v2\/users\/2"}],"replies":[{"embeddable":true,"href":"https:\/\/szslucnalc.sk\/index.php?rest_route=%2Fwp%2Fv2%2Fcomments&post=2861"}],"version-history":[{"count":1,"href":"https:\/\/szslucnalc.sk\/index.php?rest_route=\/wp\/v2\/posts\/2861\/revisions"}],"predecessor-version":[{"id":2863,"href":"https:\/\/szslucnalc.sk\/index.php?rest_route=\/wp\/v2\/posts\/2861\/revisions\/2863"}],"wp:featuredmedia":[{"embeddable":true,"href":"https:\/\/szslucnalc.sk\/index.php?rest_route=\/wp\/v2\/media\/2862"}],"wp:attachment":[{"href":"https:\/\/szslucnalc.sk\/index.php?rest_route=%2Fwp%2Fv2%2Fmedia&parent=2861"}],"wp:term":[{"taxonomy":"category","embeddable":true,"href":"https:\/\/szslucnalc.sk\/index.php?rest_route=%2Fwp%2Fv2%2Fcategories&post=2861"},{"taxonomy":"post_tag","embeddable":true,"href":"https:\/\/szslucnalc.sk\/index.php?rest_route=%2Fwp%2Fv2%2Ftags&post=2861"}],"curies":[{"name":"wp","href":"https:\/\/api.w.org\/{rel}","templated":true}]}}