{"id":3033,"date":"2018-02-11T08:19:44","date_gmt":"2018-02-11T07:19:44","guid":{"rendered":"https:\/\/szslucnalc.sk\/?p=3033"},"modified":"2018-12-11T14:56:39","modified_gmt":"2018-12-11T13:56:39","slug":"19-ples-szs","status":"publish","type":"post","link":"https:\/\/szslucnalc.sk\/?p=3033","title":{"rendered":"19. ples SZ\u0160 (foto + video)"},"content":{"rendered":"<p>Mus\u00edme prizna\u0165, \u017ee sme sa aj tro\u0161ku ob\u00e1vali, ako to toho roku dopadne &#8211; ve\u010f po osemn\u00e1stich rokoch sme museli h\u013eada\u0165 n\u00e1hradu za zavret\u00fa dvoranu\u00a0 lu\u010denskej Reduty. Vybrali sme hotel Novohrad, ktor\u00fd po znovuotvoren\u00ed prijal n\u00e1\u0161 ples ako prv\u00fa spolo\u010densk\u00fa udalos\u0165 tak\u00fdch ve\u013ek\u00fdch rozmerov. Dnes u\u017e m\u00f4\u017eeme poveda\u0165, \u017ee sme urobili dobre. Aj ke\u010f Reduta je Reduta &#8230;, jej priestory u\u017e len ch\u00e1trali a bola to sk\u00f4r hanba, \u010do sa za tie roky z jej priestorov &#8222;vykry\u0161talizovalo&#8220;. A mo\u017eno to v\u0161etko nie je o priestoroch, ale o \u013eu\u010foch, ktor\u00ed sa spolu chc\u00fa zabavi\u0165. Ve\u010f na\u0161i \u0161tudenti e\u0161te ani neboli na svete, ke\u010f sme \u0161tartovali prv\u00fd ro\u010dn\u00edk plesu (s v\u00fdnimkou ve\u010dernistov a t\u00fdch, ktor\u00fdm 4 roky nesta\u010dia) a predsa tak, ako v\u017edy od za\u010diatku do konca bola atmosf\u00e9ra v\u00fdborn\u00e1, parket v\u017edy obsaden\u00fd a o piatej r\u00e1no sme \u013eud\u00ed takmer museli vyh\u00e1\u0148a\u0165. Never\u00edte &#8211; pozrite si fotky a video &#8211; tu je d\u00f4kaz. Neost\u00e1va n\u00e1m len veri\u0165, \u017ee ten jubilejn\u00fd ples na bud\u00faci rok bude aspo\u0148 tak\u00fd dobr\u00fd, ako jeho predch\u00e1dzaj\u00facich 19 ro\u010dn\u00edkov. Na z\u00e1ver ost\u00e1va po\u010fakova\u0165 person\u00e1lu Novohradu, prim\u00e1torke mesta Lu\u010denec, firme Spool a.s., auto\u0161kole Gonda &#8230; a mnoh\u00fdm \u010fal\u0161\u00edm, ktor\u00ed prispeli k zdarn\u00e9mu priebehu tohto kult\u00farneho podujatia.<\/p>\n","protected":false},"excerpt":{"rendered":"<p>Mus&iacute;me prizna&#357;, &#382;e sme sa aj tro&scaron;ku ob&aacute;vali, ako to toho roku dopadne &ndash; ve&#271; po osemn&aacute;stich rokoch sme museli h&#318;ada&#357; n&aacute;hradu za zavret&uacute; dvoranu&nbsp; lu&#269;enskej<span class=\"excerpt-hellip\"> [\u2026]<\/span><\/p>\n","protected":false},"author":2,"featured_media":3041,"comment_status":"closed","ping_status":"closed","sticky":false,"template":"","format":"image","meta":{"footnotes":""},"categories":[3],"tags":[],"class_list":["post-3033","post","type-post","status-publish","format-image","has-post-thumbnail","hentry","category-kultura","post_format-post-format-image"],"aioseo_notices":[],"_links":{"self":[{"href":"https:\/\/szslucnalc.sk\/index.php?rest_route=\/wp\/v2\/posts\/3033","targetHints":{"allow":["GET"]}}],"collection":[{"href":"https:\/\/szslucnalc.sk\/index.php?rest_route=\/wp\/v2\/posts"}],"about":[{"href":"https:\/\/szslucnalc.sk\/index.php?rest_route=\/wp\/v2\/types\/post"}],"author":[{"embeddable":true,"href":"https:\/\/szslucnalc.sk\/index.php?rest_route=\/wp\/v2\/users\/2"}],"replies":[{"embeddable":true,"href":"https:\/\/szslucnalc.sk\/index.php?rest_route=%2Fwp%2Fv2%2Fcomments&post=3033"}],"version-history":[{"count":7,"href":"https:\/\/szslucnalc.sk\/index.php?rest_route=\/wp\/v2\/posts\/3033\/revisions"}],"predecessor-version":[{"id":3731,"href":"https:\/\/szslucnalc.sk\/index.php?rest_route=\/wp\/v2\/posts\/3033\/revisions\/3731"}],"wp:featuredmedia":[{"embeddable":true,"href":"https:\/\/szslucnalc.sk\/index.php?rest_route=\/wp\/v2\/media\/3041"}],"wp:attachment":[{"href":"https:\/\/szslucnalc.sk\/index.php?rest_route=%2Fwp%2Fv2%2Fmedia&parent=3033"}],"wp:term":[{"taxonomy":"category","embeddable":true,"href":"https:\/\/szslucnalc.sk\/index.php?rest_route=%2Fwp%2Fv2%2Fcategories&post=3033"},{"taxonomy":"post_tag","embeddable":true,"href":"https:\/\/szslucnalc.sk\/index.php?rest_route=%2Fwp%2Fv2%2Ftags&post=3033"}],"curies":[{"name":"wp","href":"https:\/\/api.w.org\/{rel}","templated":true}]}}