{"id":30383,"date":"2025-03-17T10:42:35","date_gmt":"2025-03-17T09:42:35","guid":{"rendered":"https:\/\/szslucnalc.sk\/?p=30383"},"modified":"2025-03-17T10:42:38","modified_gmt":"2025-03-17T09:42:38","slug":"ked-krasne-slovo-povznasa-dusu","status":"publish","type":"post","link":"https:\/\/szslucnalc.sk\/?p=30383","title":{"rendered":"Ke\u010f kr\u00e1sne slovo povzn\u00e1\u0161a du\u0161u"},"content":{"rendered":"\n<p>S\u00fa\u0165a\u017e v\u00a0umeleckom prednese pril\u00e1kala \u0161tudentov zo stredn\u00fdch \u0161k\u00f4l v\u00a0okrese , ktor\u00ed predviedli svoje umenie pred odbornou porotou aj nad\u0161en\u00fdm publikom.<br>Okresn\u00e9 kolo Hviezdoslavovho Kub\u00edna\u00a0 sa konalo 14.marca 2025\u00a0 v priestoroch Novohradskej kni\u017enice v Lu\u010denci, kde sa \u00fa\u010dastn\u00edci sna\u017eili zauja\u0165 v\u00fdberom po\u00e9zie a pr\u00f3zy, v\u00fdrazn\u00fdm prednesom a prec\u00edten\u00fdm prejavom. Porota hodnotila nielen plynulos\u0165 re\u010di a artikul\u00e1ciu, ale aj schopnos\u0165 recit\u00e1torov prenies\u0165 em\u00f3cie na posluch\u00e1\u010dov. Aj my ,zdravo\u0165\u00e1\u010dky, \u00a0sme mali mo\u017enos\u0165 by\u0165 s\u00fa\u010das\u0165ou tohto okresn\u00e9ho kola, a to konkr\u00e9tne <strong>Nina Tu\u0161imov\u00e1 z 1.B a Vikt\u00f3ria Kov\u00e1\u010dikov\u00e1 z 3.A.<\/strong> Ninke aj napriek stresu sa podarilo v kateg\u00f3rii pr\u00f3za umiestni\u0165 na\u00a0 3.mieste. Mnoh\u00ed \u00fa\u010dastn\u00edci sa zhodli, \u017ee recitovanie im pom\u00e1ha nielen v jazykovom prejave, ale aj v budovan\u00ed sebavedomia. Publikum ocenilo v\u00fdkony srde\u010dn\u00fdm potleskom. S\u00fa\u0165a\u017e bola nielen o s\u00fa\u0165a\u017een\u00ed, ale aj o radosti z umeleck\u00e9ho slova. Niesla sa v\u00a0pr\u00edjemnej atmosf\u00e9re a porota\u00a0 n\u00e1m podala kon\u0161trukt\u00edvnu kritiku a\u00a0aj n\u00e1pady, ako n\u00e1\u0161 prednes vylep\u0161i\u0165. De\u0148 sme zakon\u010dili s\u00edce len s\u00a0polovi\u010dnou rados\u0165ou, ale d\u00fafame, \u017ee bud\u00faci rok post\u00fapime v\u0161etci. Organiz\u00e1tori u\u017e teraz pl\u00e1nuj\u00fa \u010fal\u0161\u00ed ro\u010dn\u00edk a veria, \u017ee z\u00e1ujem o prednes bude na\u010falej r\u00e1s\u0165.<br>Ninke budeme v\u0161etci dr\u017ea\u0165 palce na region\u00e1lnom kole, ktor\u00e9 sa uskuto\u010dn\u00ed 11.apr\u00edla.<\/p>\n\n\n\n<p>&nbsp;<strong><em>Vikt\u00f3ria Kov\u00e1\u010dikov\u00e1 + Nina Tu\u0161imov\u00e1 <\/em><\/strong><strong><em><\/em><\/strong><\/p>\n\n\n\n<figure class=\"wp-block-gallery has-nested-images columns-default is-cropped wp-block-gallery-1 is-layout-flex wp-block-gallery-is-layout-flex\">\n<figure class=\"wp-block-image size-large\"><a href=\"https:\/\/szslucnalc.sk\/wp-content\/uploads\/2025\/03\/WhatsApp-Image-2025-03-16-at-18.49.06_2f589b67.jpg\"><img loading=\"lazy\" decoding=\"async\" width=\"768\" height=\"1024\" data-id=\"30385\" src=\"https:\/\/szslucnalc.sk\/wp-content\/uploads\/2025\/03\/WhatsApp-Image-2025-03-16-at-18.49.06_2f589b67-768x1024.jpg\" alt=\"\" class=\"wp-image-30385\" srcset=\"https:\/\/szslucnalc.sk\/wp-content\/uploads\/2025\/03\/WhatsApp-Image-2025-03-16-at-18.49.06_2f589b67-768x1024.jpg 768w, https:\/\/szslucnalc.sk\/wp-content\/uploads\/2025\/03\/WhatsApp-Image-2025-03-16-at-18.49.06_2f589b67-225x300.jpg 225w, https:\/\/szslucnalc.sk\/wp-content\/uploads\/2025\/03\/WhatsApp-Image-2025-03-16-at-18.49.06_2f589b67-1152x1536.jpg 1152w, https:\/\/szslucnalc.sk\/wp-content\/uploads\/2025\/03\/WhatsApp-Image-2025-03-16-at-18.49.06_2f589b67-56x75.jpg 56w, https:\/\/szslucnalc.sk\/wp-content\/uploads\/2025\/03\/WhatsApp-Image-2025-03-16-at-18.49.06_2f589b67-563x750.jpg 563w, https:\/\/szslucnalc.sk\/wp-content\/uploads\/2025\/03\/WhatsApp-Image-2025-03-16-at-18.49.06_2f589b67-360x480.jpg 360w, https:\/\/szslucnalc.sk\/wp-content\/uploads\/2025\/03\/WhatsApp-Image-2025-03-16-at-18.49.06_2f589b67-480x640.jpg 480w, https:\/\/szslucnalc.sk\/wp-content\/uploads\/2025\/03\/WhatsApp-Image-2025-03-16-at-18.49.06_2f589b67.jpg 1536w\" sizes=\"auto, (max-width:767px) 480px, (max-width:768px) 100vw, 768px\" \/><\/a><\/figure>\n\n\n\n<figure class=\"wp-block-image size-large\"><a href=\"https:\/\/szslucnalc.sk\/wp-content\/uploads\/2025\/03\/WhatsApp-Image-2025-03-17-at-08.42.26_79538827.jpg\"><img loading=\"lazy\" decoding=\"async\" width=\"768\" height=\"1024\" data-id=\"30384\" src=\"https:\/\/szslucnalc.sk\/wp-content\/uploads\/2025\/03\/WhatsApp-Image-2025-03-17-at-08.42.26_79538827-768x1024.jpg\" alt=\"\" class=\"wp-image-30384\" srcset=\"https:\/\/szslucnalc.sk\/wp-content\/uploads\/2025\/03\/WhatsApp-Image-2025-03-17-at-08.42.26_79538827-768x1024.jpg 768w, https:\/\/szslucnalc.sk\/wp-content\/uploads\/2025\/03\/WhatsApp-Image-2025-03-17-at-08.42.26_79538827-225x300.jpg 225w, https:\/\/szslucnalc.sk\/wp-content\/uploads\/2025\/03\/WhatsApp-Image-2025-03-17-at-08.42.26_79538827-1152x1536.jpg 1152w, https:\/\/szslucnalc.sk\/wp-content\/uploads\/2025\/03\/WhatsApp-Image-2025-03-17-at-08.42.26_79538827-56x75.jpg 56w, https:\/\/szslucnalc.sk\/wp-content\/uploads\/2025\/03\/WhatsApp-Image-2025-03-17-at-08.42.26_79538827-563x750.jpg 563w, https:\/\/szslucnalc.sk\/wp-content\/uploads\/2025\/03\/WhatsApp-Image-2025-03-17-at-08.42.26_79538827-360x480.jpg 360w, https:\/\/szslucnalc.sk\/wp-content\/uploads\/2025\/03\/WhatsApp-Image-2025-03-17-at-08.42.26_79538827-480x640.jpg 480w, https:\/\/szslucnalc.sk\/wp-content\/uploads\/2025\/03\/WhatsApp-Image-2025-03-17-at-08.42.26_79538827.jpg 1200w\" sizes=\"auto, (max-width:767px) 480px, (max-width:768px) 100vw, 768px\" \/><\/a><\/figure>\n<\/figure>\n","protected":false},"excerpt":{"rendered":"<p>S&uacute;&#357;a&#382; v&nbsp;umeleckom prednese pril&aacute;kala &scaron;tudentov zo stredn&yacute;ch &scaron;k&ocirc;l v&nbsp;okrese , ktor&iacute; predviedli svoje umenie pred odbornou porotou aj nad&scaron;en&yacute;m publikom.Okresn&eacute; kolo Hviezdoslavovho Kub&iacute;na&nbsp; sa konalo 14.marca<span class=\"excerpt-hellip\"> [\u2026]<\/span><\/p>\n","protected":false},"author":1001014,"featured_media":30386,"comment_status":"closed","ping_status":"closed","sticky":false,"template":"","format":"standard","meta":{"footnotes":""},"categories":[3],"tags":[],"class_list":["post-30383","post","type-post","status-publish","format-standard","has-post-thumbnail","hentry","category-kultura"],"aioseo_notices":[],"_links":{"self":[{"href":"https:\/\/szslucnalc.sk\/index.php?rest_route=\/wp\/v2\/posts\/30383","targetHints":{"allow":["GET"]}}],"collection":[{"href":"https:\/\/szslucnalc.sk\/index.php?rest_route=\/wp\/v2\/posts"}],"about":[{"href":"https:\/\/szslucnalc.sk\/index.php?rest_route=\/wp\/v2\/types\/post"}],"author":[{"embeddable":true,"href":"https:\/\/szslucnalc.sk\/index.php?rest_route=\/wp\/v2\/users\/1001014"}],"replies":[{"embeddable":true,"href":"https:\/\/szslucnalc.sk\/index.php?rest_route=%2Fwp%2Fv2%2Fcomments&post=30383"}],"version-history":[{"count":1,"href":"https:\/\/szslucnalc.sk\/index.php?rest_route=\/wp\/v2\/posts\/30383\/revisions"}],"predecessor-version":[{"id":30387,"href":"https:\/\/szslucnalc.sk\/index.php?rest_route=\/wp\/v2\/posts\/30383\/revisions\/30387"}],"wp:featuredmedia":[{"embeddable":true,"href":"https:\/\/szslucnalc.sk\/index.php?rest_route=\/wp\/v2\/media\/30386"}],"wp:attachment":[{"href":"https:\/\/szslucnalc.sk\/index.php?rest_route=%2Fwp%2Fv2%2Fmedia&parent=30383"}],"wp:term":[{"taxonomy":"category","embeddable":true,"href":"https:\/\/szslucnalc.sk\/index.php?rest_route=%2Fwp%2Fv2%2Fcategories&post=30383"},{"taxonomy":"post_tag","embeddable":true,"href":"https:\/\/szslucnalc.sk\/index.php?rest_route=%2Fwp%2Fv2%2Ftags&post=30383"}],"curies":[{"name":"wp","href":"https:\/\/api.w.org\/{rel}","templated":true}]}}