{"id":3078,"date":"2018-02-15T14:23:51","date_gmt":"2018-02-15T13:23:51","guid":{"rendered":"https:\/\/szslucnalc.sk\/?p=3078"},"modified":"2018-02-15T14:24:23","modified_gmt":"2018-02-15T13:24:23","slug":"bez-dychu","status":"publish","type":"post","link":"https:\/\/szslucnalc.sk\/?p=3078","title":{"rendered":"Bez dychu"},"content":{"rendered":"<p>Dne\u0161n\u00fa predn\u00e1\u0161ku sme po\u010d\u00favali &#8222;bez dychu&#8220;. A s\u00fa\u010dasne\u00a0 je to aj n\u00e1zov na\u0161ej stredo\u0161kolskej odbornej pr\u00e1ce. Priv\u00edtali sme na na\u0161ej \u0161kole host\u00ed zo Zdru\u017eenia s\u00a0p\u013e\u00facnou hypertenziou. Niektor\u00fdch z nich sme u\u017e aj poznali ako pani Makovn\u00edkov\u00fa a p\u00e1na Marka, ktor\u00ed n\u00e1m v\u00a0decembri doniesli aj r\u00f4zne materi\u00e1ly k na\u0161ej odbornej pr\u00e1ci. Sme im v\u010fa\u010dn\u00ed, \u017ee n\u00e1m pri\u0161li porozpr\u00e1va\u0165 mnoho zauj\u00edmav\u00fdch faktov o tomto ochoren\u00ed. Zauj\u00edmav\u00fd je \u017eivot pacientov pred a po transplant\u00e1cii p\u013e\u00fac. Ve\u013emi n\u00e1s prekvapilo, \u017ee toto ochorenie je tak\u00e9 v\u00e1\u017ene a m\u00f4\u017ee ma\u0165 fat\u00e1lne n\u00e1sledky. Hostia zo zdru\u017eenia pre n\u00e1s pripravili po\u010das predn\u00e1\u0161ky tombolu. L\u00edstok v\u0161ak dostal len ten \u0161tudent, ktor\u00fd polo\u017eil ot\u00e1zku na\u0161im hos\u0165om. Na konci predn\u00e1\u0161ky sa vy\u017erebovali v\u00fdhercovia a dostali r\u00f4zne ceny. Bol to pekn\u00fd poh\u013ead na v\u0161etk\u00fdch spolu\u017eiakov, ako ticho a so z\u00e1ujmom po\u010d\u00favali o tomto menej \u010dastom ochoren\u00ed. Sme radi, \u017ee sme mohli spozna\u0165 tak\u00fdch \u00fa\u017easn\u00fdch \u013eud\u00ed. Ur\u010dite ve\u013ea poznatkov zahrnieme aj do na\u0161ej pr\u00e1ce.<\/p>\n<p><strong><em>Katka+Janka, 3.A<\/em><\/strong><\/p>\n","protected":false},"excerpt":{"rendered":"<p>Dne&scaron;n&uacute; predn&aacute;&scaron;ku sme po&#269;&uacute;vali &bdquo;bez dychu&ldquo;. A s&uacute;&#269;asne&nbsp; je to aj n&aacute;zov na&scaron;ej stredo&scaron;kolskej odbornej pr&aacute;ce. Priv&iacute;tali sme na na&scaron;ej &scaron;kole host&iacute; zo Zdru&#382;enia s&nbsp;p&#318;&uacute;cnou hypertenziou.<span class=\"excerpt-hellip\"> [\u2026]<\/span><\/p>\n","protected":false},"author":2,"featured_media":3079,"comment_status":"closed","ping_status":"closed","sticky":false,"template":"","format":"standard","meta":{"footnotes":""},"categories":[7],"tags":[],"class_list":["post-3078","post","type-post","status-publish","format-standard","has-post-thumbnail","hentry","category-profesia"],"aioseo_notices":[],"_links":{"self":[{"href":"https:\/\/szslucnalc.sk\/index.php?rest_route=\/wp\/v2\/posts\/3078","targetHints":{"allow":["GET"]}}],"collection":[{"href":"https:\/\/szslucnalc.sk\/index.php?rest_route=\/wp\/v2\/posts"}],"about":[{"href":"https:\/\/szslucnalc.sk\/index.php?rest_route=\/wp\/v2\/types\/post"}],"author":[{"embeddable":true,"href":"https:\/\/szslucnalc.sk\/index.php?rest_route=\/wp\/v2\/users\/2"}],"replies":[{"embeddable":true,"href":"https:\/\/szslucnalc.sk\/index.php?rest_route=%2Fwp%2Fv2%2Fcomments&post=3078"}],"version-history":[{"count":1,"href":"https:\/\/szslucnalc.sk\/index.php?rest_route=\/wp\/v2\/posts\/3078\/revisions"}],"predecessor-version":[{"id":3080,"href":"https:\/\/szslucnalc.sk\/index.php?rest_route=\/wp\/v2\/posts\/3078\/revisions\/3080"}],"wp:featuredmedia":[{"embeddable":true,"href":"https:\/\/szslucnalc.sk\/index.php?rest_route=\/wp\/v2\/media\/3079"}],"wp:attachment":[{"href":"https:\/\/szslucnalc.sk\/index.php?rest_route=%2Fwp%2Fv2%2Fmedia&parent=3078"}],"wp:term":[{"taxonomy":"category","embeddable":true,"href":"https:\/\/szslucnalc.sk\/index.php?rest_route=%2Fwp%2Fv2%2Fcategories&post=3078"},{"taxonomy":"post_tag","embeddable":true,"href":"https:\/\/szslucnalc.sk\/index.php?rest_route=%2Fwp%2Fv2%2Ftags&post=3078"}],"curies":[{"name":"wp","href":"https:\/\/api.w.org\/{rel}","templated":true}]}}