{"id":3238,"date":"2018-03-12T08:01:41","date_gmt":"2018-03-12T07:01:41","guid":{"rendered":"https:\/\/szslucnalc.sk\/?p=3238"},"modified":"2018-03-12T08:01:41","modified_gmt":"2018-03-12T07:01:41","slug":"skolske-kolo-soc-2","status":"publish","type":"post","link":"https:\/\/szslucnalc.sk\/?p=3238","title":{"rendered":"\u0160kolsk\u00e9 kolo SO\u010c"},"content":{"rendered":"<p>MD\u017d \u00a0sme na na\u0161ej \u0161kole osl\u00e1vili tradi\u010dnou marcovou odbornou aktivitou. \u017diaci 3. ro\u010dn\u00edka mali mo\u017enos\u0165 zapoji\u0165 sa do prehliadky \u00a0s n\u00e1zvom Stredo\u0161kolsk\u00e1 odborn\u00e1 \u010dinnos\u0165 (SO\u010c). Pracovali sme t\u00edmovo alebo individu\u00e1lne, pod doh\u013eadom svojich konzultantov. Po\u010das p\u00edsania pr\u00e1ce sme boli z\u00fafal\u00ed a z\u00e1rove\u0148 nedo\u010dkav\u00ed, no nakoniec, ke\u010f sme u\u017e pr\u00e1cu dokon\u010dili a dr\u017eali ju vytla\u010den\u00fa a zviazan\u00fa v\u00a0ruk\u00e1ch, sme c\u00edtili\u00a0 rados\u0165 a\u00a0hrdos\u0165 na vykonan\u00e9 \u00a0vedeck\u00e9 \u201edielko\u201c. No \u00fasmev z tv\u00e1re n\u00e1m zmizol, ke\u010f nadi\u0161iel de\u0148 D,\u00a0 kedy sme boli od r\u00e1na v\u00a0strese a nap\u00e4t\u00ed. \u010cakala n\u00e1s obhajoba, kde sme museli odprezentova\u0165 pred porotou ( pani profesorky Sekulov\u00e1, Bol\u010dov\u00e1, B\u00e1lintov\u00e1 ), spolu\u017eiakmi a niektor\u00fdmi profesormi svoju pr\u00e1cu. S\u00fa\u0165a\u017eili sme\u00a0 hlavne s\u00a0pr\u00e1cami z\u00a0odborov zdravotn\u00edctvo, psychol\u00f3gia, no zauj\u00edmav\u00e9 boli\u00a0 aj SO\u010c-ky na\u0161ich folkloristiek \u010di po\u013eovn\u00edka. E\u0161te raz by sme sa chceli po\u010fakova\u0165 v\u0161etk\u00fdm konzultantom za ve\u013ek\u00fa ochotu, bo\u017esk\u00fa trpezlivos\u0165 a cenn\u00e9 odborn\u00e9 rady. Bola to pre n\u00e1s obrovsk\u00e1 sk\u00fasenos\u0165, ktor\u00fa ur\u010dite v bud\u00facnosti vyu\u017eijeme. A na z\u00e1ver&#8230;na rok sa ve\u013emi te\u0161\u00edme na \u010fal\u0161ie zauj\u00edmav\u00e9 SO\u010c-ky \u00a0z\u00a0autorskej dielne na\u0161ich teraj\u0161\u00edch druh\u00e1kov. \ud83d\ude09<\/p>\n<p><em>P.S. Dr\u017ete n\u00e1m palce na krajskom kole.<\/em><\/p>\n<p><strong><em>Ani\u010dka, 3.A<\/em><\/strong><\/p>\n<p><u>A\u00a0tu je zoznam pr\u00e1c aj s\u00a0jej autormi:<\/u><\/p>\n<p><u>S\u00fa\u0165a\u017en\u00e9 kateg\u00f3rie: <\/u><\/p>\n<ol start=\"6\">\n<li><em> zdravotn\u00edctvo a\u00a0farmakol\u00f3gia :<\/em><\/li>\n<li><strong> \u017divot s\u00a0chorobou tis\u00edcich tv\u00e1ri<\/strong> &#8211; Anna Bal\u00e1\u017eov\u00e1 (3.A), J\u00e1n Valent\u00edny (3.B)- 1 miesto<\/li>\n<li><strong> Bez dychu<\/strong> \u2013 Katar\u00edna \u010campov\u00e1, Jana Filipekov\u00e1 (3.A) \u2013 2. miesto<\/li>\n<li><strong> Eduk\u00e1cia pacienta so zavedenou AV fistulou<\/strong> \u2013 Laura Mlyn\u00e1rikov\u00e1 (3.A) \u2013 3 miesto<\/li>\n<li><em> problematika vo\u013en\u00e9ho \u010dasu : <\/em><\/li>\n<li><strong> Mobily a\u00a0ml\u00e1de\u017e<\/strong> \u2013 D\u00e1vid Kov\u00e1\u010d, Adri\u00e1n Miko (3.A) \u2013 1. miesto<\/li>\n<li><strong> Po\u013eovn\u00edctvo moje Hobby<\/strong> \u2013 Mat\u00fa\u0161 Mur\u00e1r, Marek Mur\u00e1r (3.B) \u2013 2. miesto<\/li>\n<li><em> hist\u00f3ria, filozofia, pr\u00e1vne vedy:<\/em><\/li>\n<li><strong> Franklinova v\u00fdprava<\/strong> \u2013 S\u00e1ra Gazd\u00edkov\u00e1 (3.A) \u2013 1. miesto<\/li>\n<li><em> te\u00f3ria kult\u00fary, umenie, umeleck\u00e1, odevn\u00e1 tvorba :<\/em><\/li>\n<li><strong> Novohrad versus Podpo\u013eanie \u2013 <\/strong>Michaela Hukelov\u00e1, Simona Balogov\u00e1 (3.B) 1. miesto<\/li>\n<li><em> pedagogika, psychol\u00f3gia, sociol\u00f3gia :<\/em><\/li>\n<li><strong> Vn\u00edmanie seba a\u00a0svojho okolia pomocou baz\u00e1lnej stimul\u00e1cie \u2013 <\/strong>Lenka Plichtov\u00e1, So\u0148a Tomalov\u00e1, Dominika Sv\u00e1kusov\u00e1 (3.A) \u2013 1 miesto<\/li>\n<li><strong> Dobrovo\u013en\u00edctvo na SZ\u0160 Lu\u010denec<\/strong> \u2013 Krist\u00edna Drugdov\u00e1, Vojtech Balog (3. A) \u2013 2. miesto<\/li>\n<li><strong> Faj\u010denie a\u00a0antikoncepcia<\/strong> \u2013 Dominika Murin\u010dekov\u00e1, Zuzana Stierankov\u00e1 (3.B)- 3. miesto<\/li>\n<\/ol>\n","protected":false},"excerpt":{"rendered":"<p>MD&#381; &nbsp;sme na na&scaron;ej &scaron;kole osl&aacute;vili tradi&#269;nou marcovou odbornou aktivitou. &#381;iaci 3. ro&#269;n&iacute;ka mali mo&#382;nos&#357; zapoji&#357; sa do prehliadky &nbsp;s n&aacute;zvom Stredo&scaron;kolsk&aacute; odborn&aacute; &#269;innos&#357; (SO&#268;). Pracovali<span class=\"excerpt-hellip\"> [\u2026]<\/span><\/p>\n","protected":false},"author":2,"featured_media":3256,"comment_status":"closed","ping_status":"closed","sticky":false,"template":"","format":"standard","meta":{"footnotes":""},"categories":[8],"tags":[],"class_list":["post-3238","post","type-post","status-publish","format-standard","has-post-thumbnail","hentry","category-ine"],"aioseo_notices":[],"_links":{"self":[{"href":"https:\/\/szslucnalc.sk\/index.php?rest_route=\/wp\/v2\/posts\/3238","targetHints":{"allow":["GET"]}}],"collection":[{"href":"https:\/\/szslucnalc.sk\/index.php?rest_route=\/wp\/v2\/posts"}],"about":[{"href":"https:\/\/szslucnalc.sk\/index.php?rest_route=\/wp\/v2\/types\/post"}],"author":[{"embeddable":true,"href":"https:\/\/szslucnalc.sk\/index.php?rest_route=\/wp\/v2\/users\/2"}],"replies":[{"embeddable":true,"href":"https:\/\/szslucnalc.sk\/index.php?rest_route=%2Fwp%2Fv2%2Fcomments&post=3238"}],"version-history":[{"count":1,"href":"https:\/\/szslucnalc.sk\/index.php?rest_route=\/wp\/v2\/posts\/3238\/revisions"}],"predecessor-version":[{"id":3246,"href":"https:\/\/szslucnalc.sk\/index.php?rest_route=\/wp\/v2\/posts\/3238\/revisions\/3246"}],"wp:featuredmedia":[{"embeddable":true,"href":"https:\/\/szslucnalc.sk\/index.php?rest_route=\/wp\/v2\/media\/3256"}],"wp:attachment":[{"href":"https:\/\/szslucnalc.sk\/index.php?rest_route=%2Fwp%2Fv2%2Fmedia&parent=3238"}],"wp:term":[{"taxonomy":"category","embeddable":true,"href":"https:\/\/szslucnalc.sk\/index.php?rest_route=%2Fwp%2Fv2%2Fcategories&post=3238"},{"taxonomy":"post_tag","embeddable":true,"href":"https:\/\/szslucnalc.sk\/index.php?rest_route=%2Fwp%2Fv2%2Ftags&post=3238"}],"curies":[{"name":"wp","href":"https:\/\/api.w.org\/{rel}","templated":true}]}}