{"id":3347,"date":"2018-03-31T10:58:31","date_gmt":"2018-03-31T08:58:31","guid":{"rendered":"https:\/\/szslucnalc.sk\/?p=3347"},"modified":"2018-03-31T10:58:31","modified_gmt":"2018-03-31T08:58:31","slug":"kniha-priatel-cloveka","status":"publish","type":"post","link":"https:\/\/szslucnalc.sk\/?p=3347","title":{"rendered":"Kniha \u2013 priate\u013e \u010dloveka?"},"content":{"rendered":"<p><em>Pohodln\u00e9 kreslo, deka, \u010daj a\u00a0roz\u010d\u00edtan\u00e1 kniha&#8230; St\u00e1le pre v\u00e4\u010d\u0161inu mlad\u00fdch \u013eud\u00ed absurdn\u00e1, nel\u00e1kav\u00e1 a\u00a0nudn\u00e1 predstava be\u017en\u00e9ho ve\u010dera.<\/em><\/p>\n<p>Na na\u0161ej zdravotke sme Marec- mesiac knihy a\u00a0T\u00fd\u017ede\u0148 slovensk\u00fdch kni\u017en\u00edc od\u0161tartovali tradi\u010dnou recita\u010dnou aktivitou<strong>&#8211; \u0161kolsk\u00fdm kolom Hviezdoslavovho Kub\u00edna<\/strong>\u00a0 7. marca. Do recita\u010dnej s\u00fa\u0165a\u017ee sa zapojilo 10 diev\u010dat, 5 v\u00a0kateg\u00f3rii po\u00e9zia a\u00a05 v\u00a0kateg\u00f3rii pr\u00f3za. Porotu tvorili pani profesorky B\u00e1lintov\u00e1 a\u00a0J\u00e1no\u0161\u00edkov\u00e1- Mat\u00fa\u0161kov\u00e1 a\u00a0n\u00e1\u0161 p\u00e1n riadite\u013e. Komisia ocenila v\u00fdber umeleck\u00fdch textov a\u00a0ohodnotila jednotliv\u00e9 recita\u010dn\u00e9 v\u00fdkony. Po \u0165a\u017ekom rozhodovan\u00ed nakoniec vybrala ako postupuj\u00face do vy\u0161\u0161ieho kola Lauru Mlyn\u00e1rikov\u00fa (3.A) s\u00a0b\u00e1sni\u010dkou Od Miroslava V\u00e1lka a\u00a0Annum\u00e1riu Moln\u00e1rov\u00fa (1.B) s\u00a0hrav\u00fdm prozaick\u00fdm textom od \u013dubom\u00edra Feldeka.<\/p>\n<p>V\u00a0kateg\u00f3rii P<u>o\u00e9zia<\/u> s\u00fa\u0165a\u017eili:\u00a0 Laura Mlyn\u00e1rikov\u00e1 (3.A), Simona Kov\u00e1\u010dikov\u00e1 (3.B), Karla Fridrichov\u00e1 (4.A),\u00a0 Nikoleta Nagyov\u00e1 (2.B), Anna \u010cie\u0161kov\u00e1 (1.A).<\/p>\n<p>V\u00a0kateg\u00f3rii <u>Pr\u00f3za<\/u> s\u00fa\u0165a\u017eili : Annam\u00e1ria Moln\u00e1rov\u00e1 (1.B), Alexandra \u0160u\u013eajov\u00e1 (4.B), Patr\u00edcia Repkov\u00e1 (4.A), S\u00e1ra Gazd\u00edkov\u00e1 (3.A), Emma Sekulov\u00e1 (2.B).<\/p>\n<p><strong>Na\u0161e recit\u00e1torky n\u00e1s \u00faspe\u0161ne reprezentovali na obvodnom kole Hviezdoslavovho Kub\u00edna\u00a0 9. marca. Laura Mlyn\u00e1rikov\u00e1 z\u00edskala striebro, Annam\u00e1ria Moln\u00e1rov\u00e1 bronz a\u00a0obidve post\u00fapili na region\u00e1lne kolo. Blaho\u017eel\u00e1me! <\/strong><\/p>\n<p>V\u00a0t\u00fd\u017edni 19.- 23. marca sme realizovali na \u0161kole <strong>\u010citate\u013esk\u00fd marat\u00f3n<\/strong>. My u\u010ditelia sme na vyu\u010dovan\u00ed \u010d\u00edtali \u017eiakom z\u00a0na\u0161ich ob\u013e\u00faben\u00fdch kni\u017eiek, a\u00a0tak sme im chceli\u00a0 svoj\u00edm osobn\u00fdm pr\u00edkladom uk\u00e1za\u0165, ak\u00e9 je \u010d\u00edtanie d\u00f4le\u017eit\u00e9 pre \u017eivot\u00a0 a\u00a0z\u00e1rove\u0148 pr\u00edjemn\u00e9 str\u00e1venie vo\u013en\u00e9ho \u010dasu.<\/p>\n<p>Vo vestibule \u0161koly od utorka prebiehala <strong>Burza kn\u00edh,<\/strong> kde si mohli \u017eiaci, u\u010ditelia aj zamestnanci vybra\u0165 kni\u017eky z\u00a0beletrie za akciov\u00e9 ceny. S\u00a0burzou sloven\u010din\u00e1rke pom\u00e1hali Annam\u00e1ria Moln\u00e1rov\u00e1,\u00a0Bernadett Tam\u00e1\u0161ov\u00e1, Nikola Mi\u010dodov\u00e1 a\u00a0Alexandra Pacherov\u00e1 \u00a0z\u00a01.B, Emma Sekulov\u00e1 a\u00a0Aneta Sab\u00f3ov\u00e1 z\u00a02.B triedy, Michaela Hukelov\u00e1 a\u00a0Simona Balogov\u00e1 z\u00a03.B.<\/p>\n<p><em>Touto cestou by sme sa chceli po\u010fakova\u0165 predajni KNIHY- DAR\u010cEKY DOV\u00c1\u013d v\u00a0Lu\u010denci za zorganizovanie tejto burzy. <\/em><\/p>\n<p><strong><em>A.B.\u00a0\u00a0 <\/em><\/strong><\/p>\n","protected":false},"excerpt":{"rendered":"<p>Pohodln&eacute; kreslo, deka, &#269;aj a&nbsp;roz&#269;&iacute;tan&aacute; kniha&hellip; St&aacute;le pre v&auml;&#269;&scaron;inu mlad&yacute;ch &#318;ud&iacute; absurdn&aacute;, nel&aacute;kav&aacute; a&nbsp;nudn&aacute; predstava be&#382;n&eacute;ho ve&#269;era. Na na&scaron;ej zdravotke sme Marec- mesiac knihy a&nbsp;T&yacute;&#382;de&#328; slovensk&yacute;ch<span class=\"excerpt-hellip\"> [\u2026]<\/span><\/p>\n","protected":false},"author":2,"featured_media":3349,"comment_status":"closed","ping_status":"closed","sticky":false,"template":"","format":"image","meta":{"footnotes":""},"categories":[3],"tags":[],"class_list":["post-3347","post","type-post","status-publish","format-image","has-post-thumbnail","hentry","category-kultura","post_format-post-format-image"],"aioseo_notices":[],"_links":{"self":[{"href":"https:\/\/szslucnalc.sk\/index.php?rest_route=\/wp\/v2\/posts\/3347","targetHints":{"allow":["GET"]}}],"collection":[{"href":"https:\/\/szslucnalc.sk\/index.php?rest_route=\/wp\/v2\/posts"}],"about":[{"href":"https:\/\/szslucnalc.sk\/index.php?rest_route=\/wp\/v2\/types\/post"}],"author":[{"embeddable":true,"href":"https:\/\/szslucnalc.sk\/index.php?rest_route=\/wp\/v2\/users\/2"}],"replies":[{"embeddable":true,"href":"https:\/\/szslucnalc.sk\/index.php?rest_route=%2Fwp%2Fv2%2Fcomments&post=3347"}],"version-history":[{"count":1,"href":"https:\/\/szslucnalc.sk\/index.php?rest_route=\/wp\/v2\/posts\/3347\/revisions"}],"predecessor-version":[{"id":3350,"href":"https:\/\/szslucnalc.sk\/index.php?rest_route=\/wp\/v2\/posts\/3347\/revisions\/3350"}],"wp:featuredmedia":[{"embeddable":true,"href":"https:\/\/szslucnalc.sk\/index.php?rest_route=\/wp\/v2\/media\/3349"}],"wp:attachment":[{"href":"https:\/\/szslucnalc.sk\/index.php?rest_route=%2Fwp%2Fv2%2Fmedia&parent=3347"}],"wp:term":[{"taxonomy":"category","embeddable":true,"href":"https:\/\/szslucnalc.sk\/index.php?rest_route=%2Fwp%2Fv2%2Fcategories&post=3347"},{"taxonomy":"post_tag","embeddable":true,"href":"https:\/\/szslucnalc.sk\/index.php?rest_route=%2Fwp%2Fv2%2Ftags&post=3347"}],"curies":[{"name":"wp","href":"https:\/\/api.w.org\/{rel}","templated":true}]}}