{"id":33751,"date":"2025-10-23T14:36:28","date_gmt":"2025-10-23T12:36:28","guid":{"rendered":"https:\/\/szslucnalc.sk\/?p=33751"},"modified":"2025-10-23T14:36:30","modified_gmt":"2025-10-23T12:36:30","slug":"zalozka-do-knihy-spaja-skoly","status":"publish","type":"post","link":"https:\/\/szslucnalc.sk\/?p=33751","title":{"rendered":"Z\u00c1LO\u017dKA DO KNIHY SP\u00c1JA \u0160KOLY"},"content":{"rendered":"\n<p><em><strong>\u201cKniha je n\u00e1strojom, ktor\u00fd zapa\u013euje predstavivos\u0165.\u201d<\/strong><\/em><em><strong><\/strong><\/em><\/p>\n\n\n\n<p><strong>Na na\u0161ej zdravotke sme sa znovu zapojili do projektu,&nbsp;<\/strong>ktor\u00fd organizuje Slovensk\u00e1 pedagogick\u00e1 kni\u017enica v&nbsp;Bratislave.<strong>&nbsp;T\u00e9mou tohto ro\u010dn\u00edka je :&nbsp;<\/strong><strong><em>Najob\u013e\u00fabenej\u0161\u00ed cit\u00e1t z knihy, ktor\u00e1 zmenila m\u00f4j poh\u013ead na svet.&nbsp;<\/em><\/strong><em>&nbsp;<\/em><em><\/em><\/p>\n\n\n\n<p><strong>Tento rok\u00a0 sa do projektu zapojilo 35 \u00a0\u00a0\u0161tudentov 1.ro\u010dn\u00edka \/ 1.A- 23 a 1.B- 12 \/ .\u00a0\u00a0<\/strong>Ako dru\u017eobn\u00fa \u0161kolu n\u00e1m vybrali \u00a0<em><strong>Stredn\u00fa \u0161portov\u00fa \u0161kolu v\u00a0 Ko\u0161iciach.<\/strong><\/em><br>Ver\u00edme, \u017ee vz\u00e1jomn\u00e1 v\u00fdmena z\u00e1lo\u017eiek privedie na\u0161ich prv\u00e1kov k pre\u010d\u00edtaniu si knihy po\u010das jesenn\u00fdch ve\u010derov. \u00a0<\/p>\n\n\n\n<p><em><strong>A.B.<\/strong><\/em><em><strong><\/strong><\/em><\/p>\n\n\n\n<figure class=\"wp-block-gallery has-nested-images columns-default is-cropped wp-block-gallery-1 is-layout-flex wp-block-gallery-is-layout-flex\">\n<figure class=\"wp-block-image size-large\"><a href=\"https:\/\/szslucnalc.sk\/wp-content\/uploads\/2025\/10\/WhatsApp-Image-2025-10-23-at-10.19.52_5ee4d68f.jpg\"><img loading=\"lazy\" decoding=\"async\" width=\"1024\" height=\"460\" data-id=\"33752\" src=\"https:\/\/szslucnalc.sk\/wp-content\/uploads\/2025\/10\/WhatsApp-Image-2025-10-23-at-10.19.52_5ee4d68f-1024x460.jpg\" alt=\"\" class=\"wp-image-33752\" srcset=\"https:\/\/szslucnalc.sk\/wp-content\/uploads\/2025\/10\/WhatsApp-Image-2025-10-23-at-10.19.52_5ee4d68f-1024x460.jpg 1024w, https:\/\/szslucnalc.sk\/wp-content\/uploads\/2025\/10\/WhatsApp-Image-2025-10-23-at-10.19.52_5ee4d68f-300x135.jpg 300w, https:\/\/szslucnalc.sk\/wp-content\/uploads\/2025\/10\/WhatsApp-Image-2025-10-23-at-10.19.52_5ee4d68f-768x345.jpg 768w, https:\/\/szslucnalc.sk\/wp-content\/uploads\/2025\/10\/WhatsApp-Image-2025-10-23-at-10.19.52_5ee4d68f-1536x690.jpg 1536w, https:\/\/szslucnalc.sk\/wp-content\/uploads\/2025\/10\/WhatsApp-Image-2025-10-23-at-10.19.52_5ee4d68f-150x67.jpg 150w, https:\/\/szslucnalc.sk\/wp-content\/uploads\/2025\/10\/WhatsApp-Image-2025-10-23-at-10.19.52_5ee4d68f-960x431.jpg 960w, https:\/\/szslucnalc.sk\/wp-content\/uploads\/2025\/10\/WhatsApp-Image-2025-10-23-at-10.19.52_5ee4d68f-1069x480.jpg 1069w, https:\/\/szslucnalc.sk\/wp-content\/uploads\/2025\/10\/WhatsApp-Image-2025-10-23-at-10.19.52_5ee4d68f-480x216.jpg 480w, https:\/\/szslucnalc.sk\/wp-content\/uploads\/2025\/10\/WhatsApp-Image-2025-10-23-at-10.19.52_5ee4d68f.jpg 2040w\" sizes=\"auto, (max-width:767px) 480px, (max-width:1024px) 100vw, 1024px\" \/><\/a><\/figure>\n<\/figure>\n","protected":false},"excerpt":{"rendered":"<p>&ldquo;Kniha je n&aacute;strojom, ktor&yacute; zapa&#318;uje predstavivos&#357;.&rdquo; Na na&scaron;ej zdravotke sme sa znovu zapojili do projektu,&nbsp;ktor&yacute; organizuje Slovensk&aacute; pedagogick&aacute; kni&#382;nica v&nbsp;Bratislave.&nbsp;T&eacute;mou tohto ro&#269;n&iacute;ka je :&nbsp;Najob&#318;&uacute;benej&scaron;&iacute; cit&aacute;t z<span class=\"excerpt-hellip\"> [\u2026]<\/span><\/p>\n","protected":false},"author":1001014,"featured_media":33752,"comment_status":"closed","ping_status":"closed","sticky":false,"template":"","format":"standard","meta":{"footnotes":""},"categories":[3],"tags":[],"class_list":["post-33751","post","type-post","status-publish","format-standard","has-post-thumbnail","hentry","category-kultura"],"aioseo_notices":[],"_links":{"self":[{"href":"https:\/\/szslucnalc.sk\/index.php?rest_route=\/wp\/v2\/posts\/33751","targetHints":{"allow":["GET"]}}],"collection":[{"href":"https:\/\/szslucnalc.sk\/index.php?rest_route=\/wp\/v2\/posts"}],"about":[{"href":"https:\/\/szslucnalc.sk\/index.php?rest_route=\/wp\/v2\/types\/post"}],"author":[{"embeddable":true,"href":"https:\/\/szslucnalc.sk\/index.php?rest_route=\/wp\/v2\/users\/1001014"}],"replies":[{"embeddable":true,"href":"https:\/\/szslucnalc.sk\/index.php?rest_route=%2Fwp%2Fv2%2Fcomments&post=33751"}],"version-history":[{"count":2,"href":"https:\/\/szslucnalc.sk\/index.php?rest_route=\/wp\/v2\/posts\/33751\/revisions"}],"predecessor-version":[{"id":33754,"href":"https:\/\/szslucnalc.sk\/index.php?rest_route=\/wp\/v2\/posts\/33751\/revisions\/33754"}],"wp:featuredmedia":[{"embeddable":true,"href":"https:\/\/szslucnalc.sk\/index.php?rest_route=\/wp\/v2\/media\/33752"}],"wp:attachment":[{"href":"https:\/\/szslucnalc.sk\/index.php?rest_route=%2Fwp%2Fv2%2Fmedia&parent=33751"}],"wp:term":[{"taxonomy":"category","embeddable":true,"href":"https:\/\/szslucnalc.sk\/index.php?rest_route=%2Fwp%2Fv2%2Fcategories&post=33751"},{"taxonomy":"post_tag","embeddable":true,"href":"https:\/\/szslucnalc.sk\/index.php?rest_route=%2Fwp%2Fv2%2Ftags&post=33751"}],"curies":[{"name":"wp","href":"https:\/\/api.w.org\/{rel}","templated":true}]}}