{"id":3379,"date":"2018-04-09T11:47:33","date_gmt":"2018-04-09T09:47:33","guid":{"rendered":"https:\/\/szslucnalc.sk\/?p=3379"},"modified":"2018-04-10T11:52:27","modified_gmt":"2018-04-10T09:52:27","slug":"superili-sme-s-gymnazistami-na-krajskom-kole","status":"publish","type":"post","link":"https:\/\/szslucnalc.sk\/?p=3379","title":{"rendered":"S\u00faperili sme s gymnazistami na krajskom kole"},"content":{"rendered":"<p><em>V\u0161etci v\u00ed\u0165azi\u00a0 \u0161kolsk\u00e9ho kola SO\u010c sa v\u00a0piatok 06.apr\u00edla 2018 z\u00fa\u010dastnili krajsk\u00e9ho kola prehliadky \u00a0stredo\u0161kolskej odbornej \u010dinnosti, ktor\u00e9 sa konalo na Prvom s\u00fakromnom gymn\u00e1ziu v\u00a0Lu\u010denci.<br \/>\n<\/em>Sl\u00e1vnostn\u00e9 otvorenie s\u00fa\u0165a\u017ee prebehlo v\u00a0skvelej atmosf\u00e9re v\u00a0budove synag\u00f3gy, kde organiz\u00e1tori s\u00fa\u0165a\u017ee v\u0161etk\u00fdch z\u00fa\u010dastnen\u00fdch pekne priv\u00edtali a\u00a0s\u00fa\u0165a\u017eiacim popriali ve\u013ea \u0161\u0165astia pri ich obhajobe pr\u00e1c. Po sl\u00e1vnostnom otvoren\u00ed s\u00fa\u0165a\u017ee sa v\u0161etci s\u00fa\u0165a\u017eiaci z\u00a0r\u00f4znych okresov Banskobystrick\u00e9ho kraja presunuli autobusom na miesto konania s\u00fa\u0165a\u017ee, na Prv\u00e9 s\u00fakromn\u00e9 gymn\u00e1zium, s\u00eddliace v\u00a0Opatovej. \u0160tudenti sa zaradili pod\u013ea s\u00fa\u0165a\u017en\u00fdch kateg\u00f3ri\u00ed a\u00a0obhajoba pr\u00e1c pred \u0161tvor\u010dlenn\u00fdmi \u00a0odborn\u00fdmi porotami mohla za\u010da\u0165. Pri\u00a0v\u0161etk\u00fdch s\u00fa\u0165a\u017eiacich bolo c\u00edti\u0165 ve\u013ek\u00e9 nap\u00e4tie a\u00a0men\u0161\u00ed strach z\u00a0toho, \u010do ich \u010dak\u00e1.<br \/>\n<strong>Za na\u0161u \u0161kolu si obh\u00e1jili 1.miesto a\u00a0postup na <u>celo\u0161t\u00e1tne kolo<\/u> konaj\u00face sa v\u00a0\u017diline Dominika Sv\u00e1kusov\u00e1, So\u0148a Tomalov\u00e1 a\u00a0Lenka Plichtov\u00e1 \u00a0z\u00a03.A s\u00a0t\u00e9mou Baz\u00e1lna stimul\u00e1cia v\u00a0odbore 17- psychol\u00f3gia a\u00a0pedagogika. <\/strong>\u010ealej sa krajsk\u00e9ho kola z\u00fa\u010dastnili \u017eiaci z\u00a03.A- Katar\u00edna \u010campov\u00e1,\u00a0Janka Filipekov\u00e1, D\u00e1vid Kov\u00e1\u010d,\u00a0Adri\u00e1n Miko, Krist\u00edna Drugdov\u00e1,\u00a0Vojtech Balog, Anna Bal\u00e1\u017eov\u00e1 a\u00a0\u00a0z\u00a03.B to boli \u017eiaci- J\u00e1n Valent\u00edny, Simona Balogov\u00e1,\u00a0Michaela Hukelov\u00e1, Marek a\u00a0Mat\u00fa\u0161 Mur\u00e1rovci. <strong>Dokopy na\u0161u \u0161kolu reprezentovalo tento rok a\u017e\u00a0 7 SO\u010c-iek v\u00a0silnej konkurencii gymnazistov z\u00a0cel\u00e9ho kraja<\/strong>. V\u0161etci s\u00fa\u0165a\u017eiaci z\u00edskali ve\u013ea nov\u00fdch sk\u00fasenost\u00ed v obhajobe pr\u00e1c a\u00a0z\u00e1rove\u0148 sa dozvedeli aj mnoho noviniek \u00a0z\u00a0prezent\u00e1ci\u00ed \u017eiakov in\u00fdch \u0161k\u00f4l.<br \/>\n<em>Na z\u00e1ver by sme sa chceli e\u0161te raz ve\u013emi pekne po\u010fakova\u0165 na\u0161im konzultantom, preto\u017ee bez nich by sme nemali mo\u017enos\u0165 za\u017ei\u0165 tak\u00fa skvel\u00fa s\u00fa\u0165a\u017e, ktor\u00e1 n\u00e1m toho dala do \u017eivota \u00a0naozaj ve\u013ea. \u00a0Sme hrd\u00ed, \u017ee sme vytvorili rekord v\u00a0po\u010dte SO\u010c-iek na krajskej prehliadke. V\u00ed\u0165azk\u00e1m budeme dr\u017ea\u0165 palce na celo\u0161t\u00e1tnom kole.<\/em><\/p>\n<p><strong><em>Ani\u010dka, 3.A<\/em><\/strong><\/p>\n","protected":false},"excerpt":{"rendered":"<p>V&scaron;etci v&iacute;&#357;azi&nbsp; &scaron;kolsk&eacute;ho kola SO&#268; sa v&nbsp;piatok 06.apr&iacute;la 2018 z&uacute;&#269;astnili krajsk&eacute;ho kola prehliadky &nbsp;stredo&scaron;kolskej odbornej &#269;innosti, ktor&eacute; sa konalo na Prvom s&uacute;kromnom gymn&aacute;ziu v&nbsp;Lu&#269;enci. Sl&aacute;vnostn&eacute; otvorenie<span class=\"excerpt-hellip\"> [\u2026]<\/span><\/p>\n","protected":false},"author":2,"featured_media":3380,"comment_status":"closed","ping_status":"closed","sticky":false,"template":"","format":"standard","meta":{"footnotes":""},"categories":[8,7],"tags":[],"class_list":["post-3379","post","type-post","status-publish","format-standard","has-post-thumbnail","hentry","category-ine","category-profesia"],"aioseo_notices":[],"_links":{"self":[{"href":"https:\/\/szslucnalc.sk\/index.php?rest_route=\/wp\/v2\/posts\/3379","targetHints":{"allow":["GET"]}}],"collection":[{"href":"https:\/\/szslucnalc.sk\/index.php?rest_route=\/wp\/v2\/posts"}],"about":[{"href":"https:\/\/szslucnalc.sk\/index.php?rest_route=\/wp\/v2\/types\/post"}],"author":[{"embeddable":true,"href":"https:\/\/szslucnalc.sk\/index.php?rest_route=\/wp\/v2\/users\/2"}],"replies":[{"embeddable":true,"href":"https:\/\/szslucnalc.sk\/index.php?rest_route=%2Fwp%2Fv2%2Fcomments&post=3379"}],"version-history":[{"count":1,"href":"https:\/\/szslucnalc.sk\/index.php?rest_route=\/wp\/v2\/posts\/3379\/revisions"}],"predecessor-version":[{"id":3390,"href":"https:\/\/szslucnalc.sk\/index.php?rest_route=\/wp\/v2\/posts\/3379\/revisions\/3390"}],"wp:featuredmedia":[{"embeddable":true,"href":"https:\/\/szslucnalc.sk\/index.php?rest_route=\/wp\/v2\/media\/3380"}],"wp:attachment":[{"href":"https:\/\/szslucnalc.sk\/index.php?rest_route=%2Fwp%2Fv2%2Fmedia&parent=3379"}],"wp:term":[{"taxonomy":"category","embeddable":true,"href":"https:\/\/szslucnalc.sk\/index.php?rest_route=%2Fwp%2Fv2%2Fcategories&post=3379"},{"taxonomy":"post_tag","embeddable":true,"href":"https:\/\/szslucnalc.sk\/index.php?rest_route=%2Fwp%2Fv2%2Ftags&post=3379"}],"curies":[{"name":"wp","href":"https:\/\/api.w.org\/{rel}","templated":true}]}}