{"id":3404,"date":"2018-04-15T08:40:29","date_gmt":"2018-04-15T06:40:29","guid":{"rendered":"https:\/\/szslucnalc.sk\/?p=3404"},"modified":"2018-04-15T08:52:04","modified_gmt":"2018-04-15T06:52:04","slug":"zmenili-sme-piatok-13-teho-na-lepsi-den","status":"publish","type":"post","link":"https:\/\/szslucnalc.sk\/?p=3404","title":{"rendered":"Zmenili sme piatok 13- teho na lep\u0161\u00ed de\u0148&#8230;"},"content":{"rendered":"<p>Ka\u017ed\u00e1 choroba zasahuje do \u017eivota \u010dloveka, men\u00ed \u017eivotn\u00e9 podmienky, pracovn\u00fd proces, rolu rodi\u010da a partnera. Osobitne to plat\u00ed pre onkologick\u00e9 ochorenia. Onkologick\u00fdch pacientov ka\u017edoro\u010dne prib\u00fada aj napriek tomu, \u017ee v\u00a0lie\u010dbe nastali ve\u013ek\u00e9 pokroky. Pripnut\u00edm \u017elt\u00e9ho narcisu ako symbolu n\u00e1deje tak mo\u017eno vyjadri\u0165 solidaritu so v\u0161etk\u00fdmi, ktor\u00ed s t\u00fdmto ochoren\u00edm z\u00e1pasia. Je to prejav pomoci a\u00a0spolupatri\u010dnosti s\u00a0onkologick\u00fdmi pacientmi.<\/p>\n<p>De\u0148 narcisov je bl\u00edzky aj n\u00e1m, bud\u00facim zdravotn\u00edkom. Tradi\u010dne sme sa zaradili medzi dobrovo\u013en\u00edkov v\u00a0uliciach mesta \u00a0Lu\u010denec a\u00a0pomohli dobrej veci. 30 \u017eiakov tret\u00edch ro\u010dn\u00edkov v\u00a0tyrkysovomodr\u00fdch tri\u010dk\u00e1ch s logom LIGA PROTI RAKOVINE\u00a0 a\u00a0s papierov\u00fdmi pokladni\u010dkami tmavo\u017eltej farby v ruk\u00e1ch sa vybralo na svoje stanovi\u0161tia. \u017diaci upozor\u0148ovali na v\u00fdskyt onkologick\u00fdch ochoren\u00ed v\u00a0s\u00fa\u010dasnosti a\u00a0\u013eudia mohli dobrovo\u013ene prispie\u0165 symbolickou sumou.<\/p>\n<p>Finan\u010dn\u00e1 zbierka bola spojen\u00e1 s\u00a0prip\u00ednan\u00edm symbolu boja proti rakovine\u00a0 \u2013\u00a0 \u017elt\u00e9ho narcisu.<\/p>\n<p>Vlani sa vyzbieralo v uliciach vy\u0161e 942 856 eur. &#8222;<em>Viac ako 914 635 eur sme po\u010das uplynul\u00e9ho roka pou\u017eili na zastre\u0161enie a realiz\u00e1ciu psychosoci\u00e1lnych projektov pre onkologick\u00fdch pacientov, na podporu v\u00fdskumu, nemocni\u010dn\u00fdch a zdravotn\u00edckych zariaden\u00ed, no v neposlednom rade aj na podporu informovanosti o prevencii a zdravom \u017eivotnom \u0161t\u00fdle,<\/em>&#8220; uviedla mana\u017e\u00e9rka LPR Nat\u00e1lia \u0160pesov\u00e1.<\/p>\n\n\t\t\t<style type='text\/css'>\n\t\t\t\t#sc_gallery-1 {\n\t\t\t\t\tmargin: auto;\n\t\t\t\t}\n\t\t\t\t#sc_gallery-1 .gallery-item {\n\t\t\t\t\tfloat: left;\n\t\t\t\t\ttext-align: center;\n\t\t\t\t\twidth: 49.99%;\n\t\t\t\t}\n\t\t\t\t#sc_gallery-1 img {\n\t\t\t\t\tborder: 2px solid #cfcfcf;\n\t\t\t\t}\n\t\t\t\t\/* see sc_gallery() in functions\/theme-shortcodes.php *\/\n\t\t\t<\/style>\n\t\t<div id='sc_gallery-1' class='gallery galleryid-3404 gallery-columns-2 gallery-size-large file element_classes gallery-default'><dl class='gallery-item'  data-title='20180413_093701 \u2013 k\u00f3pia' data-description=''><div class='gallery-item-wrapper'>\n\t\t\t\t<dt class='gallery-icon portrait'>\n\t\t\t\t\t<a href='https:\/\/szslucnalc.sk\/wp-content\/uploads\/2018\/04\/20180413_093701-\u2013-k\u00f3pia-e1523774336497.jpg'><img loading=\"lazy\" decoding=\"async\" width=\"768\" height=\"1024\" src=\"https:\/\/szslucnalc.sk\/wp-content\/uploads\/2018\/04\/20180413_093701-\u2013-k\u00f3pia-e1523774336497-768x1024.jpg\" class=\"attachment-large size-large\" alt=\"\" srcset=\"https:\/\/szslucnalc.sk\/wp-content\/uploads\/2018\/04\/20180413_093701-\u2013-k\u00f3pia-e1523774336497.jpg 768w, https:\/\/szslucnalc.sk\/wp-content\/uploads\/2018\/04\/20180413_093701-\u2013-k\u00f3pia-e1523774336497-225x300.jpg 225w, https:\/\/szslucnalc.sk\/wp-content\/uploads\/2018\/04\/20180413_093701-\u2013-k\u00f3pia-e1523774336497-110x146.jpg 110w, https:\/\/szslucnalc.sk\/wp-content\/uploads\/2018\/04\/20180413_093701-\u2013-k\u00f3pia-e1523774336497-38x50.jpg 38w, https:\/\/szslucnalc.sk\/wp-content\/uploads\/2018\/04\/20180413_093701-\u2013-k\u00f3pia-e1523774336497-56x75.jpg 56w, https:\/\/szslucnalc.sk\/wp-content\/uploads\/2018\/04\/20180413_093701-\u2013-k\u00f3pia-e1523774336497-563x750.jpg 563w, https:\/\/szslucnalc.sk\/wp-content\/uploads\/2018\/04\/20180413_093701-\u2013-k\u00f3pia-e1523774336497-360x480.jpg 360w\" sizes=\"auto, (max-width:767px) 480px, (max-width:768px) 100vw, 768px\" \/><\/a>\n\t\t\t\t<\/dt><\/div><\/dl><dl class='gallery-item'  data-title='20180413_093852 \u2013 k\u00f3pia' data-description=''><div class='gallery-item-wrapper'>\n\t\t\t\t<dt class='gallery-icon portrait'>\n\t\t\t\t\t<a href='https:\/\/szslucnalc.sk\/wp-content\/uploads\/2018\/04\/20180413_093852-\u2013-k\u00f3pia-e1523774324992.jpg'><img loading=\"lazy\" decoding=\"async\" width=\"768\" height=\"1024\" src=\"https:\/\/szslucnalc.sk\/wp-content\/uploads\/2018\/04\/20180413_093852-\u2013-k\u00f3pia-e1523774324992-768x1024.jpg\" class=\"attachment-large size-large\" alt=\"\" srcset=\"https:\/\/szslucnalc.sk\/wp-content\/uploads\/2018\/04\/20180413_093852-\u2013-k\u00f3pia-e1523774324992.jpg 768w, https:\/\/szslucnalc.sk\/wp-content\/uploads\/2018\/04\/20180413_093852-\u2013-k\u00f3pia-e1523774324992-225x300.jpg 225w, https:\/\/szslucnalc.sk\/wp-content\/uploads\/2018\/04\/20180413_093852-\u2013-k\u00f3pia-e1523774324992-110x146.jpg 110w, https:\/\/szslucnalc.sk\/wp-content\/uploads\/2018\/04\/20180413_093852-\u2013-k\u00f3pia-e1523774324992-38x50.jpg 38w, https:\/\/szslucnalc.sk\/wp-content\/uploads\/2018\/04\/20180413_093852-\u2013-k\u00f3pia-e1523774324992-56x75.jpg 56w, https:\/\/szslucnalc.sk\/wp-content\/uploads\/2018\/04\/20180413_093852-\u2013-k\u00f3pia-e1523774324992-563x750.jpg 563w, https:\/\/szslucnalc.sk\/wp-content\/uploads\/2018\/04\/20180413_093852-\u2013-k\u00f3pia-e1523774324992-360x480.jpg 360w\" sizes=\"auto, (max-width:767px) 480px, (max-width:768px) 100vw, 768px\" \/><\/a>\n\t\t\t\t<\/dt><\/div><\/dl><br style=\"clear: both\" \/>\n\t\t\t<\/div>\n\n","protected":false},"excerpt":{"rendered":"<p>Ka&#382;d&aacute; choroba zasahuje do &#382;ivota &#269;loveka, men&iacute; &#382;ivotn&eacute; podmienky, pracovn&yacute; proces, rolu rodi&#269;a a partnera. Osobitne to plat&iacute; pre onkologick&eacute; ochorenia. Onkologick&yacute;ch pacientov ka&#382;doro&#269;ne prib&uacute;da aj<span class=\"excerpt-hellip\"> [\u2026]<\/span><\/p>\n","protected":false},"author":2,"featured_media":3409,"comment_status":"closed","ping_status":"closed","sticky":false,"template":"","format":"image","meta":{"footnotes":""},"categories":[6],"tags":[],"class_list":["post-3404","post","type-post","status-publish","format-image","has-post-thumbnail","hentry","category-charita","post_format-post-format-image"],"aioseo_notices":[],"_links":{"self":[{"href":"https:\/\/szslucnalc.sk\/index.php?rest_route=\/wp\/v2\/posts\/3404","targetHints":{"allow":["GET"]}}],"collection":[{"href":"https:\/\/szslucnalc.sk\/index.php?rest_route=\/wp\/v2\/posts"}],"about":[{"href":"https:\/\/szslucnalc.sk\/index.php?rest_route=\/wp\/v2\/types\/post"}],"author":[{"embeddable":true,"href":"https:\/\/szslucnalc.sk\/index.php?rest_route=\/wp\/v2\/users\/2"}],"replies":[{"embeddable":true,"href":"https:\/\/szslucnalc.sk\/index.php?rest_route=%2Fwp%2Fv2%2Fcomments&post=3404"}],"version-history":[{"count":2,"href":"https:\/\/szslucnalc.sk\/index.php?rest_route=\/wp\/v2\/posts\/3404\/revisions"}],"predecessor-version":[{"id":3410,"href":"https:\/\/szslucnalc.sk\/index.php?rest_route=\/wp\/v2\/posts\/3404\/revisions\/3410"}],"wp:featuredmedia":[{"embeddable":true,"href":"https:\/\/szslucnalc.sk\/index.php?rest_route=\/wp\/v2\/media\/3409"}],"wp:attachment":[{"href":"https:\/\/szslucnalc.sk\/index.php?rest_route=%2Fwp%2Fv2%2Fmedia&parent=3404"}],"wp:term":[{"taxonomy":"category","embeddable":true,"href":"https:\/\/szslucnalc.sk\/index.php?rest_route=%2Fwp%2Fv2%2Fcategories&post=3404"},{"taxonomy":"post_tag","embeddable":true,"href":"https:\/\/szslucnalc.sk\/index.php?rest_route=%2Fwp%2Fv2%2Ftags&post=3404"}],"curies":[{"name":"wp","href":"https:\/\/api.w.org\/{rel}","templated":true}]}}