{"id":3474,"date":"2018-04-30T15:23:10","date_gmt":"2018-04-30T13:23:10","guid":{"rendered":"https:\/\/szslucnalc.sk\/?p=3474"},"modified":"2018-05-01T19:49:08","modified_gmt":"2018-05-01T17:49:08","slug":"opat-na-stupnoch-vitazov","status":"publish","type":"post","link":"https:\/\/szslucnalc.sk\/?p=3474","title":{"rendered":"Op\u00e4\u0165 na stup\u0148och v\u00ed\u0165azov!"},"content":{"rendered":"<p>\u017dilina, 26.apr\u00edl 2018, celoslovensk\u00e1 prehliadka stredo\u0161kolskej odbornej \u010dinnosti: \u00a0Moje o\u010dak\u00e1vania neboli ve\u013emi ve\u013ek\u00e9. V odbore 17 \u2013 <a href=\"https:\/\/szslucnalc.sk\/wp-content\/uploads\/2018\/04\/SO\u010c.jpg\"><img loading=\"lazy\" decoding=\"async\" class=\"size-medium wp-image-3476 alignright\" src=\"https:\/\/szslucnalc.sk\/wp-content\/uploads\/2018\/04\/SO\u010c-212x300.jpg\" alt=\"\" width=\"212\" height=\"300\" srcset=\"https:\/\/szslucnalc.sk\/wp-content\/uploads\/2018\/04\/SO\u010c-212x300.jpg 212w, https:\/\/szslucnalc.sk\/wp-content\/uploads\/2018\/04\/SO\u010c-768x1089.jpg 768w, https:\/\/szslucnalc.sk\/wp-content\/uploads\/2018\/04\/SO\u010c-722x1024.jpg 722w, https:\/\/szslucnalc.sk\/wp-content\/uploads\/2018\/04\/SO\u010c-103x146.jpg 103w, https:\/\/szslucnalc.sk\/wp-content\/uploads\/2018\/04\/SO\u010c-35x50.jpg 35w, https:\/\/szslucnalc.sk\/wp-content\/uploads\/2018\/04\/SO\u010c-53x75.jpg 53w, https:\/\/szslucnalc.sk\/wp-content\/uploads\/2018\/04\/SO\u010c-529x750.jpg 529w, https:\/\/szslucnalc.sk\/wp-content\/uploads\/2018\/04\/SO\u010c-339x480.jpg 339w, https:\/\/szslucnalc.sk\/wp-content\/uploads\/2018\/04\/SO\u010c.jpg 1600w\" sizes=\"auto, (max-width:767px) 212px, 212px\" \/><\/a>Psychol\u00f3gia, pedagogika, sociol\u00f3gia kde som obhajovala odborn\u00fa pr\u00e1cu, <u>Vn\u00edmanie seba a\u00a0svojho okolia pomocou baz\u00e1lnej stimul\u00e1cie,<\/u> bolo 16 s\u00fa\u0165a\u017eiacich zo stredn\u00fdch \u0161k\u00f4l z\u00a0cel\u00e9ho Slovenska. \u00a0Mala som strach,\u00a0 kolen\u00e1 i\u00a0hlas\u00a0 sa mi triasli,\u00a0 em\u00f3cie boli ve\u013ek\u00e9. Pri vyhlasovan\u00ed v\u00fdsledkov som ani ned\u00fafala v\u00a0to \u010do nakoniec zaznelo: \u201eTretie miesto &#8211; Banskobystrick\u00fd kraj, SZ\u0160 Lu\u010denec\u201c. Po p\u00e1r min\u00fatach sa moje em\u00f3cie premenili na slzy \u0161\u0165astia. Z\u00edskala som tretie miesto na celo\u0161t\u00e1tnej prehliadke. Moje pocity neviem ani op\u00edsa\u0165, ale bola som ve\u013emi \u0161\u0165astn\u00e1.\u00a0 Ned\u00fafala som, \u017ee skon\u010d\u00edm na stup\u0148och v\u00ed\u0165azov medzi tak\u00fdmi siln\u00fdmi s\u00fapermi. Touto cestou by som sa chcela po\u010fakova\u0165 konzultantke Mgr. Hergelovej a\u00a0mojim spoluautork\u00e1m z\u00a03.A Dominike Sv\u00e1kusovej a\u00a0Soni\u010dke Tomalovej. Bol to pre m\u0148a ve\u013ek\u00fd z\u00e1\u017eitok, na ktor\u00fd nikdy nezabudnem.<\/p>\n<p><a href=\"https:\/\/szslucnalc.sk\/wp-content\/uploads\/2018\/04\/o\u010d\u00edslovan\u00e1-cel\u00e1-pr\u00e1ca.pdf\">Ak V\u00e1s zauj\u00edma na\u0161a pr\u00e1ca, jej pln\u00e9 znenie je pr\u00edlohou k\u00a0tomuto \u010dl\u00e1nku.<\/a><\/p>\n<p>Lenka Plichtov\u00e1 3.A<\/p>\n","protected":false},"excerpt":{"rendered":"<p>&#381;ilina, 26.apr&iacute;l 2018, celoslovensk&aacute; prehliadka stredo&scaron;kolskej odbornej &#269;innosti: &nbsp;Moje o&#269;ak&aacute;vania neboli ve&#318;mi ve&#318;k&eacute;. V odbore 17 &ndash; Psychol&oacute;gia, pedagogika, sociol&oacute;gia kde som obhajovala odborn&uacute; pr&aacute;cu, Vn&iacute;manie<span class=\"excerpt-hellip\"> [\u2026]<\/span><\/p>\n","protected":false},"author":2,"featured_media":3475,"comment_status":"closed","ping_status":"closed","sticky":false,"template":"","format":"standard","meta":{"footnotes":""},"categories":[7],"tags":[],"class_list":["post-3474","post","type-post","status-publish","format-standard","has-post-thumbnail","hentry","category-profesia"],"aioseo_notices":[],"_links":{"self":[{"href":"https:\/\/szslucnalc.sk\/index.php?rest_route=\/wp\/v2\/posts\/3474","targetHints":{"allow":["GET"]}}],"collection":[{"href":"https:\/\/szslucnalc.sk\/index.php?rest_route=\/wp\/v2\/posts"}],"about":[{"href":"https:\/\/szslucnalc.sk\/index.php?rest_route=\/wp\/v2\/types\/post"}],"author":[{"embeddable":true,"href":"https:\/\/szslucnalc.sk\/index.php?rest_route=\/wp\/v2\/users\/2"}],"replies":[{"embeddable":true,"href":"https:\/\/szslucnalc.sk\/index.php?rest_route=%2Fwp%2Fv2%2Fcomments&post=3474"}],"version-history":[{"count":2,"href":"https:\/\/szslucnalc.sk\/index.php?rest_route=\/wp\/v2\/posts\/3474\/revisions"}],"predecessor-version":[{"id":3480,"href":"https:\/\/szslucnalc.sk\/index.php?rest_route=\/wp\/v2\/posts\/3474\/revisions\/3480"}],"wp:featuredmedia":[{"embeddable":true,"href":"https:\/\/szslucnalc.sk\/index.php?rest_route=\/wp\/v2\/media\/3475"}],"wp:attachment":[{"href":"https:\/\/szslucnalc.sk\/index.php?rest_route=%2Fwp%2Fv2%2Fmedia&parent=3474"}],"wp:term":[{"taxonomy":"category","embeddable":true,"href":"https:\/\/szslucnalc.sk\/index.php?rest_route=%2Fwp%2Fv2%2Fcategories&post=3474"},{"taxonomy":"post_tag","embeddable":true,"href":"https:\/\/szslucnalc.sk\/index.php?rest_route=%2Fwp%2Fv2%2Ftags&post=3474"}],"curies":[{"name":"wp","href":"https:\/\/api.w.org\/{rel}","templated":true}]}}