{"id":36963,"date":"2026-04-30T08:49:26","date_gmt":"2026-04-30T06:49:26","guid":{"rendered":"https:\/\/szslucnalc.sk\/?p=36963"},"modified":"2026-04-30T08:49:28","modified_gmt":"2026-04-30T06:49:28","slug":"nasi-ziaci-uspesne-reprezentovali-skolu-na-celoslovenskej-prehliadke-soc-2026-v-prievidzi","status":"publish","type":"post","link":"https:\/\/szslucnalc.sk\/?p=36963","title":{"rendered":"Na\u0161i \u017eiaci \u00faspe\u0161ne reprezentovali \u0161kolu na celoslovenskej prehliadke SO\u010c 2026 v Prievidzi"},"content":{"rendered":"\n<p>Celoslovensk\u00e1 prehliadka Stredo\u0161kolskej odbornej \u010dinnosti (SO\u010c), ktor\u00e1 sa konala&nbsp;27. \u2013 29. apr\u00edla 2026 v Prievidzi, bola v\u00fdznamn\u00fdm podujat\u00edm, na ktorom na\u0161u \u0161kolu \u00faspe\u0161ne reprezentovali dvaja talentovan\u00ed \u017eiaci \u2013&nbsp;Sebasti\u00e1n M\u00fcller z III.B&nbsp;a&nbsp;Adam Cienik z III.A.<\/p>\n\n\n\n<p>Sebasti\u00e1n M\u00fcller s\u00fa\u0165a\u017eil v odbore \u010d. 17 s pr\u00e1cou na t\u00e9mu&nbsp;\u201eAgresivita a n\u00e1silie v \u0161kolskom prostred\u00ed&#8220;, v ktorej sa venoval aktu\u00e1lnej problematike medzi\u013eudsk\u00fdch vz\u0165ahov a prevencie negat\u00edvnych javov v \u0161kol\u00e1ch. Adam Cienik predstavil v odbore \u010d. 01 pr\u00e1cu&nbsp;\u201eAIR JORDAN \u2013 viac ako len top\u00e1nky&#8220;, zameran\u00fa na anal\u00fdzu fenom\u00e9nu zn\u00e1mej svetovej zna\u010dky a jej spolo\u010densk\u00e9ho vplyvu.<\/p>\n\n\n\n<p>Po\u010das troch dn\u00ed absolvovali \u00fa\u010dastn\u00edci bohat\u00fd program. S\u00fa\u010das\u0165ou podujatia bolo sl\u00e1vnostn\u00e9 otvorenie, odborn\u00e9 obhajoby s\u00fa\u0165a\u017en\u00fdch pr\u00e1c pred hodnotiacimi komisiami, ako aj z\u00e1vere\u010dn\u00e9 vyhodnotenie. Konkurencia z cel\u00e9ho Slovenska bola mimoriadne siln\u00e1 a podujatie prinieslo mno\u017estvo in\u0161pir\u00e1cie, nov\u00fdch sk\u00fasenost\u00ed a cenn\u00fdch podnetov do \u010fal\u0161ej pr\u00e1ce.<\/p>\n\n\n\n<p>\u00da\u010das\u0165 na celoslovenskej prehliadke SO\u010c bola pre na\u0161ich \u017eiakov v\u00fdznamnou sk\u00fasenos\u0165ou a z\u00e1rove\u0148 potvrden\u00edm ich usilovnosti, vedomost\u00ed a schopnost\u00ed. Mimoriadne po\u010fakovanie patr\u00ed&nbsp;PhDr. Drugdovej&nbsp;a&nbsp;Mgr. Markovi, ktor\u00ed ich po\u010das celej pr\u00edpravy odborne viedli, podporovali a motivovali.<\/p>\n\n\n\n<p>Sme hrd\u00ed, \u017ee na\u0161i \u017eiaci sa prebojovali medzi najlep\u0161\u00edch \u0161tudentov Slovenska a d\u00f4stojne reprezentovali na\u0161u \u0161kolu na celoslovenskej \u00farovni.<\/p>\n\n\n\n<p>Srde\u010dne blaho\u017eel\u00e1me a \u010fakujeme za vzorn\u00fa reprezent\u00e1ciu \u0161koly.<\/p>\n\n\n\n<figure class=\"wp-block-gallery has-nested-images columns-default is-cropped wp-block-gallery-1 is-layout-flex wp-block-gallery-is-layout-flex\">\n<figure class=\"wp-block-image size-large\"><a href=\"https:\/\/szslucnalc.sk\/wp-content\/uploads\/2026\/04\/WhatsApp-Image-2026-04-30-at-7.35.38-AM-1.jpeg\"><img loading=\"lazy\" decoding=\"async\" width=\"658\" height=\"1024\" data-id=\"36966\" src=\"https:\/\/szslucnalc.sk\/wp-content\/uploads\/2026\/04\/WhatsApp-Image-2026-04-30-at-7.35.38-AM-1-658x1024.jpeg\" alt=\"\" class=\"wp-image-36966\" srcset=\"https:\/\/szslucnalc.sk\/wp-content\/uploads\/2026\/04\/WhatsApp-Image-2026-04-30-at-7.35.38-AM-1-658x1024.jpeg 658w, https:\/\/szslucnalc.sk\/wp-content\/uploads\/2026\/04\/WhatsApp-Image-2026-04-30-at-7.35.38-AM-1-193x300.jpeg 193w, https:\/\/szslucnalc.sk\/wp-content\/uploads\/2026\/04\/WhatsApp-Image-2026-04-30-at-7.35.38-AM-1-768x1195.jpeg 768w, https:\/\/szslucnalc.sk\/wp-content\/uploads\/2026\/04\/WhatsApp-Image-2026-04-30-at-7.35.38-AM-1-987x1536.jpeg 987w, https:\/\/szslucnalc.sk\/wp-content\/uploads\/2026\/04\/WhatsApp-Image-2026-04-30-at-7.35.38-AM-1-48x75.jpeg 48w, https:\/\/szslucnalc.sk\/wp-content\/uploads\/2026\/04\/WhatsApp-Image-2026-04-30-at-7.35.38-AM-1-482x750.jpeg 482w, https:\/\/szslucnalc.sk\/wp-content\/uploads\/2026\/04\/WhatsApp-Image-2026-04-30-at-7.35.38-AM-1-309x480.jpeg 309w, https:\/\/szslucnalc.sk\/wp-content\/uploads\/2026\/04\/WhatsApp-Image-2026-04-30-at-7.35.38-AM-1-480x747.jpeg 480w, https:\/\/szslucnalc.sk\/wp-content\/uploads\/2026\/04\/WhatsApp-Image-2026-04-30-at-7.35.38-AM-1.jpeg 1080w\" sizes=\"auto, (max-width:767px) 480px, 658px\" \/><\/a><\/figure>\n\n\n\n<figure class=\"wp-block-image size-large\"><a href=\"https:\/\/szslucnalc.sk\/wp-content\/uploads\/2026\/04\/WhatsApp-Image-2026-04-30-at-7.35.38-AM-2.jpeg\"><img loading=\"lazy\" decoding=\"async\" width=\"768\" height=\"1024\" data-id=\"36965\" src=\"https:\/\/szslucnalc.sk\/wp-content\/uploads\/2026\/04\/WhatsApp-Image-2026-04-30-at-7.35.38-AM-2-768x1024.jpeg\" alt=\"\" class=\"wp-image-36965\" srcset=\"https:\/\/szslucnalc.sk\/wp-content\/uploads\/2026\/04\/WhatsApp-Image-2026-04-30-at-7.35.38-AM-2-768x1024.jpeg 768w, https:\/\/szslucnalc.sk\/wp-content\/uploads\/2026\/04\/WhatsApp-Image-2026-04-30-at-7.35.38-AM-2-225x300.jpeg 225w, https:\/\/szslucnalc.sk\/wp-content\/uploads\/2026\/04\/WhatsApp-Image-2026-04-30-at-7.35.38-AM-2-56x75.jpeg 56w, https:\/\/szslucnalc.sk\/wp-content\/uploads\/2026\/04\/WhatsApp-Image-2026-04-30-at-7.35.38-AM-2-563x750.jpeg 563w, https:\/\/szslucnalc.sk\/wp-content\/uploads\/2026\/04\/WhatsApp-Image-2026-04-30-at-7.35.38-AM-2-360x480.jpeg 360w, https:\/\/szslucnalc.sk\/wp-content\/uploads\/2026\/04\/WhatsApp-Image-2026-04-30-at-7.35.38-AM-2-480x640.jpeg 480w, https:\/\/szslucnalc.sk\/wp-content\/uploads\/2026\/04\/WhatsApp-Image-2026-04-30-at-7.35.38-AM-2.jpeg 1080w\" sizes=\"auto, (max-width:767px) 480px, (max-width:768px) 100vw, 768px\" \/><\/a><\/figure>\n\n\n\n<figure class=\"wp-block-image size-large\"><a href=\"https:\/\/szslucnalc.sk\/wp-content\/uploads\/2026\/04\/WhatsApp-Image-2026-04-30-at-7.35.38-AM.jpeg\"><img loading=\"lazy\" decoding=\"async\" width=\"1024\" height=\"683\" data-id=\"36964\" src=\"https:\/\/szslucnalc.sk\/wp-content\/uploads\/2026\/04\/WhatsApp-Image-2026-04-30-at-7.35.38-AM-1024x683.jpeg\" alt=\"\" class=\"wp-image-36964\" srcset=\"https:\/\/szslucnalc.sk\/wp-content\/uploads\/2026\/04\/WhatsApp-Image-2026-04-30-at-7.35.38-AM-1024x683.jpeg 1024w, https:\/\/szslucnalc.sk\/wp-content\/uploads\/2026\/04\/WhatsApp-Image-2026-04-30-at-7.35.38-AM-300x200.jpeg 300w, https:\/\/szslucnalc.sk\/wp-content\/uploads\/2026\/04\/WhatsApp-Image-2026-04-30-at-7.35.38-AM-768x512.jpeg 768w, https:\/\/szslucnalc.sk\/wp-content\/uploads\/2026\/04\/WhatsApp-Image-2026-04-30-at-7.35.38-AM-113x75.jpeg 113w, https:\/\/szslucnalc.sk\/wp-content\/uploads\/2026\/04\/WhatsApp-Image-2026-04-30-at-7.35.38-AM-960x640.jpeg 960w, https:\/\/szslucnalc.sk\/wp-content\/uploads\/2026\/04\/WhatsApp-Image-2026-04-30-at-7.35.38-AM-720x480.jpeg 720w, https:\/\/szslucnalc.sk\/wp-content\/uploads\/2026\/04\/WhatsApp-Image-2026-04-30-at-7.35.38-AM-480x320.jpeg 480w, https:\/\/szslucnalc.sk\/wp-content\/uploads\/2026\/04\/WhatsApp-Image-2026-04-30-at-7.35.38-AM.jpeg 1080w\" sizes=\"auto, (max-width:767px) 480px, (max-width:1024px) 100vw, 1024px\" \/><\/a><\/figure>\n<\/figure>\n","protected":false},"excerpt":{"rendered":"<p>Celoslovensk&aacute; prehliadka Stredo&scaron;kolskej odbornej &#269;innosti (SO&#268;), ktor&aacute; sa konala&nbsp;27. &ndash; 29. apr&iacute;la 2026 v Prievidzi, bola v&yacute;znamn&yacute;m podujat&iacute;m, na ktorom na&scaron;u &scaron;kolu &uacute;spe&scaron;ne reprezentovali dvaja talentovan&iacute;<span class=\"excerpt-hellip\"> [\u2026]<\/span><\/p>\n","protected":false},"author":1001014,"featured_media":36964,"comment_status":"closed","ping_status":"closed","sticky":false,"template":"","format":"standard","meta":{"footnotes":""},"categories":[3,7],"tags":[],"class_list":["post-36963","post","type-post","status-publish","format-standard","has-post-thumbnail","hentry","category-kultura","category-profesia"],"aioseo_notices":[],"_links":{"self":[{"href":"https:\/\/szslucnalc.sk\/index.php?rest_route=\/wp\/v2\/posts\/36963","targetHints":{"allow":["GET"]}}],"collection":[{"href":"https:\/\/szslucnalc.sk\/index.php?rest_route=\/wp\/v2\/posts"}],"about":[{"href":"https:\/\/szslucnalc.sk\/index.php?rest_route=\/wp\/v2\/types\/post"}],"author":[{"embeddable":true,"href":"https:\/\/szslucnalc.sk\/index.php?rest_route=\/wp\/v2\/users\/1001014"}],"replies":[{"embeddable":true,"href":"https:\/\/szslucnalc.sk\/index.php?rest_route=%2Fwp%2Fv2%2Fcomments&post=36963"}],"version-history":[{"count":1,"href":"https:\/\/szslucnalc.sk\/index.php?rest_route=\/wp\/v2\/posts\/36963\/revisions"}],"predecessor-version":[{"id":36967,"href":"https:\/\/szslucnalc.sk\/index.php?rest_route=\/wp\/v2\/posts\/36963\/revisions\/36967"}],"wp:featuredmedia":[{"embeddable":true,"href":"https:\/\/szslucnalc.sk\/index.php?rest_route=\/wp\/v2\/media\/36964"}],"wp:attachment":[{"href":"https:\/\/szslucnalc.sk\/index.php?rest_route=%2Fwp%2Fv2%2Fmedia&parent=36963"}],"wp:term":[{"taxonomy":"category","embeddable":true,"href":"https:\/\/szslucnalc.sk\/index.php?rest_route=%2Fwp%2Fv2%2Fcategories&post=36963"},{"taxonomy":"post_tag","embeddable":true,"href":"https:\/\/szslucnalc.sk\/index.php?rest_route=%2Fwp%2Fv2%2Ftags&post=36963"}],"curies":[{"name":"wp","href":"https:\/\/api.w.org\/{rel}","templated":true}]}}