{"id":3714,"date":"2018-05-23T11:51:15","date_gmt":"2018-05-23T09:51:15","guid":{"rendered":"https:\/\/szslucnalc.sk\/?p=3714"},"modified":"2018-06-19T12:23:38","modified_gmt":"2018-06-19T10:23:38","slug":"buduce-prakticke-sestry-ziskaju-skusenosti-v-cechach","status":"publish","type":"post","link":"https:\/\/szslucnalc.sk\/?p=3714","title":{"rendered":"Bud\u00face praktick\u00e9 sestry z\u00edskaj\u00fa sk\u00fasenosti v \u010cech\u00e1ch"},"content":{"rendered":"<p><a href=\"https:\/\/szslucnalc.sk\/wp-content\/uploads\/2018\/05\/erasmuslogo-m.jpg\"><img loading=\"lazy\" decoding=\"async\" class=\"alignleft size-full wp-image-3719\" src=\"https:\/\/szslucnalc.sk\/wp-content\/uploads\/2018\/05\/erasmuslogo-m.jpg\" alt=\"\" width=\"160\" height=\"46\" srcset=\"https:\/\/szslucnalc.sk\/wp-content\/uploads\/2018\/05\/erasmuslogo-m.jpg 160w, https:\/\/szslucnalc.sk\/wp-content\/uploads\/2018\/05\/erasmuslogo-m-50x14.jpg 50w, https:\/\/szslucnalc.sk\/wp-content\/uploads\/2018\/05\/erasmuslogo-m-150x43.jpg 150w\" sizes=\"auto, (max-width:767px) 160px, 160px\" \/><\/a>Stredn\u00e1 zdravotn\u00edcka \u0161kola Lu\u010denec m\u00e1 dlhoro\u010dn\u00e9 sk\u00fasenosti so zahrani\u010dn\u00fdmi st\u00e1\u017eami, najdlh\u0161iu spolupr\u00e1cu m\u00e1 so soci\u00e1lno\u2013zdravotn\u00edckymi \u0161kolami v\u00a0D\u00e1nsku. V\u00a0tomto \u0161kolskom roku sa koordin\u00e1tori projektu rozhodli vysk\u00fa\u0161a\u0165 nie\u010do nov\u00e9 a\u00a0okrem tradi\u010dn\u00fdch partnerov sa pok\u00fasili z\u00edska\u0165 nov\u00fdch. Zauj\u00edmav\u00fd projekt oslovil aj hodnotite\u013eov z\u00a0N\u00e1rodnej agent\u00fary programu Erasmus+ pre vzdel\u00e1vanie a\u00a0odborn\u00fa pr\u00edpravu, ktor\u00ed odporu\u010dili jeho schv\u00e1lenie z\u00a0celkovou dot\u00e1ciou 60 460 Eur. V\u010faka tomu v\u00a0tomto a\u00a0v\u00a0bud\u00facom \u0161kolskom roku nav\u0161t\u00edvi zdravotn\u00edcke zariadenia v\u00a0\u010cech\u00e1ch 32 \u017eiakov tret\u00edch ro\u010dn\u00edkov spolu s\u00a0pedagogick\u00fdm dozorom. V\u00fdber \u0161tudentov bol ve\u013emi n\u00e1ro\u010dn\u00fd pod\u013ea vopred dan\u00fdch krit\u00e9ri\u00ed. Rozhodovali \u0161tudijn\u00e9 v\u00fdsledky, doch\u00e1dzka, praktick\u00e9 zru\u010dnosti, osobn\u00e9 predpoklady, mimo\u0161kolsk\u00e9 aktivity&#8230; Partnermi projektu sa stala Vy\u0161\u0161ia odborn\u00e1 \u0161kola zdravotn\u00edcka a Stredn\u00e1 zdravotn\u00edcka \u0161kola, 5. kv\u011btna, Praha 4,\u00a0 ktor\u00e1 zabezpe\u010dila odborn\u00fa st\u00e1\u017e v\u00a0jednej z\u00a0najv\u00e4\u010d\u0161\u00edch a\u00a0najmodernej\u0161\u00edch nemocn\u00edc v\u00a0Strednej Eur\u00f3pe vo Fakultnej nemocnici v\u00a0Praha \u2013 Motol\u00a0 a\u00a0v\u00a0Nemocnici na Franti\u0161ku v Prahe. \u00a0V\u00a0Zl\u00edne partnersk\u00e1 zdravotn\u00edcka \u0161kola zabezpe\u010dila odborn\u00fa st\u00e1\u017e v\u00a0krajskej nemocnici T. Bati.\u00a0 V\u00fdchodn\u00e9 \u010cechy nav\u0161t\u00edvi 6 \u0161tudentov v\u010faka partnerskej zdravotn\u00edckej \u0161kole v\u00a0Hradci Kr\u00e1lov\u00e9 zabezpe\u010duj\u00facej zmluvn\u00e9 pracovisko\u00a0 vo Fakultnej nemocnici. Okrem t\u00fdchto \u0161tudentov sa skupina 6 tretiakov z\u00fa\u010dastn\u00ed st\u00e1\u017ee u\u00a0tradi\u010dn\u00e9ho partnera mimo tohto projektu v\u00a0Brne \u2013 Rajhrade v Dome lie\u010dby bolesti s hospicom sv. Josefa.\u00a0V\u00fdber \u010ceska ako jazykovo bl\u00edzkej krajiny so spolo\u010dnou hist\u00f3riou bol podmienen\u00fd hlavne t\u00fdm, \u017ee ako jedin\u00e1 z\u00a0kraj\u00edn potencion\u00e1lnych partnerov bola schopn\u00e1 zabezpe\u010di\u0165 adekv\u00e1tnu prax pre na\u0161ich \u0161tudentov. V\u00a0\u010ceskej republike bolo z\u00e1konom zaveden\u00e9 povolanie praktick\u00e1 sestra u\u017e minul\u00fd rok. Poslanci N\u00e1rodnej rady SR t\u00fato zmenu odhlasovali 16. m\u00e1ja 2018 pr\u00e1ve po vzore \u010cR ako reakciu na ve\u013ek\u00fd nedostatok sestier. Kompetencie zdravotn\u00edckeho asistenta (doteraj\u0161\u00ed n\u00e1zov \u0161tudijn\u00e9ho odboru na SZ\u0160) s\u00fa toti\u017e v\u00a0in\u00fdch krajin\u00e1ch E\u00da omnoho ni\u017e\u0161ie ako v\u00a0\u010cR a\u00a0v\u00a0SR. Preto im bola pon\u00fakan\u00e1 st\u00e1\u017e napr. v\u00a0D\u00e1nsku, vo Ve\u013ekej Brit\u00e1nii, v\u00a0Nemecku \u010di v\u00a0Taliansku jedine v\u00a0soci\u00e1lnych zariadeniach, bez zdravotn\u00edckych v\u00fdkonov. Ver\u00edme, \u017ee dvojt\u00fd\u017ed\u0148ov\u00fd pobyt v\u00a0\u010cesku (za\u010d\u00edna 3. j\u00fana 2018) obohat\u00ed na\u0161ich \u017eiakov nielen o\u00a0mno\u017estvo odborn\u00fdch sk\u00fasenost\u00ed, ale aj o\u00a0spolo\u010densk\u00e9 a\u00a0kult\u00farne z\u00e1\u017eitky, ktor\u00e9 im zabezpe\u010d\u00ed napl\u00e1novan\u00fd sprievodn\u00fd program. Na z\u00e1ver ka\u017edej st\u00e1\u017ee im bude udelen\u00fd certifik\u00e1t prij\u00edmaj\u00facej organiz\u00e1cie, ktor\u00fd potvrdzuje absolvovanie praxe a\u00a0organiz\u00e1cia im potvrd\u00ed certifik\u00e1t Europass \u2013 mobilita. \u00da\u010dastn\u00edci sa n\u00edm bud\u00fa m\u00f4c\u0165 preuk\u00e1za\u0165, ke\u010f sa bud\u00fa chcie\u0165 uch\u00e1dza\u0165 o\u00a0zamestnanie nielen na Slovensku, ale aj v\u00a0ostatn\u00fdch \u010dlensk\u00fdch krajin\u00e1ch Eur\u00f3pskej \u00fanie.<\/p>\n<p>Mobilitn\u00e1 aktivita, zahrani\u010dn\u00e9 pracovno-\u0161tudijn\u00e9 st\u00e1\u017ee prines\u00fa vybran\u00fdm \u0161tudentom cenn\u00e9 \u00a0praktick\u00e9 sk\u00fasenosti a\u00a0nov\u00e9 vedomosti, ktor\u00e9 im roz\u0161\u00edria obzory a\u00a0zdvihn\u00fa ich profesion\u00e1lnu hodnotu na trhu pr\u00e1ce. Ver\u00edme, \u017ee bud\u00fa vzorne reprezentova\u0165 \u0161kolu a\u00a0dones\u00fa si len pozit\u00edvne dojmy a z\u00e1\u017eitky.<\/p>\n","protected":false},"excerpt":{"rendered":"<p>Stredn&aacute; zdravotn&iacute;cka &scaron;kola Lu&#269;enec m&aacute; dlhoro&#269;n&eacute; sk&uacute;senosti so zahrani&#269;n&yacute;mi st&aacute;&#382;ami, najdlh&scaron;iu spolupr&aacute;cu m&aacute; so soci&aacute;lno&ndash;zdravotn&iacute;ckymi &scaron;kolami v&nbsp;D&aacute;nsku. V&nbsp;tomto &scaron;kolskom roku sa koordin&aacute;tori projektu rozhodli vysk&uacute;&scaron;a&#357; nie&#269;o<span class=\"excerpt-hellip\"> [\u2026]<\/span><\/p>\n","protected":false},"author":2,"featured_media":3715,"comment_status":"closed","ping_status":"closed","sticky":false,"template":"","format":"image","meta":{"footnotes":""},"categories":[7,5],"tags":[],"class_list":["post-3714","post","type-post","status-publish","format-image","has-post-thumbnail","hentry","category-profesia","category-zahranicne","post_format-post-format-image"],"aioseo_notices":[],"aioseo_head":"\n\t\t<!-- All in One SEO 5.0.0.1 - aioseo.com -->\n\t<meta name=\"description\" content=\"Stredn\u00e1 zdravotn\u00edcka \u0161kola Lu\u010denec m\u00e1 dlhoro\u010dn\u00e9 sk\u00fasenosti so zahrani\u010dn\u00fdmi st\u00e1\u017eami, najdlh\u0161iu spolupr\u00e1cu m\u00e1 so soci\u00e1lno\u2013zdravotn\u00edckymi \u0161kolami v D\u00e1nsku. V tomto \u0161kolskom roku sa koordin\u00e1tori projektu rozhodli vysk\u00fa\u0161a\u0165 nie\u010do nov\u00e9 a okrem tradi\u010dn\u00fdch partnerov sa pok\u00fasili z\u00edska\u0165 nov\u00fdch. Zauj\u00edmav\u00fd projekt oslovil aj hodnotite\u013eov z N\u00e1rodnej agent\u00fary programu Erasmus+ pre vzdel\u00e1vanie a odborn\u00fa pr\u00edpravu, ktor\u00ed odporu\u010dili jeho schv\u00e1lenie z celkovou dot\u00e1ciou 60 460\" \/>\n\t<meta name=\"robots\" content=\"max-image-preview:large\" \/>\n\t<meta name=\"author\" content=\"Miroslav Sekula\"\/>\n\t<link rel=\"canonical\" href=\"https:\/\/szslucnalc.sk\/?p=3714\" \/>\n\t<meta name=\"generator\" content=\"All in One SEO (AIOSEO) 5.0.0.1\" \/>\n\t\t<meta property=\"og:locale\" content=\"sk_SK\" \/>\n\t\t<meta property=\"og:site_name\" content=\"Stredn\u00e1 zdravotn\u00edcka \u0161kola Lu\u010denec - Stredn\u00e1 zdravotn\u00edcka \u0161kola\" \/>\n\t\t<meta property=\"og:type\" content=\"article\" \/>\n\t\t<meta property=\"og:title\" content=\"Bud\u00face praktick\u00e9 sestry z\u00edskaj\u00fa sk\u00fasenosti v \u010cech\u00e1ch - Stredn\u00e1 zdravotn\u00edcka \u0161kola Lu\u010denec\" \/>\n\t\t<meta property=\"og:description\" content=\"Stredn\u00e1 zdravotn\u00edcka \u0161kola Lu\u010denec m\u00e1 dlhoro\u010dn\u00e9 sk\u00fasenosti so zahrani\u010dn\u00fdmi st\u00e1\u017eami, najdlh\u0161iu spolupr\u00e1cu m\u00e1 so soci\u00e1lno\u2013zdravotn\u00edckymi \u0161kolami v D\u00e1nsku. V tomto \u0161kolskom roku sa koordin\u00e1tori projektu rozhodli vysk\u00fa\u0161a\u0165 nie\u010do nov\u00e9 a okrem tradi\u010dn\u00fdch partnerov sa pok\u00fasili z\u00edska\u0165 nov\u00fdch. Zauj\u00edmav\u00fd projekt oslovil aj hodnotite\u013eov z N\u00e1rodnej agent\u00fary programu Erasmus+ pre vzdel\u00e1vanie a odborn\u00fa pr\u00edpravu, ktor\u00ed odporu\u010dili jeho schv\u00e1lenie z celkovou dot\u00e1ciou 60 460\" \/>\n\t\t<meta property=\"og:url\" content=\"https:\/\/szslucnalc.sk\/?p=3714\" \/>\n\t\t<meta property=\"og:image\" content=\"https:\/\/szslucnalc.sk\/wp-content\/uploads\/2018\/05\/E-\u2013-k\u00f3pia.jpg\" \/>\n\t\t<meta property=\"og:image:secure_url\" content=\"https:\/\/szslucnalc.sk\/wp-content\/uploads\/2018\/05\/E-\u2013-k\u00f3pia.jpg\" \/>\n\t\t<meta property=\"og:image:width\" content=\"1620\" \/>\n\t\t<meta property=\"og:image:height\" content=\"1080\" \/>\n\t\t<meta property=\"article:published_time\" content=\"2018-05-23T09:51:15+00:00\" \/>\n\t\t<meta property=\"article:modified_time\" content=\"2018-06-19T10:23:38+00:00\" \/>\n\t\t<meta name=\"twitter:card\" content=\"summary_large_image\" \/>\n\t\t<meta name=\"twitter:title\" content=\"Bud\u00face praktick\u00e9 sestry z\u00edskaj\u00fa sk\u00fasenosti v \u010cech\u00e1ch - Stredn\u00e1 zdravotn\u00edcka \u0161kola Lu\u010denec\" \/>\n\t\t<meta name=\"twitter:description\" content=\"Stredn\u00e1 zdravotn\u00edcka \u0161kola Lu\u010denec m\u00e1 dlhoro\u010dn\u00e9 sk\u00fasenosti so zahrani\u010dn\u00fdmi st\u00e1\u017eami, najdlh\u0161iu spolupr\u00e1cu m\u00e1 so soci\u00e1lno\u2013zdravotn\u00edckymi \u0161kolami v D\u00e1nsku. V tomto \u0161kolskom roku sa koordin\u00e1tori projektu rozhodli vysk\u00fa\u0161a\u0165 nie\u010do nov\u00e9 a okrem tradi\u010dn\u00fdch partnerov sa pok\u00fasili z\u00edska\u0165 nov\u00fdch. Zauj\u00edmav\u00fd projekt oslovil aj hodnotite\u013eov z N\u00e1rodnej agent\u00fary programu Erasmus+ pre vzdel\u00e1vanie a odborn\u00fa pr\u00edpravu, ktor\u00ed odporu\u010dili jeho schv\u00e1lenie z celkovou dot\u00e1ciou 60 460\" \/>\n\t\t<meta name=\"twitter:image\" content=\"https:\/\/szslucnalc.sk\/wp-content\/uploads\/2018\/05\/E-\u2013-k\u00f3pia.jpg\" \/>\n\t\t<script type=\"application\/ld+json\" class=\"aioseo-schema\">\n\t\t\t{\"@context\":\"https:\\\/\\\/schema.org\",\"@graph\":[{\"@type\":\"BlogPosting\",\"@id\":\"https:\\\/\\\/szslucnalc.sk\\\/?p=3714#blogposting\",\"name\":\"Bud\\u00face praktick\\u00e9 sestry z\\u00edskaj\\u00fa sk\\u00fasenosti v \\u010cech\\u00e1ch - Stredn\\u00e1 zdravotn\\u00edcka \\u0161kola Lu\\u010denec\",\"headline\":\"Bud\\u00face praktick\\u00e9 sestry z\\u00edskaj\\u00fa sk\\u00fasenosti v \\u010cech\\u00e1ch\",\"author\":{\"@id\":\"https:\\\/\\\/szslucnalc.sk\\\/?author=2#author\"},\"publisher\":{\"@id\":\"https:\\\/\\\/szslucnalc.sk\\\/#organization\"},\"image\":{\"@type\":\"ImageObject\",\"url\":\"https:\\\/\\\/szslucnalc.sk\\\/wp-content\\\/uploads\\\/2018\\\/05\\\/E-\\u2013-k\\u00f3pia.jpg\",\"width\":1620,\"height\":1080},\"datePublished\":\"2018-05-23T11:51:15+02:00\",\"dateModified\":\"2018-06-19T12:23:38+02:00\",\"inLanguage\":\"sk-SK\",\"mainEntityOfPage\":{\"@id\":\"https:\\\/\\\/szslucnalc.sk\\\/?p=3714#webpage\"},\"isPartOf\":{\"@id\":\"https:\\\/\\\/szslucnalc.sk\\\/?p=3714#webpage\"},\"articleSection\":\"Profesia, Zahrani\\u010dn\\u00e9, Obr\\u00e1zok\"},{\"@type\":\"BreadcrumbList\",\"@id\":\"https:\\\/\\\/szslucnalc.sk\\\/?p=3714#breadcrumblist\",\"itemListElement\":[{\"@type\":\"ListItem\",\"@id\":\"https:\\\/\\\/szslucnalc.sk#listItem\",\"position\":1,\"name\":\"Home\",\"item\":\"https:\\\/\\\/szslucnalc.sk\",\"nextItem\":{\"@type\":\"ListItem\",\"@id\":\"https:\\\/\\\/szslucnalc.sk\\\/?cat=5#listItem\",\"name\":\"Zahrani\\u010dn\\u00e9\"}},{\"@type\":\"ListItem\",\"@id\":\"https:\\\/\\\/szslucnalc.sk\\\/?cat=5#listItem\",\"position\":2,\"name\":\"Zahrani\\u010dn\\u00e9\",\"item\":\"https:\\\/\\\/szslucnalc.sk\\\/?cat=5\",\"nextItem\":{\"@type\":\"ListItem\",\"@id\":\"https:\\\/\\\/szslucnalc.sk\\\/?p=3714#listItem\",\"name\":\"Bud\\u00face praktick\\u00e9 sestry z\\u00edskaj\\u00fa sk\\u00fasenosti v \\u010cech\\u00e1ch\"},\"previousItem\":{\"@type\":\"ListItem\",\"@id\":\"https:\\\/\\\/szslucnalc.sk#listItem\",\"name\":\"Home\"}},{\"@type\":\"ListItem\",\"@id\":\"https:\\\/\\\/szslucnalc.sk\\\/?p=3714#listItem\",\"position\":3,\"name\":\"Bud\\u00face praktick\\u00e9 sestry z\\u00edskaj\\u00fa sk\\u00fasenosti v \\u010cech\\u00e1ch\",\"previousItem\":{\"@type\":\"ListItem\",\"@id\":\"https:\\\/\\\/szslucnalc.sk\\\/?cat=5#listItem\",\"name\":\"Zahrani\\u010dn\\u00e9\"}}]},{\"@type\":\"Organization\",\"@id\":\"https:\\\/\\\/szslucnalc.sk\\\/#organization\",\"name\":\"Stredn\\u00e1 zdravotn\\u00edcka \\u0161kola Lu\\u010denec\",\"description\":\"Stredn\\u00e1 zdravotn\\u00edcka \\u0161kola\",\"url\":\"https:\\\/\\\/szslucnalc.sk\\\/\"},{\"@type\":\"Person\",\"@id\":\"https:\\\/\\\/szslucnalc.sk\\\/?author=2#author\",\"url\":\"https:\\\/\\\/szslucnalc.sk\\\/?author=2\",\"name\":\"Miroslav Sekula\"},{\"@type\":\"WebPage\",\"@id\":\"https:\\\/\\\/szslucnalc.sk\\\/?p=3714#webpage\",\"url\":\"https:\\\/\\\/szslucnalc.sk\\\/?p=3714\",\"name\":\"Bud\\u00face praktick\\u00e9 sestry z\\u00edskaj\\u00fa sk\\u00fasenosti v \\u010cech\\u00e1ch - Stredn\\u00e1 zdravotn\\u00edcka \\u0161kola Lu\\u010denec\",\"description\":\"Stredn\\u00e1 zdravotn\\u00edcka \\u0161kola Lu\\u010denec m\\u00e1 dlhoro\\u010dn\\u00e9 sk\\u00fasenosti so zahrani\\u010dn\\u00fdmi st\\u00e1\\u017eami, najdlh\\u0161iu spolupr\\u00e1cu m\\u00e1 so soci\\u00e1lno\\u2013zdravotn\\u00edckymi \\u0161kolami v D\\u00e1nsku. V tomto \\u0161kolskom roku sa koordin\\u00e1tori projektu rozhodli vysk\\u00fa\\u0161a\\u0165 nie\\u010do nov\\u00e9 a okrem tradi\\u010dn\\u00fdch partnerov sa pok\\u00fasili z\\u00edska\\u0165 nov\\u00fdch. Zauj\\u00edmav\\u00fd projekt oslovil aj hodnotite\\u013eov z N\\u00e1rodnej agent\\u00fary programu Erasmus+ pre vzdel\\u00e1vanie a odborn\\u00fa pr\\u00edpravu, ktor\\u00ed odporu\\u010dili jeho schv\\u00e1lenie z celkovou dot\\u00e1ciou 60 460\",\"inLanguage\":\"sk-SK\",\"isPartOf\":{\"@id\":\"https:\\\/\\\/szslucnalc.sk\\\/#website\"},\"breadcrumb\":{\"@id\":\"https:\\\/\\\/szslucnalc.sk\\\/?p=3714#breadcrumblist\"},\"author\":{\"@id\":\"https:\\\/\\\/szslucnalc.sk\\\/?author=2#author\"},\"creator\":{\"@id\":\"https:\\\/\\\/szslucnalc.sk\\\/?author=2#author\"},\"image\":{\"@type\":\"ImageObject\",\"url\":\"https:\\\/\\\/szslucnalc.sk\\\/wp-content\\\/uploads\\\/2018\\\/05\\\/E-\\u2013-k\\u00f3pia.jpg\",\"@id\":\"https:\\\/\\\/szslucnalc.sk\\\/?p=3714\\\/#mainImage\",\"width\":1620,\"height\":1080},\"primaryImageOfPage\":{\"@id\":\"https:\\\/\\\/szslucnalc.sk\\\/?p=3714#mainImage\"},\"datePublished\":\"2018-05-23T11:51:15+02:00\",\"dateModified\":\"2018-06-19T12:23:38+02:00\"},{\"@type\":\"WebSite\",\"@id\":\"https:\\\/\\\/szslucnalc.sk\\\/#website\",\"url\":\"https:\\\/\\\/szslucnalc.sk\\\/\",\"name\":\"Stredn\\u00e1 zdravotn\\u00edcka \\u0161kola Lu\\u010denec\",\"description\":\"Stredn\\u00e1 zdravotn\\u00edcka \\u0161kola\",\"inLanguage\":\"sk-SK\",\"publisher\":{\"@id\":\"https:\\\/\\\/szslucnalc.sk\\\/#organization\"}}]}\n\t\t<\/script>\n\t\t<!-- All in One SEO -->\n\n","aioseo_head_json":{"title":"Bud\u00face praktick\u00e9 sestry z\u00edskaj\u00fa sk\u00fasenosti v \u010cech\u00e1ch - Stredn\u00e1 zdravotn\u00edcka \u0161kola Lu\u010denec","description":"Stredn\u00e1 zdravotn\u00edcka \u0161kola Lu\u010denec m\u00e1 dlhoro\u010dn\u00e9 sk\u00fasenosti so zahrani\u010dn\u00fdmi st\u00e1\u017eami, najdlh\u0161iu spolupr\u00e1cu m\u00e1 so soci\u00e1lno\u2013zdravotn\u00edckymi \u0161kolami v D\u00e1nsku. V tomto \u0161kolskom roku sa koordin\u00e1tori projektu rozhodli vysk\u00fa\u0161a\u0165 nie\u010do nov\u00e9 a okrem tradi\u010dn\u00fdch partnerov sa pok\u00fasili z\u00edska\u0165 nov\u00fdch. Zauj\u00edmav\u00fd projekt oslovil aj hodnotite\u013eov z N\u00e1rodnej agent\u00fary programu Erasmus+ pre vzdel\u00e1vanie a odborn\u00fa pr\u00edpravu, ktor\u00ed odporu\u010dili jeho schv\u00e1lenie z celkovou dot\u00e1ciou 60 460","canonical_url":"https:\/\/szslucnalc.sk\/?p=3714","robots":"max-image-preview:large","keywords":"","webmasterTools":{"miscellaneous":""},"schema":{"@context":"https:\/\/schema.org","@graph":[{"@type":"BlogPosting","@id":"https:\/\/szslucnalc.sk\/?p=3714#blogposting","name":"Bud\u00face praktick\u00e9 sestry z\u00edskaj\u00fa sk\u00fasenosti v \u010cech\u00e1ch - Stredn\u00e1 zdravotn\u00edcka \u0161kola Lu\u010denec","headline":"Bud\u00face praktick\u00e9 sestry z\u00edskaj\u00fa sk\u00fasenosti v \u010cech\u00e1ch","author":{"@id":"https:\/\/szslucnalc.sk\/?author=2#author"},"publisher":{"@id":"https:\/\/szslucnalc.sk\/#organization"},"image":{"@type":"ImageObject","url":"https:\/\/szslucnalc.sk\/wp-content\/uploads\/2018\/05\/E-\u2013-k\u00f3pia.jpg","width":1620,"height":1080},"datePublished":"2018-05-23T11:51:15+02:00","dateModified":"2018-06-19T12:23:38+02:00","inLanguage":"sk-SK","mainEntityOfPage":{"@id":"https:\/\/szslucnalc.sk\/?p=3714#webpage"},"isPartOf":{"@id":"https:\/\/szslucnalc.sk\/?p=3714#webpage"},"articleSection":"Profesia, Zahrani\u010dn\u00e9, Obr\u00e1zok"},{"@type":"BreadcrumbList","@id":"https:\/\/szslucnalc.sk\/?p=3714#breadcrumblist","itemListElement":[{"@type":"ListItem","@id":"https:\/\/szslucnalc.sk#listItem","position":1,"name":"Home","item":"https:\/\/szslucnalc.sk","nextItem":{"@type":"ListItem","@id":"https:\/\/szslucnalc.sk\/?cat=5#listItem","name":"Zahrani\u010dn\u00e9"}},{"@type":"ListItem","@id":"https:\/\/szslucnalc.sk\/?cat=5#listItem","position":2,"name":"Zahrani\u010dn\u00e9","item":"https:\/\/szslucnalc.sk\/?cat=5","nextItem":{"@type":"ListItem","@id":"https:\/\/szslucnalc.sk\/?p=3714#listItem","name":"Bud\u00face praktick\u00e9 sestry z\u00edskaj\u00fa sk\u00fasenosti v \u010cech\u00e1ch"},"previousItem":{"@type":"ListItem","@id":"https:\/\/szslucnalc.sk#listItem","name":"Home"}},{"@type":"ListItem","@id":"https:\/\/szslucnalc.sk\/?p=3714#listItem","position":3,"name":"Bud\u00face praktick\u00e9 sestry z\u00edskaj\u00fa sk\u00fasenosti v \u010cech\u00e1ch","previousItem":{"@type":"ListItem","@id":"https:\/\/szslucnalc.sk\/?cat=5#listItem","name":"Zahrani\u010dn\u00e9"}}]},{"@type":"Organization","@id":"https:\/\/szslucnalc.sk\/#organization","name":"Stredn\u00e1 zdravotn\u00edcka \u0161kola Lu\u010denec","description":"Stredn\u00e1 zdravotn\u00edcka \u0161kola","url":"https:\/\/szslucnalc.sk\/"},{"@type":"Person","@id":"https:\/\/szslucnalc.sk\/?author=2#author","url":"https:\/\/szslucnalc.sk\/?author=2","name":"Miroslav Sekula"},{"@type":"WebPage","@id":"https:\/\/szslucnalc.sk\/?p=3714#webpage","url":"https:\/\/szslucnalc.sk\/?p=3714","name":"Bud\u00face praktick\u00e9 sestry z\u00edskaj\u00fa sk\u00fasenosti v \u010cech\u00e1ch - Stredn\u00e1 zdravotn\u00edcka \u0161kola Lu\u010denec","description":"Stredn\u00e1 zdravotn\u00edcka \u0161kola Lu\u010denec m\u00e1 dlhoro\u010dn\u00e9 sk\u00fasenosti so zahrani\u010dn\u00fdmi st\u00e1\u017eami, najdlh\u0161iu spolupr\u00e1cu m\u00e1 so soci\u00e1lno\u2013zdravotn\u00edckymi \u0161kolami v D\u00e1nsku. V tomto \u0161kolskom roku sa koordin\u00e1tori projektu rozhodli vysk\u00fa\u0161a\u0165 nie\u010do nov\u00e9 a okrem tradi\u010dn\u00fdch partnerov sa pok\u00fasili z\u00edska\u0165 nov\u00fdch. Zauj\u00edmav\u00fd projekt oslovil aj hodnotite\u013eov z N\u00e1rodnej agent\u00fary programu Erasmus+ pre vzdel\u00e1vanie a odborn\u00fa pr\u00edpravu, ktor\u00ed odporu\u010dili jeho schv\u00e1lenie z celkovou dot\u00e1ciou 60 460","inLanguage":"sk-SK","isPartOf":{"@id":"https:\/\/szslucnalc.sk\/#website"},"breadcrumb":{"@id":"https:\/\/szslucnalc.sk\/?p=3714#breadcrumblist"},"author":{"@id":"https:\/\/szslucnalc.sk\/?author=2#author"},"creator":{"@id":"https:\/\/szslucnalc.sk\/?author=2#author"},"image":{"@type":"ImageObject","url":"https:\/\/szslucnalc.sk\/wp-content\/uploads\/2018\/05\/E-\u2013-k\u00f3pia.jpg","@id":"https:\/\/szslucnalc.sk\/?p=3714\/#mainImage","width":1620,"height":1080},"primaryImageOfPage":{"@id":"https:\/\/szslucnalc.sk\/?p=3714#mainImage"},"datePublished":"2018-05-23T11:51:15+02:00","dateModified":"2018-06-19T12:23:38+02:00"},{"@type":"WebSite","@id":"https:\/\/szslucnalc.sk\/#website","url":"https:\/\/szslucnalc.sk\/","name":"Stredn\u00e1 zdravotn\u00edcka \u0161kola Lu\u010denec","description":"Stredn\u00e1 zdravotn\u00edcka \u0161kola","inLanguage":"sk-SK","publisher":{"@id":"https:\/\/szslucnalc.sk\/#organization"}}]},"og:locale":"sk_SK","og:site_name":"Stredn\u00e1 zdravotn\u00edcka \u0161kola Lu\u010denec - Stredn\u00e1 zdravotn\u00edcka \u0161kola","og:type":"article","og:title":"Bud\u00face praktick\u00e9 sestry z\u00edskaj\u00fa sk\u00fasenosti v \u010cech\u00e1ch - Stredn\u00e1 zdravotn\u00edcka \u0161kola Lu\u010denec","og:description":"Stredn\u00e1 zdravotn\u00edcka \u0161kola Lu\u010denec m\u00e1 dlhoro\u010dn\u00e9 sk\u00fasenosti so zahrani\u010dn\u00fdmi st\u00e1\u017eami, najdlh\u0161iu spolupr\u00e1cu m\u00e1 so soci\u00e1lno\u2013zdravotn\u00edckymi \u0161kolami v D\u00e1nsku. V tomto \u0161kolskom roku sa koordin\u00e1tori projektu rozhodli vysk\u00fa\u0161a\u0165 nie\u010do nov\u00e9 a okrem tradi\u010dn\u00fdch partnerov sa pok\u00fasili z\u00edska\u0165 nov\u00fdch. Zauj\u00edmav\u00fd projekt oslovil aj hodnotite\u013eov z N\u00e1rodnej agent\u00fary programu Erasmus+ pre vzdel\u00e1vanie a odborn\u00fa pr\u00edpravu, ktor\u00ed odporu\u010dili jeho schv\u00e1lenie z celkovou dot\u00e1ciou 60 460","og:url":"https:\/\/szslucnalc.sk\/?p=3714","og:image":"https:\/\/szslucnalc.sk\/wp-content\/uploads\/2018\/05\/E-\u2013-k\u00f3pia.jpg","og:image:secure_url":"https:\/\/szslucnalc.sk\/wp-content\/uploads\/2018\/05\/E-\u2013-k\u00f3pia.jpg","og:image:width":1620,"og:image:height":1080,"article:published_time":"2018-05-23T09:51:15+00:00","article:modified_time":"2018-06-19T10:23:38+00:00","twitter:card":"summary_large_image","twitter:title":"Bud\u00face praktick\u00e9 sestry z\u00edskaj\u00fa sk\u00fasenosti v \u010cech\u00e1ch - Stredn\u00e1 zdravotn\u00edcka \u0161kola Lu\u010denec","twitter:description":"Stredn\u00e1 zdravotn\u00edcka \u0161kola Lu\u010denec m\u00e1 dlhoro\u010dn\u00e9 sk\u00fasenosti so zahrani\u010dn\u00fdmi st\u00e1\u017eami, najdlh\u0161iu spolupr\u00e1cu m\u00e1 so soci\u00e1lno\u2013zdravotn\u00edckymi \u0161kolami v D\u00e1nsku. V tomto \u0161kolskom roku sa koordin\u00e1tori projektu rozhodli vysk\u00fa\u0161a\u0165 nie\u010do nov\u00e9 a okrem tradi\u010dn\u00fdch partnerov sa pok\u00fasili z\u00edska\u0165 nov\u00fdch. Zauj\u00edmav\u00fd projekt oslovil aj hodnotite\u013eov z N\u00e1rodnej agent\u00fary programu Erasmus+ pre vzdel\u00e1vanie a odborn\u00fa pr\u00edpravu, ktor\u00ed odporu\u010dili jeho schv\u00e1lenie z celkovou dot\u00e1ciou 60 460","twitter:image":"https:\/\/szslucnalc.sk\/wp-content\/uploads\/2018\/05\/E-\u2013-k\u00f3pia.jpg"},"aioseo_meta_data":{"post_id":"3714","title":null,"description":null,"keywords":null,"keyphrases":null,"primary_term":null,"canonical_url":null,"og_title":null,"og_description":null,"og_object_type":"default","og_image_type":"default","og_image_url":null,"og_image_width":null,"og_image_height":null,"og_image_custom_url":null,"og_image_custom_fields":null,"og_video":null,"og_custom_url":null,"og_article_section":null,"og_article_tags":null,"twitter_use_og":false,"twitter_card":"default","twitter_image_type":"default","twitter_image_url":null,"twitter_image_custom_url":null,"twitter_image_custom_fields":null,"twitter_title":null,"twitter_description":null,"schema":{"blockGraphs":[],"customGraphs":[],"default":{"data":{"Article":[],"Course":[],"Dataset":[],"FAQPage":[],"Movie":[],"Person":[],"Product":[],"ProductReview":[],"Car":[],"Recipe":[],"Service":[],"SoftwareApplication":[],"WebPage":[]},"graphName":"","isEnabled":true},"graphs":[]},"schema_type":"default","schema_type_options":null,"pillar_content":false,"robots_default":true,"robots_noindex":false,"robots_noarchive":false,"robots_nosnippet":false,"robots_nofollow":false,"robots_noimageindex":false,"robots_noodp":false,"robots_notranslate":false,"robots_max_snippet":null,"robots_max_videopreview":null,"robots_max_imagepreview":"large","priority":null,"frequency":null,"local_seo":null,"breadcrumb_settings":null,"limit_modified_date":false,"ai":null,"created":"2023-09-15 15:26:30","updated":"2025-06-26 13:26:40","seo_analyzer_scan_date":null,"focus_keyword":null,"additional_keywords":null,"truseo_locale":null},"aioseo_breadcrumb":"<div class=\"aioseo-breadcrumbs\"><span class=\"aioseo-breadcrumb\">\n\t\t\t<a href=\"https:\/\/szslucnalc.sk\" title=\"Home\">Home<\/a>\n\t\t<\/span><span class=\"aioseo-breadcrumb-separator\">&raquo;<\/span><span class=\"aioseo-breadcrumb\">\n\t\t\t<a href=\"https:\/\/szslucnalc.sk\/?cat=5\" title=\"Zahrani\u010dn\u00e9\">Zahrani\u010dn\u00e9<\/a>\n\t\t<\/span><span class=\"aioseo-breadcrumb-separator\">&raquo;<\/span><span class=\"aioseo-breadcrumb\">\n\t\t\tBud\u00face praktick\u00e9 sestry z\u00edskaj\u00fa sk\u00fasenosti v \u010cech\u00e1ch\n\t\t<\/span><\/div>","aioseo_breadcrumb_json":[{"label":"Home","link":"https:\/\/szslucnalc.sk"},{"label":"Zahrani\u010dn\u00e9","link":"https:\/\/szslucnalc.sk\/?cat=5"},{"label":"Bud\u00face praktick\u00e9 sestry z\u00edskaj\u00fa sk\u00fasenosti v \u010cech\u00e1ch","link":"https:\/\/szslucnalc.sk\/?p=3714"}],"_links":{"self":[{"href":"https:\/\/szslucnalc.sk\/index.php?rest_route=\/wp\/v2\/posts\/3714","targetHints":{"allow":["GET"]}}],"collection":[{"href":"https:\/\/szslucnalc.sk\/index.php?rest_route=\/wp\/v2\/posts"}],"about":[{"href":"https:\/\/szslucnalc.sk\/index.php?rest_route=\/wp\/v2\/types\/post"}],"author":[{"embeddable":true,"href":"https:\/\/szslucnalc.sk\/index.php?rest_route=\/wp\/v2\/users\/2"}],"replies":[{"embeddable":true,"href":"https:\/\/szslucnalc.sk\/index.php?rest_route=%2Fwp%2Fv2%2Fcomments&post=3714"}],"version-history":[{"count":6,"href":"https:\/\/szslucnalc.sk\/index.php?rest_route=\/wp\/v2\/posts\/3714\/revisions"}],"predecessor-version":[{"id":5582,"href":"https:\/\/szslucnalc.sk\/index.php?rest_route=\/wp\/v2\/posts\/3714\/revisions\/5582"}],"wp:featuredmedia":[{"embeddable":true,"href":"https:\/\/szslucnalc.sk\/index.php?rest_route=\/wp\/v2\/media\/3715"}],"wp:attachment":[{"href":"https:\/\/szslucnalc.sk\/index.php?rest_route=%2Fwp%2Fv2%2Fmedia&parent=3714"}],"wp:term":[{"taxonomy":"category","embeddable":true,"href":"https:\/\/szslucnalc.sk\/index.php?rest_route=%2Fwp%2Fv2%2Fcategories&post=3714"},{"taxonomy":"post_tag","embeddable":true,"href":"https:\/\/szslucnalc.sk\/index.php?rest_route=%2Fwp%2Fv2%2Ftags&post=3714"}],"curies":[{"name":"wp","href":"https:\/\/api.w.org\/{rel}","templated":true}]}}