{"id":39604,"date":"2026-09-01T19:28:26","date_gmt":"2026-09-01T17:28:26","guid":{"rendered":"https:\/\/szslucnalc.sk\/?p=39604"},"modified":"2026-09-01T19:28:27","modified_gmt":"2026-09-01T17:28:27","slug":"odpalili-sme-novy-skolsky-rok","status":"publish","type":"post","link":"https:\/\/szslucnalc.sk\/?p=39604","title":{"rendered":"Odp\u00e1lili sme nov\u00fd \u0161kolsk\u00fd rok"},"content":{"rendered":"\n<p class=\"wp-block-paragraph\">\u0160kolsk\u00fd dvor sa po mesiacoch ticha op\u00e4\u0165 prebudil k \u017eivotu. Letn\u00e9 pr\u00e1zdniny s\u00fa ofici\u00e1lne za nami a na\u0161a \u0161kola vykro\u010dila do nov\u00e9ho \u0161kolsk\u00e9ho roka vo ve\u013ekom \u0161t\u00fdle \u2013 spolo\u010dne, na \u010derstvom vzduchu a s energiou, ktor\u00e1 by sa dala n\u00e1sobi\u0165. \u0160kolsk\u00fd dvor zaliaty rann\u00fdm slnkom sa stal dejiskom stretnutia celej na\u0161ej \u0161kolskej rodiny. Smiech, objatia po dlhom lete a zvedav\u00e9 poh\u013eady vytvorili atmosf\u00e9ru, na ktor\u00fa budeme spom\u00edna\u0165 e\u0161te dlho. Najv\u00e4\u010d\u0161ie priv\u00edtanie patr\u00ed na\u0161im prv\u00e1kom. Vst\u00fapi\u0165 na p\u00f4du zdravotn\u00edckej \u0161koly chce odvahu \u2013 vybrali ste si cestu, ktor\u00e1 nie je v\u017edy \u013eahk\u00e1, no je jedna z najkraj\u0161\u00edch a najd\u00f4le\u017eitej\u0161\u00edch na svete. Od dne\u0161n\u00e9ho d\u0148a nie ste len \u017eiakmi, st\u00e1vate sa \u013eu\u010fmi, ktor\u00ed sa raz bud\u00fa stara\u0165 o to najcennej\u0161ie: o \u013eudsk\u00e9 zdravie a \u017eivoty. \u010cak\u00e1 n\u00e1s rok pln\u00fd v\u00fdziev, v\u00a0okt\u00f3bri osl\u00e1vime 80. v\u00fdro\u010die \u0161koly.<\/p>\n\n\n\n<p class=\"wp-block-paragraph\">&nbsp;V\u0161etk\u00fdm \u017eiakom \u017eel\u00e1me odhodlanie a rados\u0165 z ka\u017ed\u00e9ho mal\u00e9ho pokroku, pedag\u00f3gom nevy\u010derpate\u013en\u00fa in\u0161pir\u00e1ciu a trpezlivos\u0165.<\/p>\n\n\n\n<p class=\"wp-block-paragraph\">Naho\u010fte \u00fasmev, obujte pohodln\u00fa obuv do praxe a po\u010fme na to \u2013 tento rok bude st\u00e1\u0165 za to!<\/p>\n\n\n\n<figure class=\"wp-block-gallery has-nested-images columns-5 is-cropped wp-block-gallery-1 is-layout-flex wp-block-gallery-is-layout-flex\">\n<figure class=\"wp-block-image size-large\"><a href=\"https:\/\/szslucnalc.sk\/wp-content\/uploads\/2026\/09\/zaciatok-roka-26-27-4-rotated.jpg\"><img loading=\"lazy\" decoding=\"async\" width=\"577\" height=\"1024\" data-id=\"39611\" src=\"https:\/\/szslucnalc.sk\/wp-content\/uploads\/2026\/09\/zaciatok-roka-26-27-4-577x1024.jpg\" alt=\"\" class=\"wp-image-39611\" srcset=\"https:\/\/szslucnalc.sk\/wp-content\/uploads\/2026\/09\/zaciatok-roka-26-27-4-577x1024.jpg 577w, https:\/\/szslucnalc.sk\/wp-content\/uploads\/2026\/09\/zaciatok-roka-26-27-4-169x300.jpg 169w, https:\/\/szslucnalc.sk\/wp-content\/uploads\/2026\/09\/zaciatok-roka-26-27-4-768x1364.jpg 768w, https:\/\/szslucnalc.sk\/wp-content\/uploads\/2026\/09\/zaciatok-roka-26-27-4-865x1536.jpg 865w, https:\/\/szslucnalc.sk\/wp-content\/uploads\/2026\/09\/zaciatok-roka-26-27-4-42x75.jpg 42w, https:\/\/szslucnalc.sk\/wp-content\/uploads\/2026\/09\/zaciatok-roka-26-27-4-422x750.jpg 422w, https:\/\/szslucnalc.sk\/wp-content\/uploads\/2026\/09\/zaciatok-roka-26-27-4-270x480.jpg 270w, https:\/\/szslucnalc.sk\/wp-content\/uploads\/2026\/09\/zaciatok-roka-26-27-4-480x852.jpg 480w, https:\/\/szslucnalc.sk\/wp-content\/uploads\/2026\/09\/zaciatok-roka-26-27-4-rotated.jpg 1080w\" sizes=\"auto, (max-width:767px) 480px, 577px\" \/><\/a><\/figure>\n\n\n\n<figure class=\"wp-block-image size-large\"><a href=\"https:\/\/szslucnalc.sk\/wp-content\/uploads\/2026\/09\/zaciatok-roka-26-27-14-rotated.jpg\"><img loading=\"lazy\" decoding=\"async\" width=\"577\" height=\"1024\" data-id=\"39631\" src=\"https:\/\/szslucnalc.sk\/wp-content\/uploads\/2026\/09\/zaciatok-roka-26-27-14-577x1024.jpg\" alt=\"\" class=\"wp-image-39631\" srcset=\"https:\/\/szslucnalc.sk\/wp-content\/uploads\/2026\/09\/zaciatok-roka-26-27-14-577x1024.jpg 577w, https:\/\/szslucnalc.sk\/wp-content\/uploads\/2026\/09\/zaciatok-roka-26-27-14-169x300.jpg 169w, https:\/\/szslucnalc.sk\/wp-content\/uploads\/2026\/09\/zaciatok-roka-26-27-14-768x1364.jpg 768w, https:\/\/szslucnalc.sk\/wp-content\/uploads\/2026\/09\/zaciatok-roka-26-27-14-865x1536.jpg 865w, https:\/\/szslucnalc.sk\/wp-content\/uploads\/2026\/09\/zaciatok-roka-26-27-14-42x75.jpg 42w, https:\/\/szslucnalc.sk\/wp-content\/uploads\/2026\/09\/zaciatok-roka-26-27-14-422x750.jpg 422w, https:\/\/szslucnalc.sk\/wp-content\/uploads\/2026\/09\/zaciatok-roka-26-27-14-270x480.jpg 270w, https:\/\/szslucnalc.sk\/wp-content\/uploads\/2026\/09\/zaciatok-roka-26-27-14-480x852.jpg 480w, https:\/\/szslucnalc.sk\/wp-content\/uploads\/2026\/09\/zaciatok-roka-26-27-14-rotated.jpg 1080w\" sizes=\"auto, (max-width:767px) 480px, 577px\" \/><\/a><\/figure>\n\n\n\n<figure class=\"wp-block-image size-large\"><a href=\"https:\/\/szslucnalc.sk\/wp-content\/uploads\/2026\/09\/zaciatok-roka-26-27-1.jpg\"><img loading=\"lazy\" decoding=\"async\" width=\"1024\" height=\"577\" data-id=\"39616\" src=\"https:\/\/szslucnalc.sk\/wp-content\/uploads\/2026\/09\/zaciatok-roka-26-27-1-1024x577.jpg\" alt=\"\" class=\"wp-image-39616\" srcset=\"https:\/\/szslucnalc.sk\/wp-content\/uploads\/2026\/09\/zaciatok-roka-26-27-1-1024x577.jpg 1024w, https:\/\/szslucnalc.sk\/wp-content\/uploads\/2026\/09\/zaciatok-roka-26-27-1-300x169.jpg 300w, https:\/\/szslucnalc.sk\/wp-content\/uploads\/2026\/09\/zaciatok-roka-26-27-1-768x432.jpg 768w, https:\/\/szslucnalc.sk\/wp-content\/uploads\/2026\/09\/zaciatok-roka-26-27-1-1536x865.jpg 1536w, https:\/\/szslucnalc.sk\/wp-content\/uploads\/2026\/09\/zaciatok-roka-26-27-1-133x75.jpg 133w, https:\/\/szslucnalc.sk\/wp-content\/uploads\/2026\/09\/zaciatok-roka-26-27-1-960x541.jpg 960w, https:\/\/szslucnalc.sk\/wp-content\/uploads\/2026\/09\/zaciatok-roka-26-27-1-852x480.jpg 852w, https:\/\/szslucnalc.sk\/wp-content\/uploads\/2026\/09\/zaciatok-roka-26-27-1-480x270.jpg 480w, https:\/\/szslucnalc.sk\/wp-content\/uploads\/2026\/09\/zaciatok-roka-26-27-1.jpg 1918w\" sizes=\"auto, (max-width:767px) 480px, (max-width:1024px) 100vw, 1024px\" \/><\/a><\/figure>\n\n\n\n<figure class=\"wp-block-image size-large\"><a href=\"https:\/\/szslucnalc.sk\/wp-content\/uploads\/2026\/09\/zaciatok-roka-26-27-5-rotated.jpg\"><img loading=\"lazy\" decoding=\"async\" width=\"577\" height=\"1024\" data-id=\"39618\" src=\"https:\/\/szslucnalc.sk\/wp-content\/uploads\/2026\/09\/zaciatok-roka-26-27-5-577x1024.jpg\" alt=\"\" class=\"wp-image-39618\" srcset=\"https:\/\/szslucnalc.sk\/wp-content\/uploads\/2026\/09\/zaciatok-roka-26-27-5-577x1024.jpg 577w, https:\/\/szslucnalc.sk\/wp-content\/uploads\/2026\/09\/zaciatok-roka-26-27-5-169x300.jpg 169w, https:\/\/szslucnalc.sk\/wp-content\/uploads\/2026\/09\/zaciatok-roka-26-27-5-768x1364.jpg 768w, https:\/\/szslucnalc.sk\/wp-content\/uploads\/2026\/09\/zaciatok-roka-26-27-5-865x1536.jpg 865w, https:\/\/szslucnalc.sk\/wp-content\/uploads\/2026\/09\/zaciatok-roka-26-27-5-42x75.jpg 42w, https:\/\/szslucnalc.sk\/wp-content\/uploads\/2026\/09\/zaciatok-roka-26-27-5-422x750.jpg 422w, https:\/\/szslucnalc.sk\/wp-content\/uploads\/2026\/09\/zaciatok-roka-26-27-5-270x480.jpg 270w, https:\/\/szslucnalc.sk\/wp-content\/uploads\/2026\/09\/zaciatok-roka-26-27-5-480x852.jpg 480w, https:\/\/szslucnalc.sk\/wp-content\/uploads\/2026\/09\/zaciatok-roka-26-27-5-rotated.jpg 1080w\" sizes=\"auto, (max-width:767px) 480px, 577px\" \/><\/a><\/figure>\n\n\n\n<figure class=\"wp-block-image size-large\"><a href=\"https:\/\/szslucnalc.sk\/wp-content\/uploads\/2026\/09\/zaciatok-roka-26-27-6-rotated.jpg\"><img loading=\"lazy\" decoding=\"async\" width=\"577\" height=\"1024\" data-id=\"39619\" src=\"https:\/\/szslucnalc.sk\/wp-content\/uploads\/2026\/09\/zaciatok-roka-26-27-6-577x1024.jpg\" alt=\"\" class=\"wp-image-39619\" srcset=\"https:\/\/szslucnalc.sk\/wp-content\/uploads\/2026\/09\/zaciatok-roka-26-27-6-577x1024.jpg 577w, https:\/\/szslucnalc.sk\/wp-content\/uploads\/2026\/09\/zaciatok-roka-26-27-6-169x300.jpg 169w, https:\/\/szslucnalc.sk\/wp-content\/uploads\/2026\/09\/zaciatok-roka-26-27-6-768x1364.jpg 768w, https:\/\/szslucnalc.sk\/wp-content\/uploads\/2026\/09\/zaciatok-roka-26-27-6-865x1536.jpg 865w, https:\/\/szslucnalc.sk\/wp-content\/uploads\/2026\/09\/zaciatok-roka-26-27-6-42x75.jpg 42w, https:\/\/szslucnalc.sk\/wp-content\/uploads\/2026\/09\/zaciatok-roka-26-27-6-422x750.jpg 422w, https:\/\/szslucnalc.sk\/wp-content\/uploads\/2026\/09\/zaciatok-roka-26-27-6-270x480.jpg 270w, https:\/\/szslucnalc.sk\/wp-content\/uploads\/2026\/09\/zaciatok-roka-26-27-6-480x852.jpg 480w, https:\/\/szslucnalc.sk\/wp-content\/uploads\/2026\/09\/zaciatok-roka-26-27-6-rotated.jpg 1080w\" sizes=\"auto, (max-width:767px) 480px, 577px\" \/><\/a><\/figure>\n\n\n\n<figure class=\"wp-block-image size-large\"><a href=\"https:\/\/szslucnalc.sk\/wp-content\/uploads\/2026\/09\/zaciatok-roka-26-27-27.jpeg\"><img loading=\"lazy\" decoding=\"async\" width=\"576\" height=\"1024\" data-id=\"39647\" src=\"https:\/\/szslucnalc.sk\/wp-content\/uploads\/2026\/09\/zaciatok-roka-26-27-27-576x1024.jpeg\" alt=\"\" class=\"wp-image-39647\" srcset=\"https:\/\/szslucnalc.sk\/wp-content\/uploads\/2026\/09\/zaciatok-roka-26-27-27-576x1024.jpeg 576w, https:\/\/szslucnalc.sk\/wp-content\/uploads\/2026\/09\/zaciatok-roka-26-27-27-169x300.jpeg 169w, https:\/\/szslucnalc.sk\/wp-content\/uploads\/2026\/09\/zaciatok-roka-26-27-27-768x1365.jpeg 768w, https:\/\/szslucnalc.sk\/wp-content\/uploads\/2026\/09\/zaciatok-roka-26-27-27-864x1536.jpeg 864w, https:\/\/szslucnalc.sk\/wp-content\/uploads\/2026\/09\/zaciatok-roka-26-27-27-42x75.jpeg 42w, https:\/\/szslucnalc.sk\/wp-content\/uploads\/2026\/09\/zaciatok-roka-26-27-27-422x750.jpeg 422w, https:\/\/szslucnalc.sk\/wp-content\/uploads\/2026\/09\/zaciatok-roka-26-27-27-270x480.jpeg 270w, https:\/\/szslucnalc.sk\/wp-content\/uploads\/2026\/09\/zaciatok-roka-26-27-27-480x853.jpeg 480w, https:\/\/szslucnalc.sk\/wp-content\/uploads\/2026\/09\/zaciatok-roka-26-27-27.jpeg 900w\" sizes=\"auto, (max-width:767px) 480px, 576px\" \/><\/a><\/figure>\n\n\n\n<figure class=\"wp-block-image size-large\"><a href=\"https:\/\/szslucnalc.sk\/wp-content\/uploads\/2026\/09\/zaciatok-roka-26-27-7-rotated.jpg\"><img loading=\"lazy\" decoding=\"async\" width=\"577\" height=\"1024\" data-id=\"39622\" src=\"https:\/\/szslucnalc.sk\/wp-content\/uploads\/2026\/09\/zaciatok-roka-26-27-7-577x1024.jpg\" alt=\"\" class=\"wp-image-39622\" srcset=\"https:\/\/szslucnalc.sk\/wp-content\/uploads\/2026\/09\/zaciatok-roka-26-27-7-577x1024.jpg 577w, https:\/\/szslucnalc.sk\/wp-content\/uploads\/2026\/09\/zaciatok-roka-26-27-7-169x300.jpg 169w, https:\/\/szslucnalc.sk\/wp-content\/uploads\/2026\/09\/zaciatok-roka-26-27-7-768x1364.jpg 768w, https:\/\/szslucnalc.sk\/wp-content\/uploads\/2026\/09\/zaciatok-roka-26-27-7-865x1536.jpg 865w, https:\/\/szslucnalc.sk\/wp-content\/uploads\/2026\/09\/zaciatok-roka-26-27-7-42x75.jpg 42w, https:\/\/szslucnalc.sk\/wp-content\/uploads\/2026\/09\/zaciatok-roka-26-27-7-422x750.jpg 422w, https:\/\/szslucnalc.sk\/wp-content\/uploads\/2026\/09\/zaciatok-roka-26-27-7-270x480.jpg 270w, https:\/\/szslucnalc.sk\/wp-content\/uploads\/2026\/09\/zaciatok-roka-26-27-7-480x852.jpg 480w, https:\/\/szslucnalc.sk\/wp-content\/uploads\/2026\/09\/zaciatok-roka-26-27-7-rotated.jpg 1080w\" sizes=\"auto, (max-width:767px) 480px, 577px\" \/><\/a><\/figure>\n\n\n\n<figure class=\"wp-block-image size-large\"><a href=\"https:\/\/szslucnalc.sk\/wp-content\/uploads\/2026\/09\/zaciatok-roka-26-27-8.jpg\"><img loading=\"lazy\" decoding=\"async\" width=\"1024\" height=\"577\" data-id=\"39621\" src=\"https:\/\/szslucnalc.sk\/wp-content\/uploads\/2026\/09\/zaciatok-roka-26-27-8-1024x577.jpg\" alt=\"\" class=\"wp-image-39621\" srcset=\"https:\/\/szslucnalc.sk\/wp-content\/uploads\/2026\/09\/zaciatok-roka-26-27-8-1024x577.jpg 1024w, https:\/\/szslucnalc.sk\/wp-content\/uploads\/2026\/09\/zaciatok-roka-26-27-8-300x169.jpg 300w, https:\/\/szslucnalc.sk\/wp-content\/uploads\/2026\/09\/zaciatok-roka-26-27-8-768x432.jpg 768w, https:\/\/szslucnalc.sk\/wp-content\/uploads\/2026\/09\/zaciatok-roka-26-27-8-1536x865.jpg 1536w, https:\/\/szslucnalc.sk\/wp-content\/uploads\/2026\/09\/zaciatok-roka-26-27-8-133x75.jpg 133w, https:\/\/szslucnalc.sk\/wp-content\/uploads\/2026\/09\/zaciatok-roka-26-27-8-960x541.jpg 960w, https:\/\/szslucnalc.sk\/wp-content\/uploads\/2026\/09\/zaciatok-roka-26-27-8-852x480.jpg 852w, https:\/\/szslucnalc.sk\/wp-content\/uploads\/2026\/09\/zaciatok-roka-26-27-8-480x270.jpg 480w, https:\/\/szslucnalc.sk\/wp-content\/uploads\/2026\/09\/zaciatok-roka-26-27-8.jpg 1918w\" sizes=\"auto, (max-width:767px) 480px, (max-width:1024px) 100vw, 1024px\" \/><\/a><\/figure>\n\n\n\n<figure class=\"wp-block-image size-large\"><a href=\"https:\/\/szslucnalc.sk\/wp-content\/uploads\/2026\/09\/zaciatok-roka-26-27-2.jpg\"><img loading=\"lazy\" decoding=\"async\" width=\"1024\" height=\"577\" data-id=\"39615\" src=\"https:\/\/szslucnalc.sk\/wp-content\/uploads\/2026\/09\/zaciatok-roka-26-27-2-1024x577.jpg\" alt=\"\" class=\"wp-image-39615\" srcset=\"https:\/\/szslucnalc.sk\/wp-content\/uploads\/2026\/09\/zaciatok-roka-26-27-2-1024x577.jpg 1024w, https:\/\/szslucnalc.sk\/wp-content\/uploads\/2026\/09\/zaciatok-roka-26-27-2-300x169.jpg 300w, https:\/\/szslucnalc.sk\/wp-content\/uploads\/2026\/09\/zaciatok-roka-26-27-2-768x432.jpg 768w, https:\/\/szslucnalc.sk\/wp-content\/uploads\/2026\/09\/zaciatok-roka-26-27-2-1536x865.jpg 1536w, https:\/\/szslucnalc.sk\/wp-content\/uploads\/2026\/09\/zaciatok-roka-26-27-2-133x75.jpg 133w, https:\/\/szslucnalc.sk\/wp-content\/uploads\/2026\/09\/zaciatok-roka-26-27-2-960x541.jpg 960w, https:\/\/szslucnalc.sk\/wp-content\/uploads\/2026\/09\/zaciatok-roka-26-27-2-852x480.jpg 852w, https:\/\/szslucnalc.sk\/wp-content\/uploads\/2026\/09\/zaciatok-roka-26-27-2-480x270.jpg 480w, https:\/\/szslucnalc.sk\/wp-content\/uploads\/2026\/09\/zaciatok-roka-26-27-2.jpg 1918w\" sizes=\"auto, (max-width:767px) 480px, (max-width:1024px) 100vw, 1024px\" \/><\/a><\/figure>\n\n\n\n<figure class=\"wp-block-image size-large\"><a href=\"https:\/\/szslucnalc.sk\/wp-content\/uploads\/2026\/09\/zaciatok-roka-26-27-15-rotated.jpg\"><img loading=\"lazy\" decoding=\"async\" width=\"577\" height=\"1024\" data-id=\"39635\" src=\"https:\/\/szslucnalc.sk\/wp-content\/uploads\/2026\/09\/zaciatok-roka-26-27-15-577x1024.jpg\" alt=\"\" class=\"wp-image-39635\" srcset=\"https:\/\/szslucnalc.sk\/wp-content\/uploads\/2026\/09\/zaciatok-roka-26-27-15-577x1024.jpg 577w, https:\/\/szslucnalc.sk\/wp-content\/uploads\/2026\/09\/zaciatok-roka-26-27-15-169x300.jpg 169w, https:\/\/szslucnalc.sk\/wp-content\/uploads\/2026\/09\/zaciatok-roka-26-27-15-768x1364.jpg 768w, https:\/\/szslucnalc.sk\/wp-content\/uploads\/2026\/09\/zaciatok-roka-26-27-15-865x1536.jpg 865w, https:\/\/szslucnalc.sk\/wp-content\/uploads\/2026\/09\/zaciatok-roka-26-27-15-42x75.jpg 42w, https:\/\/szslucnalc.sk\/wp-content\/uploads\/2026\/09\/zaciatok-roka-26-27-15-422x750.jpg 422w, https:\/\/szslucnalc.sk\/wp-content\/uploads\/2026\/09\/zaciatok-roka-26-27-15-270x480.jpg 270w, https:\/\/szslucnalc.sk\/wp-content\/uploads\/2026\/09\/zaciatok-roka-26-27-15-480x852.jpg 480w, https:\/\/szslucnalc.sk\/wp-content\/uploads\/2026\/09\/zaciatok-roka-26-27-15-rotated.jpg 1080w\" sizes=\"auto, (max-width:767px) 480px, 577px\" \/><\/a><\/figure>\n\n\n\n<figure class=\"wp-block-image size-large\"><a href=\"https:\/\/szslucnalc.sk\/wp-content\/uploads\/2026\/09\/zaciatok-roka-26-27-16.jpg\"><img loading=\"lazy\" decoding=\"async\" width=\"1024\" height=\"577\" data-id=\"39637\" src=\"https:\/\/szslucnalc.sk\/wp-content\/uploads\/2026\/09\/zaciatok-roka-26-27-16-1024x577.jpg\" alt=\"\" class=\"wp-image-39637\" srcset=\"https:\/\/szslucnalc.sk\/wp-content\/uploads\/2026\/09\/zaciatok-roka-26-27-16-1024x577.jpg 1024w, https:\/\/szslucnalc.sk\/wp-content\/uploads\/2026\/09\/zaciatok-roka-26-27-16-300x169.jpg 300w, https:\/\/szslucnalc.sk\/wp-content\/uploads\/2026\/09\/zaciatok-roka-26-27-16-768x432.jpg 768w, https:\/\/szslucnalc.sk\/wp-content\/uploads\/2026\/09\/zaciatok-roka-26-27-16-1536x865.jpg 1536w, https:\/\/szslucnalc.sk\/wp-content\/uploads\/2026\/09\/zaciatok-roka-26-27-16-133x75.jpg 133w, https:\/\/szslucnalc.sk\/wp-content\/uploads\/2026\/09\/zaciatok-roka-26-27-16-960x541.jpg 960w, https:\/\/szslucnalc.sk\/wp-content\/uploads\/2026\/09\/zaciatok-roka-26-27-16-852x480.jpg 852w, https:\/\/szslucnalc.sk\/wp-content\/uploads\/2026\/09\/zaciatok-roka-26-27-16-480x270.jpg 480w, https:\/\/szslucnalc.sk\/wp-content\/uploads\/2026\/09\/zaciatok-roka-26-27-16.jpg 1918w\" sizes=\"auto, (max-width:767px) 480px, (max-width:1024px) 100vw, 1024px\" \/><\/a><\/figure>\n\n\n\n<figure class=\"wp-block-image size-large\"><a href=\"https:\/\/szslucnalc.sk\/wp-content\/uploads\/2026\/09\/zaciatok-roka-26-27-11-rotated.jpg\"><img loading=\"lazy\" decoding=\"async\" width=\"577\" height=\"1024\" data-id=\"39627\" src=\"https:\/\/szslucnalc.sk\/wp-content\/uploads\/2026\/09\/zaciatok-roka-26-27-11-577x1024.jpg\" alt=\"\" class=\"wp-image-39627\" srcset=\"https:\/\/szslucnalc.sk\/wp-content\/uploads\/2026\/09\/zaciatok-roka-26-27-11-577x1024.jpg 577w, https:\/\/szslucnalc.sk\/wp-content\/uploads\/2026\/09\/zaciatok-roka-26-27-11-169x300.jpg 169w, https:\/\/szslucnalc.sk\/wp-content\/uploads\/2026\/09\/zaciatok-roka-26-27-11-768x1364.jpg 768w, https:\/\/szslucnalc.sk\/wp-content\/uploads\/2026\/09\/zaciatok-roka-26-27-11-865x1536.jpg 865w, https:\/\/szslucnalc.sk\/wp-content\/uploads\/2026\/09\/zaciatok-roka-26-27-11-42x75.jpg 42w, https:\/\/szslucnalc.sk\/wp-content\/uploads\/2026\/09\/zaciatok-roka-26-27-11-422x750.jpg 422w, https:\/\/szslucnalc.sk\/wp-content\/uploads\/2026\/09\/zaciatok-roka-26-27-11-270x480.jpg 270w, https:\/\/szslucnalc.sk\/wp-content\/uploads\/2026\/09\/zaciatok-roka-26-27-11-480x852.jpg 480w, https:\/\/szslucnalc.sk\/wp-content\/uploads\/2026\/09\/zaciatok-roka-26-27-11-rotated.jpg 1080w\" sizes=\"auto, (max-width:767px) 480px, 577px\" \/><\/a><\/figure>\n\n\n\n<figure class=\"wp-block-image size-large\"><a href=\"https:\/\/szslucnalc.sk\/wp-content\/uploads\/2026\/09\/zaciatok-roka-26-27-12-rotated.jpg\"><img loading=\"lazy\" decoding=\"async\" width=\"577\" height=\"1024\" data-id=\"39629\" src=\"https:\/\/szslucnalc.sk\/wp-content\/uploads\/2026\/09\/zaciatok-roka-26-27-12-577x1024.jpg\" alt=\"\" class=\"wp-image-39629\" srcset=\"https:\/\/szslucnalc.sk\/wp-content\/uploads\/2026\/09\/zaciatok-roka-26-27-12-577x1024.jpg 577w, https:\/\/szslucnalc.sk\/wp-content\/uploads\/2026\/09\/zaciatok-roka-26-27-12-169x300.jpg 169w, https:\/\/szslucnalc.sk\/wp-content\/uploads\/2026\/09\/zaciatok-roka-26-27-12-768x1364.jpg 768w, https:\/\/szslucnalc.sk\/wp-content\/uploads\/2026\/09\/zaciatok-roka-26-27-12-865x1536.jpg 865w, https:\/\/szslucnalc.sk\/wp-content\/uploads\/2026\/09\/zaciatok-roka-26-27-12-42x75.jpg 42w, https:\/\/szslucnalc.sk\/wp-content\/uploads\/2026\/09\/zaciatok-roka-26-27-12-422x750.jpg 422w, https:\/\/szslucnalc.sk\/wp-content\/uploads\/2026\/09\/zaciatok-roka-26-27-12-270x480.jpg 270w, https:\/\/szslucnalc.sk\/wp-content\/uploads\/2026\/09\/zaciatok-roka-26-27-12-480x852.jpg 480w, https:\/\/szslucnalc.sk\/wp-content\/uploads\/2026\/09\/zaciatok-roka-26-27-12-rotated.jpg 1080w\" sizes=\"auto, (max-width:767px) 480px, 577px\" \/><\/a><\/figure>\n\n\n\n<figure class=\"wp-block-image size-large\"><a href=\"https:\/\/szslucnalc.sk\/wp-content\/uploads\/2026\/09\/zaciatok-roka-26-27-13-rotated.jpg\"><img loading=\"lazy\" decoding=\"async\" width=\"577\" height=\"1024\" data-id=\"39632\" src=\"https:\/\/szslucnalc.sk\/wp-content\/uploads\/2026\/09\/zaciatok-roka-26-27-13-577x1024.jpg\" alt=\"\" class=\"wp-image-39632\" srcset=\"https:\/\/szslucnalc.sk\/wp-content\/uploads\/2026\/09\/zaciatok-roka-26-27-13-577x1024.jpg 577w, https:\/\/szslucnalc.sk\/wp-content\/uploads\/2026\/09\/zaciatok-roka-26-27-13-169x300.jpg 169w, https:\/\/szslucnalc.sk\/wp-content\/uploads\/2026\/09\/zaciatok-roka-26-27-13-768x1364.jpg 768w, https:\/\/szslucnalc.sk\/wp-content\/uploads\/2026\/09\/zaciatok-roka-26-27-13-865x1536.jpg 865w, https:\/\/szslucnalc.sk\/wp-content\/uploads\/2026\/09\/zaciatok-roka-26-27-13-42x75.jpg 42w, https:\/\/szslucnalc.sk\/wp-content\/uploads\/2026\/09\/zaciatok-roka-26-27-13-422x750.jpg 422w, https:\/\/szslucnalc.sk\/wp-content\/uploads\/2026\/09\/zaciatok-roka-26-27-13-270x480.jpg 270w, https:\/\/szslucnalc.sk\/wp-content\/uploads\/2026\/09\/zaciatok-roka-26-27-13-480x852.jpg 480w, https:\/\/szslucnalc.sk\/wp-content\/uploads\/2026\/09\/zaciatok-roka-26-27-13-rotated.jpg 1080w\" sizes=\"auto, (max-width:767px) 480px, 577px\" \/><\/a><\/figure>\n\n\n\n<figure class=\"wp-block-image size-large\"><a href=\"https:\/\/szslucnalc.sk\/wp-content\/uploads\/2026\/09\/zaciatok-roka-26-27-10-rotated.jpg\"><img loading=\"lazy\" decoding=\"async\" width=\"577\" height=\"1024\" data-id=\"39625\" src=\"https:\/\/szslucnalc.sk\/wp-content\/uploads\/2026\/09\/zaciatok-roka-26-27-10-577x1024.jpg\" alt=\"\" class=\"wp-image-39625\" srcset=\"https:\/\/szslucnalc.sk\/wp-content\/uploads\/2026\/09\/zaciatok-roka-26-27-10-577x1024.jpg 577w, https:\/\/szslucnalc.sk\/wp-content\/uploads\/2026\/09\/zaciatok-roka-26-27-10-169x300.jpg 169w, https:\/\/szslucnalc.sk\/wp-content\/uploads\/2026\/09\/zaciatok-roka-26-27-10-768x1364.jpg 768w, https:\/\/szslucnalc.sk\/wp-content\/uploads\/2026\/09\/zaciatok-roka-26-27-10-865x1536.jpg 865w, https:\/\/szslucnalc.sk\/wp-content\/uploads\/2026\/09\/zaciatok-roka-26-27-10-42x75.jpg 42w, https:\/\/szslucnalc.sk\/wp-content\/uploads\/2026\/09\/zaciatok-roka-26-27-10-422x750.jpg 422w, https:\/\/szslucnalc.sk\/wp-content\/uploads\/2026\/09\/zaciatok-roka-26-27-10-270x480.jpg 270w, https:\/\/szslucnalc.sk\/wp-content\/uploads\/2026\/09\/zaciatok-roka-26-27-10-480x852.jpg 480w, https:\/\/szslucnalc.sk\/wp-content\/uploads\/2026\/09\/zaciatok-roka-26-27-10-rotated.jpg 1080w\" sizes=\"auto, (max-width:767px) 480px, 577px\" \/><\/a><\/figure>\n\n\n\n<figure class=\"wp-block-image size-large\"><a href=\"https:\/\/szslucnalc.sk\/wp-content\/uploads\/2026\/09\/zaciatok-roka-26-27-19.jpg\"><img loading=\"lazy\" decoding=\"async\" width=\"1024\" height=\"577\" data-id=\"39653\" src=\"https:\/\/szslucnalc.sk\/wp-content\/uploads\/2026\/09\/zaciatok-roka-26-27-19-1024x577.jpg\" alt=\"\" class=\"wp-image-39653\" srcset=\"https:\/\/szslucnalc.sk\/wp-content\/uploads\/2026\/09\/zaciatok-roka-26-27-19-1024x577.jpg 1024w, https:\/\/szslucnalc.sk\/wp-content\/uploads\/2026\/09\/zaciatok-roka-26-27-19-300x169.jpg 300w, https:\/\/szslucnalc.sk\/wp-content\/uploads\/2026\/09\/zaciatok-roka-26-27-19-768x432.jpg 768w, https:\/\/szslucnalc.sk\/wp-content\/uploads\/2026\/09\/zaciatok-roka-26-27-19-1536x865.jpg 1536w, https:\/\/szslucnalc.sk\/wp-content\/uploads\/2026\/09\/zaciatok-roka-26-27-19-133x75.jpg 133w, https:\/\/szslucnalc.sk\/wp-content\/uploads\/2026\/09\/zaciatok-roka-26-27-19-960x541.jpg 960w, https:\/\/szslucnalc.sk\/wp-content\/uploads\/2026\/09\/zaciatok-roka-26-27-19-852x480.jpg 852w, https:\/\/szslucnalc.sk\/wp-content\/uploads\/2026\/09\/zaciatok-roka-26-27-19-480x270.jpg 480w, https:\/\/szslucnalc.sk\/wp-content\/uploads\/2026\/09\/zaciatok-roka-26-27-19.jpg 1918w\" sizes=\"auto, (max-width:767px) 480px, (max-width:1024px) 100vw, 1024px\" \/><\/a><\/figure>\n\n\n\n<figure class=\"wp-block-image size-large\"><a href=\"https:\/\/szslucnalc.sk\/wp-content\/uploads\/2026\/09\/zaciatok-roka-26-27-30.jpeg\"><img loading=\"lazy\" decoding=\"async\" width=\"576\" height=\"1024\" data-id=\"39651\" src=\"https:\/\/szslucnalc.sk\/wp-content\/uploads\/2026\/09\/zaciatok-roka-26-27-30-576x1024.jpeg\" alt=\"\" class=\"wp-image-39651\" srcset=\"https:\/\/szslucnalc.sk\/wp-content\/uploads\/2026\/09\/zaciatok-roka-26-27-30-576x1024.jpeg 576w, https:\/\/szslucnalc.sk\/wp-content\/uploads\/2026\/09\/zaciatok-roka-26-27-30-169x300.jpeg 169w, https:\/\/szslucnalc.sk\/wp-content\/uploads\/2026\/09\/zaciatok-roka-26-27-30-768x1365.jpeg 768w, https:\/\/szslucnalc.sk\/wp-content\/uploads\/2026\/09\/zaciatok-roka-26-27-30-864x1536.jpeg 864w, https:\/\/szslucnalc.sk\/wp-content\/uploads\/2026\/09\/zaciatok-roka-26-27-30-42x75.jpeg 42w, https:\/\/szslucnalc.sk\/wp-content\/uploads\/2026\/09\/zaciatok-roka-26-27-30-422x750.jpeg 422w, https:\/\/szslucnalc.sk\/wp-content\/uploads\/2026\/09\/zaciatok-roka-26-27-30-270x480.jpeg 270w, https:\/\/szslucnalc.sk\/wp-content\/uploads\/2026\/09\/zaciatok-roka-26-27-30-480x853.jpeg 480w, https:\/\/szslucnalc.sk\/wp-content\/uploads\/2026\/09\/zaciatok-roka-26-27-30.jpeg 900w\" sizes=\"auto, (max-width:767px) 480px, 576px\" \/><\/a><\/figure>\n\n\n\n<figure class=\"wp-block-image size-large\"><a href=\"https:\/\/szslucnalc.sk\/wp-content\/uploads\/2026\/09\/zaciatok-roka-26-27-25.jpeg\"><img loading=\"lazy\" decoding=\"async\" width=\"576\" height=\"1024\" data-id=\"39649\" src=\"https:\/\/szslucnalc.sk\/wp-content\/uploads\/2026\/09\/zaciatok-roka-26-27-25-576x1024.jpeg\" alt=\"\" class=\"wp-image-39649\" srcset=\"https:\/\/szslucnalc.sk\/wp-content\/uploads\/2026\/09\/zaciatok-roka-26-27-25-576x1024.jpeg 576w, https:\/\/szslucnalc.sk\/wp-content\/uploads\/2026\/09\/zaciatok-roka-26-27-25-169x300.jpeg 169w, https:\/\/szslucnalc.sk\/wp-content\/uploads\/2026\/09\/zaciatok-roka-26-27-25-768x1365.jpeg 768w, https:\/\/szslucnalc.sk\/wp-content\/uploads\/2026\/09\/zaciatok-roka-26-27-25-864x1536.jpeg 864w, https:\/\/szslucnalc.sk\/wp-content\/uploads\/2026\/09\/zaciatok-roka-26-27-25-42x75.jpeg 42w, https:\/\/szslucnalc.sk\/wp-content\/uploads\/2026\/09\/zaciatok-roka-26-27-25-422x750.jpeg 422w, https:\/\/szslucnalc.sk\/wp-content\/uploads\/2026\/09\/zaciatok-roka-26-27-25-270x480.jpeg 270w, https:\/\/szslucnalc.sk\/wp-content\/uploads\/2026\/09\/zaciatok-roka-26-27-25-480x853.jpeg 480w, https:\/\/szslucnalc.sk\/wp-content\/uploads\/2026\/09\/zaciatok-roka-26-27-25.jpeg 900w\" sizes=\"auto, (max-width:767px) 480px, 576px\" \/><\/a><\/figure>\n\n\n\n<figure class=\"wp-block-image size-large\"><a href=\"https:\/\/szslucnalc.sk\/wp-content\/uploads\/2026\/09\/zaciatok-roka-26-27-9-rotated.jpg\"><img loading=\"lazy\" decoding=\"async\" width=\"577\" height=\"1024\" data-id=\"39623\" src=\"https:\/\/szslucnalc.sk\/wp-content\/uploads\/2026\/09\/zaciatok-roka-26-27-9-577x1024.jpg\" alt=\"\" class=\"wp-image-39623\" srcset=\"https:\/\/szslucnalc.sk\/wp-content\/uploads\/2026\/09\/zaciatok-roka-26-27-9-577x1024.jpg 577w, https:\/\/szslucnalc.sk\/wp-content\/uploads\/2026\/09\/zaciatok-roka-26-27-9-169x300.jpg 169w, https:\/\/szslucnalc.sk\/wp-content\/uploads\/2026\/09\/zaciatok-roka-26-27-9-768x1364.jpg 768w, https:\/\/szslucnalc.sk\/wp-content\/uploads\/2026\/09\/zaciatok-roka-26-27-9-865x1536.jpg 865w, https:\/\/szslucnalc.sk\/wp-content\/uploads\/2026\/09\/zaciatok-roka-26-27-9-42x75.jpg 42w, https:\/\/szslucnalc.sk\/wp-content\/uploads\/2026\/09\/zaciatok-roka-26-27-9-422x750.jpg 422w, https:\/\/szslucnalc.sk\/wp-content\/uploads\/2026\/09\/zaciatok-roka-26-27-9-270x480.jpg 270w, https:\/\/szslucnalc.sk\/wp-content\/uploads\/2026\/09\/zaciatok-roka-26-27-9-480x852.jpg 480w, https:\/\/szslucnalc.sk\/wp-content\/uploads\/2026\/09\/zaciatok-roka-26-27-9-rotated.jpg 1080w\" sizes=\"auto, (max-width:767px) 480px, 577px\" \/><\/a><\/figure>\n\n\n\n<figure class=\"wp-block-image size-large\"><a href=\"https:\/\/szslucnalc.sk\/wp-content\/uploads\/2026\/09\/zaciatok-roka-26-27-26.jpeg\"><img loading=\"lazy\" decoding=\"async\" width=\"576\" height=\"1024\" data-id=\"39646\" src=\"https:\/\/szslucnalc.sk\/wp-content\/uploads\/2026\/09\/zaciatok-roka-26-27-26-576x1024.jpeg\" alt=\"\" class=\"wp-image-39646\" srcset=\"https:\/\/szslucnalc.sk\/wp-content\/uploads\/2026\/09\/zaciatok-roka-26-27-26-576x1024.jpeg 576w, https:\/\/szslucnalc.sk\/wp-content\/uploads\/2026\/09\/zaciatok-roka-26-27-26-169x300.jpeg 169w, https:\/\/szslucnalc.sk\/wp-content\/uploads\/2026\/09\/zaciatok-roka-26-27-26-768x1365.jpeg 768w, https:\/\/szslucnalc.sk\/wp-content\/uploads\/2026\/09\/zaciatok-roka-26-27-26-864x1536.jpeg 864w, https:\/\/szslucnalc.sk\/wp-content\/uploads\/2026\/09\/zaciatok-roka-26-27-26-42x75.jpeg 42w, https:\/\/szslucnalc.sk\/wp-content\/uploads\/2026\/09\/zaciatok-roka-26-27-26-422x750.jpeg 422w, https:\/\/szslucnalc.sk\/wp-content\/uploads\/2026\/09\/zaciatok-roka-26-27-26-270x480.jpeg 270w, https:\/\/szslucnalc.sk\/wp-content\/uploads\/2026\/09\/zaciatok-roka-26-27-26-480x853.jpeg 480w, https:\/\/szslucnalc.sk\/wp-content\/uploads\/2026\/09\/zaciatok-roka-26-27-26.jpeg 900w\" sizes=\"auto, (max-width:767px) 480px, 576px\" \/><\/a><\/figure>\n\n\n\n<figure class=\"wp-block-image size-large\"><a href=\"https:\/\/szslucnalc.sk\/wp-content\/uploads\/2026\/09\/zaciatok-roka-26-27-32.jpeg\"><img loading=\"lazy\" decoding=\"async\" width=\"576\" height=\"1024\" data-id=\"39640\" src=\"https:\/\/szslucnalc.sk\/wp-content\/uploads\/2026\/09\/zaciatok-roka-26-27-32-576x1024.jpeg\" alt=\"\" class=\"wp-image-39640\" srcset=\"https:\/\/szslucnalc.sk\/wp-content\/uploads\/2026\/09\/zaciatok-roka-26-27-32-576x1024.jpeg 576w, https:\/\/szslucnalc.sk\/wp-content\/uploads\/2026\/09\/zaciatok-roka-26-27-32-169x300.jpeg 169w, https:\/\/szslucnalc.sk\/wp-content\/uploads\/2026\/09\/zaciatok-roka-26-27-32-768x1365.jpeg 768w, https:\/\/szslucnalc.sk\/wp-content\/uploads\/2026\/09\/zaciatok-roka-26-27-32-864x1536.jpeg 864w, https:\/\/szslucnalc.sk\/wp-content\/uploads\/2026\/09\/zaciatok-roka-26-27-32-42x75.jpeg 42w, https:\/\/szslucnalc.sk\/wp-content\/uploads\/2026\/09\/zaciatok-roka-26-27-32-422x750.jpeg 422w, https:\/\/szslucnalc.sk\/wp-content\/uploads\/2026\/09\/zaciatok-roka-26-27-32-270x480.jpeg 270w, https:\/\/szslucnalc.sk\/wp-content\/uploads\/2026\/09\/zaciatok-roka-26-27-32-480x853.jpeg 480w, https:\/\/szslucnalc.sk\/wp-content\/uploads\/2026\/09\/zaciatok-roka-26-27-32.jpeg 900w\" sizes=\"auto, (max-width:767px) 480px, 576px\" \/><\/a><\/figure>\n\n\n\n<figure class=\"wp-block-image size-large\"><a href=\"https:\/\/szslucnalc.sk\/wp-content\/uploads\/2026\/09\/zaciatok-roka-26-27-22.jpeg\"><img loading=\"lazy\" decoding=\"async\" width=\"576\" height=\"1024\" data-id=\"39638\" src=\"https:\/\/szslucnalc.sk\/wp-content\/uploads\/2026\/09\/zaciatok-roka-26-27-22-576x1024.jpeg\" alt=\"\" class=\"wp-image-39638\" srcset=\"https:\/\/szslucnalc.sk\/wp-content\/uploads\/2026\/09\/zaciatok-roka-26-27-22-576x1024.jpeg 576w, https:\/\/szslucnalc.sk\/wp-content\/uploads\/2026\/09\/zaciatok-roka-26-27-22-169x300.jpeg 169w, https:\/\/szslucnalc.sk\/wp-content\/uploads\/2026\/09\/zaciatok-roka-26-27-22-768x1365.jpeg 768w, https:\/\/szslucnalc.sk\/wp-content\/uploads\/2026\/09\/zaciatok-roka-26-27-22-864x1536.jpeg 864w, https:\/\/szslucnalc.sk\/wp-content\/uploads\/2026\/09\/zaciatok-roka-26-27-22-42x75.jpeg 42w, https:\/\/szslucnalc.sk\/wp-content\/uploads\/2026\/09\/zaciatok-roka-26-27-22-422x750.jpeg 422w, https:\/\/szslucnalc.sk\/wp-content\/uploads\/2026\/09\/zaciatok-roka-26-27-22-270x480.jpeg 270w, https:\/\/szslucnalc.sk\/wp-content\/uploads\/2026\/09\/zaciatok-roka-26-27-22-480x853.jpeg 480w, https:\/\/szslucnalc.sk\/wp-content\/uploads\/2026\/09\/zaciatok-roka-26-27-22.jpeg 900w\" sizes=\"auto, (max-width:767px) 480px, 576px\" \/><\/a><\/figure>\n\n\n\n<figure class=\"wp-block-image size-large\"><a href=\"https:\/\/szslucnalc.sk\/wp-content\/uploads\/2026\/09\/zaciatok-roka-26-27-1.jpeg\"><img loading=\"lazy\" decoding=\"async\" width=\"576\" height=\"1024\" data-id=\"39605\" src=\"https:\/\/szslucnalc.sk\/wp-content\/uploads\/2026\/09\/zaciatok-roka-26-27-1-576x1024.jpeg\" alt=\"\" class=\"wp-image-39605\" srcset=\"https:\/\/szslucnalc.sk\/wp-content\/uploads\/2026\/09\/zaciatok-roka-26-27-1-576x1024.jpeg 576w, https:\/\/szslucnalc.sk\/wp-content\/uploads\/2026\/09\/zaciatok-roka-26-27-1-169x300.jpeg 169w, https:\/\/szslucnalc.sk\/wp-content\/uploads\/2026\/09\/zaciatok-roka-26-27-1-768x1365.jpeg 768w, https:\/\/szslucnalc.sk\/wp-content\/uploads\/2026\/09\/zaciatok-roka-26-27-1-864x1536.jpeg 864w, https:\/\/szslucnalc.sk\/wp-content\/uploads\/2026\/09\/zaciatok-roka-26-27-1-42x75.jpeg 42w, https:\/\/szslucnalc.sk\/wp-content\/uploads\/2026\/09\/zaciatok-roka-26-27-1-422x750.jpeg 422w, https:\/\/szslucnalc.sk\/wp-content\/uploads\/2026\/09\/zaciatok-roka-26-27-1-270x480.jpeg 270w, https:\/\/szslucnalc.sk\/wp-content\/uploads\/2026\/09\/zaciatok-roka-26-27-1-480x853.jpeg 480w, https:\/\/szslucnalc.sk\/wp-content\/uploads\/2026\/09\/zaciatok-roka-26-27-1.jpeg 900w\" sizes=\"auto, (max-width:767px) 480px, 576px\" \/><\/a><\/figure>\n\n\n\n<figure class=\"wp-block-image size-large\"><a href=\"https:\/\/szslucnalc.sk\/wp-content\/uploads\/2026\/09\/zaciatok-roka-26-27-2.jpeg\"><img loading=\"lazy\" decoding=\"async\" width=\"576\" height=\"1024\" data-id=\"39607\" src=\"https:\/\/szslucnalc.sk\/wp-content\/uploads\/2026\/09\/zaciatok-roka-26-27-2-576x1024.jpeg\" alt=\"\" class=\"wp-image-39607\" srcset=\"https:\/\/szslucnalc.sk\/wp-content\/uploads\/2026\/09\/zaciatok-roka-26-27-2-576x1024.jpeg 576w, https:\/\/szslucnalc.sk\/wp-content\/uploads\/2026\/09\/zaciatok-roka-26-27-2-169x300.jpeg 169w, https:\/\/szslucnalc.sk\/wp-content\/uploads\/2026\/09\/zaciatok-roka-26-27-2-768x1365.jpeg 768w, https:\/\/szslucnalc.sk\/wp-content\/uploads\/2026\/09\/zaciatok-roka-26-27-2-864x1536.jpeg 864w, https:\/\/szslucnalc.sk\/wp-content\/uploads\/2026\/09\/zaciatok-roka-26-27-2-42x75.jpeg 42w, https:\/\/szslucnalc.sk\/wp-content\/uploads\/2026\/09\/zaciatok-roka-26-27-2-422x750.jpeg 422w, https:\/\/szslucnalc.sk\/wp-content\/uploads\/2026\/09\/zaciatok-roka-26-27-2-270x480.jpeg 270w, https:\/\/szslucnalc.sk\/wp-content\/uploads\/2026\/09\/zaciatok-roka-26-27-2-480x853.jpeg 480w, https:\/\/szslucnalc.sk\/wp-content\/uploads\/2026\/09\/zaciatok-roka-26-27-2.jpeg 900w\" sizes=\"auto, (max-width:767px) 480px, 576px\" \/><\/a><\/figure>\n\n\n\n<figure class=\"wp-block-image size-large\"><a href=\"https:\/\/szslucnalc.sk\/wp-content\/uploads\/2026\/09\/zaciatok-roka-26-27-4.jpeg\"><img loading=\"lazy\" decoding=\"async\" width=\"576\" height=\"1024\" data-id=\"39608\" src=\"https:\/\/szslucnalc.sk\/wp-content\/uploads\/2026\/09\/zaciatok-roka-26-27-4-576x1024.jpeg\" alt=\"\" class=\"wp-image-39608\" srcset=\"https:\/\/szslucnalc.sk\/wp-content\/uploads\/2026\/09\/zaciatok-roka-26-27-4-576x1024.jpeg 576w, https:\/\/szslucnalc.sk\/wp-content\/uploads\/2026\/09\/zaciatok-roka-26-27-4-169x300.jpeg 169w, https:\/\/szslucnalc.sk\/wp-content\/uploads\/2026\/09\/zaciatok-roka-26-27-4-768x1365.jpeg 768w, https:\/\/szslucnalc.sk\/wp-content\/uploads\/2026\/09\/zaciatok-roka-26-27-4-864x1536.jpeg 864w, https:\/\/szslucnalc.sk\/wp-content\/uploads\/2026\/09\/zaciatok-roka-26-27-4-42x75.jpeg 42w, https:\/\/szslucnalc.sk\/wp-content\/uploads\/2026\/09\/zaciatok-roka-26-27-4-422x750.jpeg 422w, https:\/\/szslucnalc.sk\/wp-content\/uploads\/2026\/09\/zaciatok-roka-26-27-4-270x480.jpeg 270w, https:\/\/szslucnalc.sk\/wp-content\/uploads\/2026\/09\/zaciatok-roka-26-27-4-480x853.jpeg 480w, https:\/\/szslucnalc.sk\/wp-content\/uploads\/2026\/09\/zaciatok-roka-26-27-4.jpeg 900w\" sizes=\"auto, (max-width:767px) 480px, 576px\" \/><\/a><\/figure>\n\n\n\n<figure class=\"wp-block-image size-large\"><a href=\"https:\/\/szslucnalc.sk\/wp-content\/uploads\/2026\/09\/zaciatok-roka-26-27-5.jpeg\"><img loading=\"lazy\" decoding=\"async\" width=\"576\" height=\"1024\" data-id=\"39610\" src=\"https:\/\/szslucnalc.sk\/wp-content\/uploads\/2026\/09\/zaciatok-roka-26-27-5-576x1024.jpeg\" alt=\"\" class=\"wp-image-39610\" srcset=\"https:\/\/szslucnalc.sk\/wp-content\/uploads\/2026\/09\/zaciatok-roka-26-27-5-576x1024.jpeg 576w, https:\/\/szslucnalc.sk\/wp-content\/uploads\/2026\/09\/zaciatok-roka-26-27-5-169x300.jpeg 169w, https:\/\/szslucnalc.sk\/wp-content\/uploads\/2026\/09\/zaciatok-roka-26-27-5-768x1365.jpeg 768w, https:\/\/szslucnalc.sk\/wp-content\/uploads\/2026\/09\/zaciatok-roka-26-27-5-864x1536.jpeg 864w, https:\/\/szslucnalc.sk\/wp-content\/uploads\/2026\/09\/zaciatok-roka-26-27-5-42x75.jpeg 42w, https:\/\/szslucnalc.sk\/wp-content\/uploads\/2026\/09\/zaciatok-roka-26-27-5-422x750.jpeg 422w, https:\/\/szslucnalc.sk\/wp-content\/uploads\/2026\/09\/zaciatok-roka-26-27-5-270x480.jpeg 270w, https:\/\/szslucnalc.sk\/wp-content\/uploads\/2026\/09\/zaciatok-roka-26-27-5-480x853.jpeg 480w, https:\/\/szslucnalc.sk\/wp-content\/uploads\/2026\/09\/zaciatok-roka-26-27-5.jpeg 900w\" sizes=\"auto, (max-width:767px) 480px, 576px\" \/><\/a><\/figure>\n\n\n\n<figure class=\"wp-block-image size-large\"><a href=\"https:\/\/szslucnalc.sk\/wp-content\/uploads\/2026\/09\/zaciatok-roka-26-27-23.jpeg\"><img loading=\"lazy\" decoding=\"async\" width=\"576\" height=\"1024\" data-id=\"39645\" src=\"https:\/\/szslucnalc.sk\/wp-content\/uploads\/2026\/09\/zaciatok-roka-26-27-23-576x1024.jpeg\" alt=\"\" class=\"wp-image-39645\" srcset=\"https:\/\/szslucnalc.sk\/wp-content\/uploads\/2026\/09\/zaciatok-roka-26-27-23-576x1024.jpeg 576w, https:\/\/szslucnalc.sk\/wp-content\/uploads\/2026\/09\/zaciatok-roka-26-27-23-169x300.jpeg 169w, https:\/\/szslucnalc.sk\/wp-content\/uploads\/2026\/09\/zaciatok-roka-26-27-23-768x1365.jpeg 768w, https:\/\/szslucnalc.sk\/wp-content\/uploads\/2026\/09\/zaciatok-roka-26-27-23-864x1536.jpeg 864w, https:\/\/szslucnalc.sk\/wp-content\/uploads\/2026\/09\/zaciatok-roka-26-27-23-42x75.jpeg 42w, https:\/\/szslucnalc.sk\/wp-content\/uploads\/2026\/09\/zaciatok-roka-26-27-23-422x750.jpeg 422w, https:\/\/szslucnalc.sk\/wp-content\/uploads\/2026\/09\/zaciatok-roka-26-27-23-270x480.jpeg 270w, https:\/\/szslucnalc.sk\/wp-content\/uploads\/2026\/09\/zaciatok-roka-26-27-23-480x853.jpeg 480w, https:\/\/szslucnalc.sk\/wp-content\/uploads\/2026\/09\/zaciatok-roka-26-27-23.jpeg 900w\" sizes=\"auto, (max-width:767px) 480px, 576px\" \/><\/a><\/figure>\n\n\n\n<figure class=\"wp-block-image size-large\"><a href=\"https:\/\/szslucnalc.sk\/wp-content\/uploads\/2026\/09\/zaciatok-roka-26-27-12.jpeg\"><img loading=\"lazy\" decoding=\"async\" width=\"576\" height=\"1024\" data-id=\"39626\" src=\"https:\/\/szslucnalc.sk\/wp-content\/uploads\/2026\/09\/zaciatok-roka-26-27-12-576x1024.jpeg\" alt=\"\" class=\"wp-image-39626\" srcset=\"https:\/\/szslucnalc.sk\/wp-content\/uploads\/2026\/09\/zaciatok-roka-26-27-12-576x1024.jpeg 576w, https:\/\/szslucnalc.sk\/wp-content\/uploads\/2026\/09\/zaciatok-roka-26-27-12-169x300.jpeg 169w, https:\/\/szslucnalc.sk\/wp-content\/uploads\/2026\/09\/zaciatok-roka-26-27-12-768x1365.jpeg 768w, https:\/\/szslucnalc.sk\/wp-content\/uploads\/2026\/09\/zaciatok-roka-26-27-12-864x1536.jpeg 864w, https:\/\/szslucnalc.sk\/wp-content\/uploads\/2026\/09\/zaciatok-roka-26-27-12-42x75.jpeg 42w, https:\/\/szslucnalc.sk\/wp-content\/uploads\/2026\/09\/zaciatok-roka-26-27-12-422x750.jpeg 422w, https:\/\/szslucnalc.sk\/wp-content\/uploads\/2026\/09\/zaciatok-roka-26-27-12-270x480.jpeg 270w, https:\/\/szslucnalc.sk\/wp-content\/uploads\/2026\/09\/zaciatok-roka-26-27-12-480x853.jpeg 480w, https:\/\/szslucnalc.sk\/wp-content\/uploads\/2026\/09\/zaciatok-roka-26-27-12.jpeg 900w\" sizes=\"auto, (max-width:767px) 480px, 576px\" \/><\/a><\/figure>\n\n\n\n<figure class=\"wp-block-image size-large\"><a href=\"https:\/\/szslucnalc.sk\/wp-content\/uploads\/2026\/09\/zaciatok-roka-26-27-13.jpeg\"><img loading=\"lazy\" decoding=\"async\" width=\"576\" height=\"1024\" data-id=\"39628\" src=\"https:\/\/szslucnalc.sk\/wp-content\/uploads\/2026\/09\/zaciatok-roka-26-27-13-576x1024.jpeg\" alt=\"\" class=\"wp-image-39628\" srcset=\"https:\/\/szslucnalc.sk\/wp-content\/uploads\/2026\/09\/zaciatok-roka-26-27-13-576x1024.jpeg 576w, https:\/\/szslucnalc.sk\/wp-content\/uploads\/2026\/09\/zaciatok-roka-26-27-13-169x300.jpeg 169w, https:\/\/szslucnalc.sk\/wp-content\/uploads\/2026\/09\/zaciatok-roka-26-27-13-768x1365.jpeg 768w, https:\/\/szslucnalc.sk\/wp-content\/uploads\/2026\/09\/zaciatok-roka-26-27-13-864x1536.jpeg 864w, https:\/\/szslucnalc.sk\/wp-content\/uploads\/2026\/09\/zaciatok-roka-26-27-13-42x75.jpeg 42w, https:\/\/szslucnalc.sk\/wp-content\/uploads\/2026\/09\/zaciatok-roka-26-27-13-422x750.jpeg 422w, https:\/\/szslucnalc.sk\/wp-content\/uploads\/2026\/09\/zaciatok-roka-26-27-13-270x480.jpeg 270w, https:\/\/szslucnalc.sk\/wp-content\/uploads\/2026\/09\/zaciatok-roka-26-27-13-480x853.jpeg 480w, https:\/\/szslucnalc.sk\/wp-content\/uploads\/2026\/09\/zaciatok-roka-26-27-13.jpeg 900w\" sizes=\"auto, (max-width:767px) 480px, 576px\" \/><\/a><\/figure>\n\n\n\n<figure class=\"wp-block-image size-large\"><a href=\"https:\/\/szslucnalc.sk\/wp-content\/uploads\/2026\/09\/zaciatok-roka-26-27-14.jpeg\"><img loading=\"lazy\" decoding=\"async\" width=\"576\" height=\"1024\" data-id=\"39630\" src=\"https:\/\/szslucnalc.sk\/wp-content\/uploads\/2026\/09\/zaciatok-roka-26-27-14-576x1024.jpeg\" alt=\"\" class=\"wp-image-39630\" srcset=\"https:\/\/szslucnalc.sk\/wp-content\/uploads\/2026\/09\/zaciatok-roka-26-27-14-576x1024.jpeg 576w, https:\/\/szslucnalc.sk\/wp-content\/uploads\/2026\/09\/zaciatok-roka-26-27-14-169x300.jpeg 169w, https:\/\/szslucnalc.sk\/wp-content\/uploads\/2026\/09\/zaciatok-roka-26-27-14-768x1365.jpeg 768w, https:\/\/szslucnalc.sk\/wp-content\/uploads\/2026\/09\/zaciatok-roka-26-27-14-864x1536.jpeg 864w, https:\/\/szslucnalc.sk\/wp-content\/uploads\/2026\/09\/zaciatok-roka-26-27-14-42x75.jpeg 42w, https:\/\/szslucnalc.sk\/wp-content\/uploads\/2026\/09\/zaciatok-roka-26-27-14-422x750.jpeg 422w, https:\/\/szslucnalc.sk\/wp-content\/uploads\/2026\/09\/zaciatok-roka-26-27-14-270x480.jpeg 270w, https:\/\/szslucnalc.sk\/wp-content\/uploads\/2026\/09\/zaciatok-roka-26-27-14-480x853.jpeg 480w, https:\/\/szslucnalc.sk\/wp-content\/uploads\/2026\/09\/zaciatok-roka-26-27-14.jpeg 900w\" sizes=\"auto, (max-width:767px) 480px, 576px\" \/><\/a><\/figure>\n\n\n\n<figure class=\"wp-block-image size-large\"><a href=\"https:\/\/szslucnalc.sk\/wp-content\/uploads\/2026\/09\/zaciatok-roka-26-27-15.jpeg\"><img loading=\"lazy\" decoding=\"async\" width=\"576\" height=\"1024\" data-id=\"39633\" src=\"https:\/\/szslucnalc.sk\/wp-content\/uploads\/2026\/09\/zaciatok-roka-26-27-15-576x1024.jpeg\" alt=\"\" class=\"wp-image-39633\" srcset=\"https:\/\/szslucnalc.sk\/wp-content\/uploads\/2026\/09\/zaciatok-roka-26-27-15-576x1024.jpeg 576w, https:\/\/szslucnalc.sk\/wp-content\/uploads\/2026\/09\/zaciatok-roka-26-27-15-169x300.jpeg 169w, https:\/\/szslucnalc.sk\/wp-content\/uploads\/2026\/09\/zaciatok-roka-26-27-15-768x1365.jpeg 768w, https:\/\/szslucnalc.sk\/wp-content\/uploads\/2026\/09\/zaciatok-roka-26-27-15-864x1536.jpeg 864w, https:\/\/szslucnalc.sk\/wp-content\/uploads\/2026\/09\/zaciatok-roka-26-27-15-42x75.jpeg 42w, https:\/\/szslucnalc.sk\/wp-content\/uploads\/2026\/09\/zaciatok-roka-26-27-15-422x750.jpeg 422w, https:\/\/szslucnalc.sk\/wp-content\/uploads\/2026\/09\/zaciatok-roka-26-27-15-270x480.jpeg 270w, https:\/\/szslucnalc.sk\/wp-content\/uploads\/2026\/09\/zaciatok-roka-26-27-15-480x853.jpeg 480w, https:\/\/szslucnalc.sk\/wp-content\/uploads\/2026\/09\/zaciatok-roka-26-27-15.jpeg 900w\" sizes=\"auto, (max-width:767px) 480px, 576px\" \/><\/a><\/figure>\n\n\n\n<figure class=\"wp-block-image size-large\"><a href=\"https:\/\/szslucnalc.sk\/wp-content\/uploads\/2026\/09\/zaciatok-roka-26-27-16.jpeg\"><img loading=\"lazy\" decoding=\"async\" width=\"576\" height=\"1024\" data-id=\"39634\" src=\"https:\/\/szslucnalc.sk\/wp-content\/uploads\/2026\/09\/zaciatok-roka-26-27-16-576x1024.jpeg\" alt=\"\" class=\"wp-image-39634\" srcset=\"https:\/\/szslucnalc.sk\/wp-content\/uploads\/2026\/09\/zaciatok-roka-26-27-16-576x1024.jpeg 576w, https:\/\/szslucnalc.sk\/wp-content\/uploads\/2026\/09\/zaciatok-roka-26-27-16-169x300.jpeg 169w, https:\/\/szslucnalc.sk\/wp-content\/uploads\/2026\/09\/zaciatok-roka-26-27-16-768x1365.jpeg 768w, https:\/\/szslucnalc.sk\/wp-content\/uploads\/2026\/09\/zaciatok-roka-26-27-16-864x1536.jpeg 864w, https:\/\/szslucnalc.sk\/wp-content\/uploads\/2026\/09\/zaciatok-roka-26-27-16-42x75.jpeg 42w, https:\/\/szslucnalc.sk\/wp-content\/uploads\/2026\/09\/zaciatok-roka-26-27-16-422x750.jpeg 422w, https:\/\/szslucnalc.sk\/wp-content\/uploads\/2026\/09\/zaciatok-roka-26-27-16-270x480.jpeg 270w, https:\/\/szslucnalc.sk\/wp-content\/uploads\/2026\/09\/zaciatok-roka-26-27-16-480x853.jpeg 480w, https:\/\/szslucnalc.sk\/wp-content\/uploads\/2026\/09\/zaciatok-roka-26-27-16.jpeg 900w\" sizes=\"auto, (max-width:767px) 480px, 576px\" \/><\/a><\/figure>\n\n\n\n<figure class=\"wp-block-image size-large\"><a href=\"https:\/\/szslucnalc.sk\/wp-content\/uploads\/2026\/09\/zaciatok-roka-26-27-17.jpeg\"><img loading=\"lazy\" decoding=\"async\" width=\"576\" height=\"1024\" data-id=\"39636\" src=\"https:\/\/szslucnalc.sk\/wp-content\/uploads\/2026\/09\/zaciatok-roka-26-27-17-576x1024.jpeg\" alt=\"\" class=\"wp-image-39636\" srcset=\"https:\/\/szslucnalc.sk\/wp-content\/uploads\/2026\/09\/zaciatok-roka-26-27-17-576x1024.jpeg 576w, https:\/\/szslucnalc.sk\/wp-content\/uploads\/2026\/09\/zaciatok-roka-26-27-17-169x300.jpeg 169w, https:\/\/szslucnalc.sk\/wp-content\/uploads\/2026\/09\/zaciatok-roka-26-27-17-768x1365.jpeg 768w, https:\/\/szslucnalc.sk\/wp-content\/uploads\/2026\/09\/zaciatok-roka-26-27-17-864x1536.jpeg 864w, https:\/\/szslucnalc.sk\/wp-content\/uploads\/2026\/09\/zaciatok-roka-26-27-17-42x75.jpeg 42w, https:\/\/szslucnalc.sk\/wp-content\/uploads\/2026\/09\/zaciatok-roka-26-27-17-422x750.jpeg 422w, https:\/\/szslucnalc.sk\/wp-content\/uploads\/2026\/09\/zaciatok-roka-26-27-17-270x480.jpeg 270w, https:\/\/szslucnalc.sk\/wp-content\/uploads\/2026\/09\/zaciatok-roka-26-27-17-480x853.jpeg 480w, https:\/\/szslucnalc.sk\/wp-content\/uploads\/2026\/09\/zaciatok-roka-26-27-17.jpeg 900w\" sizes=\"auto, (max-width:767px) 480px, 576px\" \/><\/a><\/figure>\n\n\n\n<figure class=\"wp-block-image size-large\"><a href=\"https:\/\/szslucnalc.sk\/wp-content\/uploads\/2026\/09\/zaciatok-roka-26-27-18.jpeg\"><img loading=\"lazy\" decoding=\"async\" width=\"576\" height=\"1024\" data-id=\"39639\" src=\"https:\/\/szslucnalc.sk\/wp-content\/uploads\/2026\/09\/zaciatok-roka-26-27-18-576x1024.jpeg\" alt=\"\" class=\"wp-image-39639\" srcset=\"https:\/\/szslucnalc.sk\/wp-content\/uploads\/2026\/09\/zaciatok-roka-26-27-18-576x1024.jpeg 576w, https:\/\/szslucnalc.sk\/wp-content\/uploads\/2026\/09\/zaciatok-roka-26-27-18-169x300.jpeg 169w, https:\/\/szslucnalc.sk\/wp-content\/uploads\/2026\/09\/zaciatok-roka-26-27-18-768x1365.jpeg 768w, https:\/\/szslucnalc.sk\/wp-content\/uploads\/2026\/09\/zaciatok-roka-26-27-18-864x1536.jpeg 864w, https:\/\/szslucnalc.sk\/wp-content\/uploads\/2026\/09\/zaciatok-roka-26-27-18-42x75.jpeg 42w, https:\/\/szslucnalc.sk\/wp-content\/uploads\/2026\/09\/zaciatok-roka-26-27-18-422x750.jpeg 422w, https:\/\/szslucnalc.sk\/wp-content\/uploads\/2026\/09\/zaciatok-roka-26-27-18-270x480.jpeg 270w, https:\/\/szslucnalc.sk\/wp-content\/uploads\/2026\/09\/zaciatok-roka-26-27-18-480x853.jpeg 480w, https:\/\/szslucnalc.sk\/wp-content\/uploads\/2026\/09\/zaciatok-roka-26-27-18.jpeg 900w\" sizes=\"auto, (max-width:767px) 480px, 576px\" \/><\/a><\/figure>\n\n\n\n<figure class=\"wp-block-image size-large\"><a href=\"https:\/\/szslucnalc.sk\/wp-content\/uploads\/2026\/09\/zaciatok-roka-26-27-19.jpeg\"><img loading=\"lazy\" decoding=\"async\" width=\"576\" height=\"1024\" data-id=\"39648\" src=\"https:\/\/szslucnalc.sk\/wp-content\/uploads\/2026\/09\/zaciatok-roka-26-27-19-576x1024.jpeg\" alt=\"\" class=\"wp-image-39648\" srcset=\"https:\/\/szslucnalc.sk\/wp-content\/uploads\/2026\/09\/zaciatok-roka-26-27-19-576x1024.jpeg 576w, https:\/\/szslucnalc.sk\/wp-content\/uploads\/2026\/09\/zaciatok-roka-26-27-19-169x300.jpeg 169w, https:\/\/szslucnalc.sk\/wp-content\/uploads\/2026\/09\/zaciatok-roka-26-27-19-768x1365.jpeg 768w, https:\/\/szslucnalc.sk\/wp-content\/uploads\/2026\/09\/zaciatok-roka-26-27-19-864x1536.jpeg 864w, https:\/\/szslucnalc.sk\/wp-content\/uploads\/2026\/09\/zaciatok-roka-26-27-19-42x75.jpeg 42w, https:\/\/szslucnalc.sk\/wp-content\/uploads\/2026\/09\/zaciatok-roka-26-27-19-422x750.jpeg 422w, https:\/\/szslucnalc.sk\/wp-content\/uploads\/2026\/09\/zaciatok-roka-26-27-19-270x480.jpeg 270w, https:\/\/szslucnalc.sk\/wp-content\/uploads\/2026\/09\/zaciatok-roka-26-27-19-480x853.jpeg 480w, https:\/\/szslucnalc.sk\/wp-content\/uploads\/2026\/09\/zaciatok-roka-26-27-19.jpeg 900w\" sizes=\"auto, (max-width:767px) 480px, 576px\" \/><\/a><\/figure>\n\n\n\n<figure class=\"wp-block-image size-large\"><a href=\"https:\/\/szslucnalc.sk\/wp-content\/uploads\/2026\/09\/zaciatok-roka-26-27-20.jpeg\"><img loading=\"lazy\" decoding=\"async\" width=\"576\" height=\"1024\" data-id=\"39652\" src=\"https:\/\/szslucnalc.sk\/wp-content\/uploads\/2026\/09\/zaciatok-roka-26-27-20-576x1024.jpeg\" alt=\"\" class=\"wp-image-39652\" srcset=\"https:\/\/szslucnalc.sk\/wp-content\/uploads\/2026\/09\/zaciatok-roka-26-27-20-576x1024.jpeg 576w, https:\/\/szslucnalc.sk\/wp-content\/uploads\/2026\/09\/zaciatok-roka-26-27-20-169x300.jpeg 169w, https:\/\/szslucnalc.sk\/wp-content\/uploads\/2026\/09\/zaciatok-roka-26-27-20-768x1365.jpeg 768w, https:\/\/szslucnalc.sk\/wp-content\/uploads\/2026\/09\/zaciatok-roka-26-27-20-864x1536.jpeg 864w, https:\/\/szslucnalc.sk\/wp-content\/uploads\/2026\/09\/zaciatok-roka-26-27-20-42x75.jpeg 42w, https:\/\/szslucnalc.sk\/wp-content\/uploads\/2026\/09\/zaciatok-roka-26-27-20-422x750.jpeg 422w, https:\/\/szslucnalc.sk\/wp-content\/uploads\/2026\/09\/zaciatok-roka-26-27-20-270x480.jpeg 270w, https:\/\/szslucnalc.sk\/wp-content\/uploads\/2026\/09\/zaciatok-roka-26-27-20-480x853.jpeg 480w, https:\/\/szslucnalc.sk\/wp-content\/uploads\/2026\/09\/zaciatok-roka-26-27-20.jpeg 900w\" sizes=\"auto, (max-width:767px) 480px, 576px\" \/><\/a><\/figure>\n\n\n\n<figure class=\"wp-block-image size-large\"><a href=\"https:\/\/szslucnalc.sk\/wp-content\/uploads\/2026\/09\/zaciatok-roka-26-27-20-rotated.jpg\"><img loading=\"lazy\" decoding=\"async\" width=\"577\" height=\"1024\" data-id=\"39656\" src=\"https:\/\/szslucnalc.sk\/wp-content\/uploads\/2026\/09\/zaciatok-roka-26-27-20-577x1024.jpg\" alt=\"\" class=\"wp-image-39656\" srcset=\"https:\/\/szslucnalc.sk\/wp-content\/uploads\/2026\/09\/zaciatok-roka-26-27-20-577x1024.jpg 577w, https:\/\/szslucnalc.sk\/wp-content\/uploads\/2026\/09\/zaciatok-roka-26-27-20-169x300.jpg 169w, https:\/\/szslucnalc.sk\/wp-content\/uploads\/2026\/09\/zaciatok-roka-26-27-20-768x1364.jpg 768w, https:\/\/szslucnalc.sk\/wp-content\/uploads\/2026\/09\/zaciatok-roka-26-27-20-865x1536.jpg 865w, https:\/\/szslucnalc.sk\/wp-content\/uploads\/2026\/09\/zaciatok-roka-26-27-20-42x75.jpg 42w, https:\/\/szslucnalc.sk\/wp-content\/uploads\/2026\/09\/zaciatok-roka-26-27-20-422x750.jpg 422w, https:\/\/szslucnalc.sk\/wp-content\/uploads\/2026\/09\/zaciatok-roka-26-27-20-270x480.jpg 270w, https:\/\/szslucnalc.sk\/wp-content\/uploads\/2026\/09\/zaciatok-roka-26-27-20-480x852.jpg 480w, https:\/\/szslucnalc.sk\/wp-content\/uploads\/2026\/09\/zaciatok-roka-26-27-20-rotated.jpg 1080w\" sizes=\"auto, (max-width:767px) 480px, 577px\" \/><\/a><\/figure>\n\n\n\n<figure class=\"wp-block-image size-large\"><a href=\"https:\/\/szslucnalc.sk\/wp-content\/uploads\/2026\/09\/zaciatok-roka-26-27-21.jpeg\"><img loading=\"lazy\" decoding=\"async\" width=\"576\" height=\"1024\" data-id=\"39642\" src=\"https:\/\/szslucnalc.sk\/wp-content\/uploads\/2026\/09\/zaciatok-roka-26-27-21-576x1024.jpeg\" alt=\"\" class=\"wp-image-39642\" srcset=\"https:\/\/szslucnalc.sk\/wp-content\/uploads\/2026\/09\/zaciatok-roka-26-27-21-576x1024.jpeg 576w, https:\/\/szslucnalc.sk\/wp-content\/uploads\/2026\/09\/zaciatok-roka-26-27-21-169x300.jpeg 169w, https:\/\/szslucnalc.sk\/wp-content\/uploads\/2026\/09\/zaciatok-roka-26-27-21-768x1365.jpeg 768w, https:\/\/szslucnalc.sk\/wp-content\/uploads\/2026\/09\/zaciatok-roka-26-27-21-864x1536.jpeg 864w, https:\/\/szslucnalc.sk\/wp-content\/uploads\/2026\/09\/zaciatok-roka-26-27-21-42x75.jpeg 42w, https:\/\/szslucnalc.sk\/wp-content\/uploads\/2026\/09\/zaciatok-roka-26-27-21-422x750.jpeg 422w, https:\/\/szslucnalc.sk\/wp-content\/uploads\/2026\/09\/zaciatok-roka-26-27-21-270x480.jpeg 270w, https:\/\/szslucnalc.sk\/wp-content\/uploads\/2026\/09\/zaciatok-roka-26-27-21-480x853.jpeg 480w, https:\/\/szslucnalc.sk\/wp-content\/uploads\/2026\/09\/zaciatok-roka-26-27-21.jpeg 900w\" sizes=\"auto, (max-width:767px) 480px, 576px\" \/><\/a><\/figure>\n\n\n\n<figure class=\"wp-block-image size-large\"><a href=\"https:\/\/szslucnalc.sk\/wp-content\/uploads\/2026\/09\/zaciatok-roka-26-27-24.jpeg\"><img loading=\"lazy\" decoding=\"async\" width=\"576\" height=\"1024\" data-id=\"39643\" src=\"https:\/\/szslucnalc.sk\/wp-content\/uploads\/2026\/09\/zaciatok-roka-26-27-24-576x1024.jpeg\" alt=\"\" class=\"wp-image-39643\" srcset=\"https:\/\/szslucnalc.sk\/wp-content\/uploads\/2026\/09\/zaciatok-roka-26-27-24-576x1024.jpeg 576w, https:\/\/szslucnalc.sk\/wp-content\/uploads\/2026\/09\/zaciatok-roka-26-27-24-169x300.jpeg 169w, https:\/\/szslucnalc.sk\/wp-content\/uploads\/2026\/09\/zaciatok-roka-26-27-24-768x1365.jpeg 768w, https:\/\/szslucnalc.sk\/wp-content\/uploads\/2026\/09\/zaciatok-roka-26-27-24-864x1536.jpeg 864w, https:\/\/szslucnalc.sk\/wp-content\/uploads\/2026\/09\/zaciatok-roka-26-27-24-42x75.jpeg 42w, https:\/\/szslucnalc.sk\/wp-content\/uploads\/2026\/09\/zaciatok-roka-26-27-24-422x750.jpeg 422w, https:\/\/szslucnalc.sk\/wp-content\/uploads\/2026\/09\/zaciatok-roka-26-27-24-270x480.jpeg 270w, https:\/\/szslucnalc.sk\/wp-content\/uploads\/2026\/09\/zaciatok-roka-26-27-24-480x853.jpeg 480w, https:\/\/szslucnalc.sk\/wp-content\/uploads\/2026\/09\/zaciatok-roka-26-27-24.jpeg 900w\" sizes=\"auto, (max-width:767px) 480px, 576px\" \/><\/a><\/figure>\n\n\n\n<figure class=\"wp-block-image size-large\"><a href=\"https:\/\/szslucnalc.sk\/wp-content\/uploads\/2026\/09\/zaciatok-roka-26-27-28.jpeg\"><img loading=\"lazy\" decoding=\"async\" width=\"576\" height=\"1024\" data-id=\"39650\" src=\"https:\/\/szslucnalc.sk\/wp-content\/uploads\/2026\/09\/zaciatok-roka-26-27-28-576x1024.jpeg\" alt=\"\" class=\"wp-image-39650\" srcset=\"https:\/\/szslucnalc.sk\/wp-content\/uploads\/2026\/09\/zaciatok-roka-26-27-28-576x1024.jpeg 576w, https:\/\/szslucnalc.sk\/wp-content\/uploads\/2026\/09\/zaciatok-roka-26-27-28-169x300.jpeg 169w, https:\/\/szslucnalc.sk\/wp-content\/uploads\/2026\/09\/zaciatok-roka-26-27-28-768x1365.jpeg 768w, https:\/\/szslucnalc.sk\/wp-content\/uploads\/2026\/09\/zaciatok-roka-26-27-28-864x1536.jpeg 864w, https:\/\/szslucnalc.sk\/wp-content\/uploads\/2026\/09\/zaciatok-roka-26-27-28-42x75.jpeg 42w, https:\/\/szslucnalc.sk\/wp-content\/uploads\/2026\/09\/zaciatok-roka-26-27-28-422x750.jpeg 422w, https:\/\/szslucnalc.sk\/wp-content\/uploads\/2026\/09\/zaciatok-roka-26-27-28-270x480.jpeg 270w, https:\/\/szslucnalc.sk\/wp-content\/uploads\/2026\/09\/zaciatok-roka-26-27-28-480x853.jpeg 480w, https:\/\/szslucnalc.sk\/wp-content\/uploads\/2026\/09\/zaciatok-roka-26-27-28.jpeg 900w\" sizes=\"auto, (max-width:767px) 480px, 576px\" \/><\/a><\/figure>\n\n\n\n<figure class=\"wp-block-image size-large\"><a href=\"https:\/\/szslucnalc.sk\/wp-content\/uploads\/2026\/09\/zaciatok-roka-26-27-8.jpeg\"><img loading=\"lazy\" decoding=\"async\" width=\"576\" height=\"1024\" data-id=\"39614\" src=\"https:\/\/szslucnalc.sk\/wp-content\/uploads\/2026\/09\/zaciatok-roka-26-27-8-576x1024.jpeg\" alt=\"\" class=\"wp-image-39614\" srcset=\"https:\/\/szslucnalc.sk\/wp-content\/uploads\/2026\/09\/zaciatok-roka-26-27-8-576x1024.jpeg 576w, https:\/\/szslucnalc.sk\/wp-content\/uploads\/2026\/09\/zaciatok-roka-26-27-8-169x300.jpeg 169w, https:\/\/szslucnalc.sk\/wp-content\/uploads\/2026\/09\/zaciatok-roka-26-27-8-768x1365.jpeg 768w, https:\/\/szslucnalc.sk\/wp-content\/uploads\/2026\/09\/zaciatok-roka-26-27-8-864x1536.jpeg 864w, https:\/\/szslucnalc.sk\/wp-content\/uploads\/2026\/09\/zaciatok-roka-26-27-8-42x75.jpeg 42w, https:\/\/szslucnalc.sk\/wp-content\/uploads\/2026\/09\/zaciatok-roka-26-27-8-422x750.jpeg 422w, https:\/\/szslucnalc.sk\/wp-content\/uploads\/2026\/09\/zaciatok-roka-26-27-8-270x480.jpeg 270w, https:\/\/szslucnalc.sk\/wp-content\/uploads\/2026\/09\/zaciatok-roka-26-27-8-480x853.jpeg 480w, https:\/\/szslucnalc.sk\/wp-content\/uploads\/2026\/09\/zaciatok-roka-26-27-8.jpeg 900w\" sizes=\"auto, (max-width:767px) 480px, 576px\" \/><\/a><\/figure>\n\n\n\n<figure class=\"wp-block-image size-large\"><a href=\"https:\/\/szslucnalc.sk\/wp-content\/uploads\/2026\/09\/zaciatok-roka-26-27-6.jpeg\"><img loading=\"lazy\" decoding=\"async\" width=\"576\" height=\"1024\" data-id=\"39609\" src=\"https:\/\/szslucnalc.sk\/wp-content\/uploads\/2026\/09\/zaciatok-roka-26-27-6-576x1024.jpeg\" alt=\"\" class=\"wp-image-39609\" srcset=\"https:\/\/szslucnalc.sk\/wp-content\/uploads\/2026\/09\/zaciatok-roka-26-27-6-576x1024.jpeg 576w, https:\/\/szslucnalc.sk\/wp-content\/uploads\/2026\/09\/zaciatok-roka-26-27-6-169x300.jpeg 169w, https:\/\/szslucnalc.sk\/wp-content\/uploads\/2026\/09\/zaciatok-roka-26-27-6-768x1365.jpeg 768w, https:\/\/szslucnalc.sk\/wp-content\/uploads\/2026\/09\/zaciatok-roka-26-27-6-864x1536.jpeg 864w, https:\/\/szslucnalc.sk\/wp-content\/uploads\/2026\/09\/zaciatok-roka-26-27-6-42x75.jpeg 42w, https:\/\/szslucnalc.sk\/wp-content\/uploads\/2026\/09\/zaciatok-roka-26-27-6-422x750.jpeg 422w, https:\/\/szslucnalc.sk\/wp-content\/uploads\/2026\/09\/zaciatok-roka-26-27-6-270x480.jpeg 270w, https:\/\/szslucnalc.sk\/wp-content\/uploads\/2026\/09\/zaciatok-roka-26-27-6-480x853.jpeg 480w, https:\/\/szslucnalc.sk\/wp-content\/uploads\/2026\/09\/zaciatok-roka-26-27-6.jpeg 900w\" sizes=\"auto, (max-width:767px) 480px, 576px\" \/><\/a><\/figure>\n\n\n\n<figure class=\"wp-block-image size-large\"><a href=\"https:\/\/szslucnalc.sk\/wp-content\/uploads\/2026\/09\/zaciatok-roka-26-27-29.jpeg\"><img loading=\"lazy\" decoding=\"async\" width=\"576\" height=\"1024\" data-id=\"39641\" src=\"https:\/\/szslucnalc.sk\/wp-content\/uploads\/2026\/09\/zaciatok-roka-26-27-29-576x1024.jpeg\" alt=\"\" class=\"wp-image-39641\" srcset=\"https:\/\/szslucnalc.sk\/wp-content\/uploads\/2026\/09\/zaciatok-roka-26-27-29-576x1024.jpeg 576w, https:\/\/szslucnalc.sk\/wp-content\/uploads\/2026\/09\/zaciatok-roka-26-27-29-169x300.jpeg 169w, https:\/\/szslucnalc.sk\/wp-content\/uploads\/2026\/09\/zaciatok-roka-26-27-29-768x1365.jpeg 768w, https:\/\/szslucnalc.sk\/wp-content\/uploads\/2026\/09\/zaciatok-roka-26-27-29-864x1536.jpeg 864w, https:\/\/szslucnalc.sk\/wp-content\/uploads\/2026\/09\/zaciatok-roka-26-27-29-42x75.jpeg 42w, https:\/\/szslucnalc.sk\/wp-content\/uploads\/2026\/09\/zaciatok-roka-26-27-29-422x750.jpeg 422w, https:\/\/szslucnalc.sk\/wp-content\/uploads\/2026\/09\/zaciatok-roka-26-27-29-270x480.jpeg 270w, https:\/\/szslucnalc.sk\/wp-content\/uploads\/2026\/09\/zaciatok-roka-26-27-29-480x853.jpeg 480w, https:\/\/szslucnalc.sk\/wp-content\/uploads\/2026\/09\/zaciatok-roka-26-27-29.jpeg 900w\" sizes=\"auto, (max-width:767px) 480px, 576px\" \/><\/a><\/figure>\n\n\n\n<figure class=\"wp-block-image size-large\"><a href=\"https:\/\/szslucnalc.sk\/wp-content\/uploads\/2026\/09\/zaciatok-roka-26-27-9.jpeg\"><img loading=\"lazy\" decoding=\"async\" width=\"576\" height=\"1024\" data-id=\"39617\" src=\"https:\/\/szslucnalc.sk\/wp-content\/uploads\/2026\/09\/zaciatok-roka-26-27-9-576x1024.jpeg\" alt=\"\" class=\"wp-image-39617\" srcset=\"https:\/\/szslucnalc.sk\/wp-content\/uploads\/2026\/09\/zaciatok-roka-26-27-9-576x1024.jpeg 576w, https:\/\/szslucnalc.sk\/wp-content\/uploads\/2026\/09\/zaciatok-roka-26-27-9-169x300.jpeg 169w, https:\/\/szslucnalc.sk\/wp-content\/uploads\/2026\/09\/zaciatok-roka-26-27-9-768x1365.jpeg 768w, https:\/\/szslucnalc.sk\/wp-content\/uploads\/2026\/09\/zaciatok-roka-26-27-9-864x1536.jpeg 864w, https:\/\/szslucnalc.sk\/wp-content\/uploads\/2026\/09\/zaciatok-roka-26-27-9-42x75.jpeg 42w, https:\/\/szslucnalc.sk\/wp-content\/uploads\/2026\/09\/zaciatok-roka-26-27-9-422x750.jpeg 422w, https:\/\/szslucnalc.sk\/wp-content\/uploads\/2026\/09\/zaciatok-roka-26-27-9-270x480.jpeg 270w, https:\/\/szslucnalc.sk\/wp-content\/uploads\/2026\/09\/zaciatok-roka-26-27-9-480x853.jpeg 480w, https:\/\/szslucnalc.sk\/wp-content\/uploads\/2026\/09\/zaciatok-roka-26-27-9.jpeg 900w\" sizes=\"auto, (max-width:767px) 480px, 576px\" \/><\/a><\/figure>\n\n\n\n<figure class=\"wp-block-image size-large\"><a href=\"https:\/\/szslucnalc.sk\/wp-content\/uploads\/2026\/09\/zaciatok-roka-26-27-10.jpeg\"><img loading=\"lazy\" decoding=\"async\" width=\"576\" height=\"1024\" data-id=\"39620\" src=\"https:\/\/szslucnalc.sk\/wp-content\/uploads\/2026\/09\/zaciatok-roka-26-27-10-576x1024.jpeg\" alt=\"\" class=\"wp-image-39620\" srcset=\"https:\/\/szslucnalc.sk\/wp-content\/uploads\/2026\/09\/zaciatok-roka-26-27-10-576x1024.jpeg 576w, https:\/\/szslucnalc.sk\/wp-content\/uploads\/2026\/09\/zaciatok-roka-26-27-10-169x300.jpeg 169w, https:\/\/szslucnalc.sk\/wp-content\/uploads\/2026\/09\/zaciatok-roka-26-27-10-768x1365.jpeg 768w, https:\/\/szslucnalc.sk\/wp-content\/uploads\/2026\/09\/zaciatok-roka-26-27-10-864x1536.jpeg 864w, https:\/\/szslucnalc.sk\/wp-content\/uploads\/2026\/09\/zaciatok-roka-26-27-10-42x75.jpeg 42w, https:\/\/szslucnalc.sk\/wp-content\/uploads\/2026\/09\/zaciatok-roka-26-27-10-422x750.jpeg 422w, https:\/\/szslucnalc.sk\/wp-content\/uploads\/2026\/09\/zaciatok-roka-26-27-10-270x480.jpeg 270w, https:\/\/szslucnalc.sk\/wp-content\/uploads\/2026\/09\/zaciatok-roka-26-27-10-480x853.jpeg 480w, https:\/\/szslucnalc.sk\/wp-content\/uploads\/2026\/09\/zaciatok-roka-26-27-10.jpeg 900w\" sizes=\"auto, (max-width:767px) 480px, 576px\" \/><\/a><\/figure>\n\n\n\n<figure class=\"wp-block-image size-large\"><a href=\"https:\/\/szslucnalc.sk\/wp-content\/uploads\/2026\/09\/zaciatok-roka-26-27-11.jpeg\"><img loading=\"lazy\" decoding=\"async\" width=\"576\" height=\"1024\" data-id=\"39624\" src=\"https:\/\/szslucnalc.sk\/wp-content\/uploads\/2026\/09\/zaciatok-roka-26-27-11-576x1024.jpeg\" alt=\"\" class=\"wp-image-39624\" srcset=\"https:\/\/szslucnalc.sk\/wp-content\/uploads\/2026\/09\/zaciatok-roka-26-27-11-576x1024.jpeg 576w, https:\/\/szslucnalc.sk\/wp-content\/uploads\/2026\/09\/zaciatok-roka-26-27-11-169x300.jpeg 169w, https:\/\/szslucnalc.sk\/wp-content\/uploads\/2026\/09\/zaciatok-roka-26-27-11-768x1365.jpeg 768w, https:\/\/szslucnalc.sk\/wp-content\/uploads\/2026\/09\/zaciatok-roka-26-27-11-864x1536.jpeg 864w, https:\/\/szslucnalc.sk\/wp-content\/uploads\/2026\/09\/zaciatok-roka-26-27-11-42x75.jpeg 42w, https:\/\/szslucnalc.sk\/wp-content\/uploads\/2026\/09\/zaciatok-roka-26-27-11-422x750.jpeg 422w, https:\/\/szslucnalc.sk\/wp-content\/uploads\/2026\/09\/zaciatok-roka-26-27-11-270x480.jpeg 270w, https:\/\/szslucnalc.sk\/wp-content\/uploads\/2026\/09\/zaciatok-roka-26-27-11-480x853.jpeg 480w, https:\/\/szslucnalc.sk\/wp-content\/uploads\/2026\/09\/zaciatok-roka-26-27-11.jpeg 900w\" sizes=\"auto, (max-width:767px) 480px, 576px\" \/><\/a><\/figure>\n\n\n\n<figure class=\"wp-block-image size-large\"><a href=\"https:\/\/szslucnalc.sk\/wp-content\/uploads\/2026\/09\/zaciatok-roka-26-27-31.jpeg\"><img loading=\"lazy\" decoding=\"async\" width=\"576\" height=\"1024\" data-id=\"39644\" src=\"https:\/\/szslucnalc.sk\/wp-content\/uploads\/2026\/09\/zaciatok-roka-26-27-31-576x1024.jpeg\" alt=\"\" class=\"wp-image-39644\" srcset=\"https:\/\/szslucnalc.sk\/wp-content\/uploads\/2026\/09\/zaciatok-roka-26-27-31-576x1024.jpeg 576w, https:\/\/szslucnalc.sk\/wp-content\/uploads\/2026\/09\/zaciatok-roka-26-27-31-169x300.jpeg 169w, https:\/\/szslucnalc.sk\/wp-content\/uploads\/2026\/09\/zaciatok-roka-26-27-31-768x1365.jpeg 768w, https:\/\/szslucnalc.sk\/wp-content\/uploads\/2026\/09\/zaciatok-roka-26-27-31-864x1536.jpeg 864w, https:\/\/szslucnalc.sk\/wp-content\/uploads\/2026\/09\/zaciatok-roka-26-27-31-42x75.jpeg 42w, https:\/\/szslucnalc.sk\/wp-content\/uploads\/2026\/09\/zaciatok-roka-26-27-31-422x750.jpeg 422w, https:\/\/szslucnalc.sk\/wp-content\/uploads\/2026\/09\/zaciatok-roka-26-27-31-270x480.jpeg 270w, https:\/\/szslucnalc.sk\/wp-content\/uploads\/2026\/09\/zaciatok-roka-26-27-31-480x853.jpeg 480w, https:\/\/szslucnalc.sk\/wp-content\/uploads\/2026\/09\/zaciatok-roka-26-27-31.jpeg 900w\" sizes=\"auto, (max-width:767px) 480px, 576px\" \/><\/a><\/figure>\n\n\n\n<figure class=\"wp-block-image size-large\"><a href=\"https:\/\/szslucnalc.sk\/wp-content\/uploads\/2026\/09\/zaciatok-roka-26-27-7.jpeg\"><img loading=\"lazy\" decoding=\"async\" width=\"576\" height=\"1024\" data-id=\"39613\" src=\"https:\/\/szslucnalc.sk\/wp-content\/uploads\/2026\/09\/zaciatok-roka-26-27-7-576x1024.jpeg\" alt=\"\" class=\"wp-image-39613\" srcset=\"https:\/\/szslucnalc.sk\/wp-content\/uploads\/2026\/09\/zaciatok-roka-26-27-7-576x1024.jpeg 576w, https:\/\/szslucnalc.sk\/wp-content\/uploads\/2026\/09\/zaciatok-roka-26-27-7-169x300.jpeg 169w, https:\/\/szslucnalc.sk\/wp-content\/uploads\/2026\/09\/zaciatok-roka-26-27-7-768x1365.jpeg 768w, https:\/\/szslucnalc.sk\/wp-content\/uploads\/2026\/09\/zaciatok-roka-26-27-7-864x1536.jpeg 864w, https:\/\/szslucnalc.sk\/wp-content\/uploads\/2026\/09\/zaciatok-roka-26-27-7-42x75.jpeg 42w, https:\/\/szslucnalc.sk\/wp-content\/uploads\/2026\/09\/zaciatok-roka-26-27-7-422x750.jpeg 422w, https:\/\/szslucnalc.sk\/wp-content\/uploads\/2026\/09\/zaciatok-roka-26-27-7-270x480.jpeg 270w, https:\/\/szslucnalc.sk\/wp-content\/uploads\/2026\/09\/zaciatok-roka-26-27-7-480x853.jpeg 480w, https:\/\/szslucnalc.sk\/wp-content\/uploads\/2026\/09\/zaciatok-roka-26-27-7.jpeg 900w\" sizes=\"auto, (max-width:767px) 480px, 576px\" \/><\/a><\/figure>\n\n\n\n<figure class=\"wp-block-image size-large\"><a href=\"https:\/\/szslucnalc.sk\/wp-content\/uploads\/2026\/09\/zaciatok-roka-26-27-21.jpg\"><img loading=\"lazy\" decoding=\"async\" width=\"1024\" height=\"577\" data-id=\"39657\" src=\"https:\/\/szslucnalc.sk\/wp-content\/uploads\/2026\/09\/zaciatok-roka-26-27-21-1024x577.jpg\" alt=\"\" class=\"wp-image-39657\" srcset=\"https:\/\/szslucnalc.sk\/wp-content\/uploads\/2026\/09\/zaciatok-roka-26-27-21-1024x577.jpg 1024w, https:\/\/szslucnalc.sk\/wp-content\/uploads\/2026\/09\/zaciatok-roka-26-27-21-300x169.jpg 300w, https:\/\/szslucnalc.sk\/wp-content\/uploads\/2026\/09\/zaciatok-roka-26-27-21-768x432.jpg 768w, https:\/\/szslucnalc.sk\/wp-content\/uploads\/2026\/09\/zaciatok-roka-26-27-21-1536x865.jpg 1536w, https:\/\/szslucnalc.sk\/wp-content\/uploads\/2026\/09\/zaciatok-roka-26-27-21-133x75.jpg 133w, https:\/\/szslucnalc.sk\/wp-content\/uploads\/2026\/09\/zaciatok-roka-26-27-21-960x541.jpg 960w, https:\/\/szslucnalc.sk\/wp-content\/uploads\/2026\/09\/zaciatok-roka-26-27-21-852x480.jpg 852w, https:\/\/szslucnalc.sk\/wp-content\/uploads\/2026\/09\/zaciatok-roka-26-27-21-480x270.jpg 480w, https:\/\/szslucnalc.sk\/wp-content\/uploads\/2026\/09\/zaciatok-roka-26-27-21.jpg 1918w\" sizes=\"auto, (max-width:767px) 480px, (max-width:1024px) 100vw, 1024px\" \/><\/a><\/figure>\n\n\n\n<figure class=\"wp-block-image size-large\"><a href=\"https:\/\/szslucnalc.sk\/wp-content\/uploads\/2026\/09\/zaciatok-roka-26-27-3.jpeg\"><img loading=\"lazy\" decoding=\"async\" width=\"576\" height=\"1024\" data-id=\"39606\" src=\"https:\/\/szslucnalc.sk\/wp-content\/uploads\/2026\/09\/zaciatok-roka-26-27-3-576x1024.jpeg\" alt=\"\" class=\"wp-image-39606\" srcset=\"https:\/\/szslucnalc.sk\/wp-content\/uploads\/2026\/09\/zaciatok-roka-26-27-3-576x1024.jpeg 576w, https:\/\/szslucnalc.sk\/wp-content\/uploads\/2026\/09\/zaciatok-roka-26-27-3-169x300.jpeg 169w, https:\/\/szslucnalc.sk\/wp-content\/uploads\/2026\/09\/zaciatok-roka-26-27-3-768x1365.jpeg 768w, https:\/\/szslucnalc.sk\/wp-content\/uploads\/2026\/09\/zaciatok-roka-26-27-3-864x1536.jpeg 864w, https:\/\/szslucnalc.sk\/wp-content\/uploads\/2026\/09\/zaciatok-roka-26-27-3-42x75.jpeg 42w, https:\/\/szslucnalc.sk\/wp-content\/uploads\/2026\/09\/zaciatok-roka-26-27-3-422x750.jpeg 422w, https:\/\/szslucnalc.sk\/wp-content\/uploads\/2026\/09\/zaciatok-roka-26-27-3-270x480.jpeg 270w, https:\/\/szslucnalc.sk\/wp-content\/uploads\/2026\/09\/zaciatok-roka-26-27-3-480x853.jpeg 480w, https:\/\/szslucnalc.sk\/wp-content\/uploads\/2026\/09\/zaciatok-roka-26-27-3.jpeg 900w\" sizes=\"auto, (max-width:767px) 480px, 576px\" \/><\/a><\/figure>\n<\/figure>\n","protected":false},"excerpt":{"rendered":"<p>&Scaron;kolsk&yacute; dvor sa po mesiacoch ticha op&auml;&#357; prebudil k &#382;ivotu. Letn&eacute; pr&aacute;zdniny s&uacute; ofici&aacute;lne za nami a na&scaron;a &scaron;kola vykro&#269;ila do nov&eacute;ho &scaron;kolsk&eacute;ho roka vo ve&#318;kom<span class=\"excerpt-hellip\"> [\u2026]<\/span><\/p>\n","protected":false},"author":1001014,"featured_media":39616,"comment_status":"closed","ping_status":"closed","sticky":false,"template":"","format":"standard","meta":{"footnotes":""},"categories":[8],"tags":[],"class_list":["post-39604","post","type-post","status-publish","format-standard","has-post-thumbnail","hentry","category-ine"],"aioseo_notices":[],"aioseo_head":"\n\t\t<!-- All in One SEO 5.0.0.1 - aioseo.com -->\n\t<meta name=\"description\" content=\"\u0160kolsk\u00fd dvor sa po mesiacoch ticha op\u00e4\u0165 prebudil k \u017eivotu. Letn\u00e9 pr\u00e1zdniny s\u00fa ofici\u00e1lne za nami a na\u0161a \u0161kola vykro\u010dila do nov\u00e9ho \u0161kolsk\u00e9ho roka vo ve\u013ekom \u0161t\u00fdle \u2013 spolo\u010dne, na \u010derstvom vzduchu a s energiou, ktor\u00e1 by sa dala n\u00e1sobi\u0165. \u0160kolsk\u00fd dvor zaliaty rann\u00fdm slnkom sa stal dejiskom stretnutia celej na\u0161ej \u0161kolskej rodiny. Smiech, objatia\" \/>\n\t<meta name=\"robots\" content=\"max-image-preview:large\" \/>\n\t<meta name=\"author\" content=\"Stefan Forgon\"\/>\n\t<link rel=\"canonical\" href=\"https:\/\/szslucnalc.sk\/?p=39604\" \/>\n\t<meta name=\"generator\" content=\"All in One SEO (AIOSEO) 5.0.0.1\" \/>\n\t\t<meta property=\"og:locale\" content=\"sk_SK\" \/>\n\t\t<meta property=\"og:site_name\" content=\"Stredn\u00e1 zdravotn\u00edcka \u0161kola Lu\u010denec - Stredn\u00e1 zdravotn\u00edcka \u0161kola\" \/>\n\t\t<meta property=\"og:type\" content=\"article\" \/>\n\t\t<meta property=\"og:title\" content=\"Odp\u00e1lili sme nov\u00fd \u0161kolsk\u00fd rok - Stredn\u00e1 zdravotn\u00edcka \u0161kola Lu\u010denec\" \/>\n\t\t<meta property=\"og:description\" content=\"\u0160kolsk\u00fd dvor sa po mesiacoch ticha op\u00e4\u0165 prebudil k \u017eivotu. Letn\u00e9 pr\u00e1zdniny s\u00fa ofici\u00e1lne za nami a na\u0161a \u0161kola vykro\u010dila do nov\u00e9ho \u0161kolsk\u00e9ho roka vo ve\u013ekom \u0161t\u00fdle \u2013 spolo\u010dne, na \u010derstvom vzduchu a s energiou, ktor\u00e1 by sa dala n\u00e1sobi\u0165. \u0160kolsk\u00fd dvor zaliaty rann\u00fdm slnkom sa stal dejiskom stretnutia celej na\u0161ej \u0161kolskej rodiny. Smiech, objatia\" \/>\n\t\t<meta property=\"og:url\" content=\"https:\/\/szslucnalc.sk\/?p=39604\" \/>\n\t\t<meta property=\"og:image\" content=\"https:\/\/szslucnalc.sk\/wp-content\/uploads\/2026\/09\/zaciatok-roka-26-27-1.jpg\" \/>\n\t\t<meta property=\"og:image:secure_url\" content=\"https:\/\/szslucnalc.sk\/wp-content\/uploads\/2026\/09\/zaciatok-roka-26-27-1.jpg\" \/>\n\t\t<meta property=\"og:image:width\" content=\"1918\" \/>\n\t\t<meta property=\"og:image:height\" content=\"1080\" \/>\n\t\t<meta property=\"article:published_time\" content=\"2026-09-01T17:28:26+00:00\" \/>\n\t\t<meta property=\"article:modified_time\" content=\"2026-09-01T17:28:27+00:00\" \/>\n\t\t<meta name=\"twitter:card\" content=\"summary_large_image\" \/>\n\t\t<meta name=\"twitter:title\" content=\"Odp\u00e1lili sme nov\u00fd \u0161kolsk\u00fd rok - Stredn\u00e1 zdravotn\u00edcka \u0161kola Lu\u010denec\" \/>\n\t\t<meta name=\"twitter:description\" content=\"\u0160kolsk\u00fd dvor sa po mesiacoch ticha op\u00e4\u0165 prebudil k \u017eivotu. Letn\u00e9 pr\u00e1zdniny s\u00fa ofici\u00e1lne za nami a na\u0161a \u0161kola vykro\u010dila do nov\u00e9ho \u0161kolsk\u00e9ho roka vo ve\u013ekom \u0161t\u00fdle \u2013 spolo\u010dne, na \u010derstvom vzduchu a s energiou, ktor\u00e1 by sa dala n\u00e1sobi\u0165. \u0160kolsk\u00fd dvor zaliaty rann\u00fdm slnkom sa stal dejiskom stretnutia celej na\u0161ej \u0161kolskej rodiny. Smiech, objatia\" \/>\n\t\t<meta name=\"twitter:image\" content=\"https:\/\/szslucnalc.sk\/wp-content\/uploads\/2026\/09\/zaciatok-roka-26-27-1.jpg\" \/>\n\t\t<script type=\"application\/ld+json\" class=\"aioseo-schema\">\n\t\t\t{\"@context\":\"https:\\\/\\\/schema.org\",\"@graph\":[{\"@type\":\"BlogPosting\",\"@id\":\"https:\\\/\\\/szslucnalc.sk\\\/?p=39604#blogposting\",\"name\":\"Odp\\u00e1lili sme nov\\u00fd \\u0161kolsk\\u00fd rok - Stredn\\u00e1 zdravotn\\u00edcka \\u0161kola Lu\\u010denec\",\"headline\":\"Odp\\u00e1lili sme nov\\u00fd \\u0161kolsk\\u00fd rok\",\"author\":{\"@id\":\"https:\\\/\\\/szslucnalc.sk\\\/?author=1001014#author\"},\"publisher\":{\"@id\":\"https:\\\/\\\/szslucnalc.sk\\\/#organization\"},\"image\":{\"@type\":\"ImageObject\",\"url\":\"https:\\\/\\\/szslucnalc.sk\\\/wp-content\\\/uploads\\\/2026\\\/09\\\/zaciatok-roka-26-27-1.jpg\",\"width\":1918,\"height\":1080},\"datePublished\":\"2026-09-01T19:28:26+02:00\",\"dateModified\":\"2026-09-01T19:28:27+02:00\",\"inLanguage\":\"sk-SK\",\"mainEntityOfPage\":{\"@id\":\"https:\\\/\\\/szslucnalc.sk\\\/?p=39604#webpage\"},\"isPartOf\":{\"@id\":\"https:\\\/\\\/szslucnalc.sk\\\/?p=39604#webpage\"},\"articleSection\":\"In\\u00e9\"},{\"@type\":\"BreadcrumbList\",\"@id\":\"https:\\\/\\\/szslucnalc.sk\\\/?p=39604#breadcrumblist\",\"itemListElement\":[{\"@type\":\"ListItem\",\"@id\":\"https:\\\/\\\/szslucnalc.sk#listItem\",\"position\":1,\"name\":\"Home\",\"item\":\"https:\\\/\\\/szslucnalc.sk\",\"nextItem\":{\"@type\":\"ListItem\",\"@id\":\"https:\\\/\\\/szslucnalc.sk\\\/?cat=8#listItem\",\"name\":\"In\\u00e9\"}},{\"@type\":\"ListItem\",\"@id\":\"https:\\\/\\\/szslucnalc.sk\\\/?cat=8#listItem\",\"position\":2,\"name\":\"In\\u00e9\",\"item\":\"https:\\\/\\\/szslucnalc.sk\\\/?cat=8\",\"nextItem\":{\"@type\":\"ListItem\",\"@id\":\"https:\\\/\\\/szslucnalc.sk\\\/?p=39604#listItem\",\"name\":\"Odp\\u00e1lili sme nov\\u00fd \\u0161kolsk\\u00fd rok\"},\"previousItem\":{\"@type\":\"ListItem\",\"@id\":\"https:\\\/\\\/szslucnalc.sk#listItem\",\"name\":\"Home\"}},{\"@type\":\"ListItem\",\"@id\":\"https:\\\/\\\/szslucnalc.sk\\\/?p=39604#listItem\",\"position\":3,\"name\":\"Odp\\u00e1lili sme nov\\u00fd \\u0161kolsk\\u00fd rok\",\"previousItem\":{\"@type\":\"ListItem\",\"@id\":\"https:\\\/\\\/szslucnalc.sk\\\/?cat=8#listItem\",\"name\":\"In\\u00e9\"}}]},{\"@type\":\"Organization\",\"@id\":\"https:\\\/\\\/szslucnalc.sk\\\/#organization\",\"name\":\"Stredn\\u00e1 zdravotn\\u00edcka \\u0161kola Lu\\u010denec\",\"description\":\"Stredn\\u00e1 zdravotn\\u00edcka \\u0161kola\",\"url\":\"https:\\\/\\\/szslucnalc.sk\\\/\"},{\"@type\":\"Person\",\"@id\":\"https:\\\/\\\/szslucnalc.sk\\\/?author=1001014#author\",\"url\":\"https:\\\/\\\/szslucnalc.sk\\\/?author=1001014\",\"name\":\"Stefan Forgon\"},{\"@type\":\"WebPage\",\"@id\":\"https:\\\/\\\/szslucnalc.sk\\\/?p=39604#webpage\",\"url\":\"https:\\\/\\\/szslucnalc.sk\\\/?p=39604\",\"name\":\"Odp\\u00e1lili sme nov\\u00fd \\u0161kolsk\\u00fd rok - Stredn\\u00e1 zdravotn\\u00edcka \\u0161kola Lu\\u010denec\",\"description\":\"\\u0160kolsk\\u00fd dvor sa po mesiacoch ticha op\\u00e4\\u0165 prebudil k \\u017eivotu. Letn\\u00e9 pr\\u00e1zdniny s\\u00fa ofici\\u00e1lne za nami a na\\u0161a \\u0161kola vykro\\u010dila do nov\\u00e9ho \\u0161kolsk\\u00e9ho roka vo ve\\u013ekom \\u0161t\\u00fdle \\u2013 spolo\\u010dne, na \\u010derstvom vzduchu a s energiou, ktor\\u00e1 by sa dala n\\u00e1sobi\\u0165. \\u0160kolsk\\u00fd dvor zaliaty rann\\u00fdm slnkom sa stal dejiskom stretnutia celej na\\u0161ej \\u0161kolskej rodiny. Smiech, objatia\",\"inLanguage\":\"sk-SK\",\"isPartOf\":{\"@id\":\"https:\\\/\\\/szslucnalc.sk\\\/#website\"},\"breadcrumb\":{\"@id\":\"https:\\\/\\\/szslucnalc.sk\\\/?p=39604#breadcrumblist\"},\"author\":{\"@id\":\"https:\\\/\\\/szslucnalc.sk\\\/?author=1001014#author\"},\"creator\":{\"@id\":\"https:\\\/\\\/szslucnalc.sk\\\/?author=1001014#author\"},\"image\":{\"@type\":\"ImageObject\",\"url\":\"https:\\\/\\\/szslucnalc.sk\\\/wp-content\\\/uploads\\\/2026\\\/09\\\/zaciatok-roka-26-27-1.jpg\",\"@id\":\"https:\\\/\\\/szslucnalc.sk\\\/?p=39604\\\/#mainImage\",\"width\":1918,\"height\":1080},\"primaryImageOfPage\":{\"@id\":\"https:\\\/\\\/szslucnalc.sk\\\/?p=39604#mainImage\"},\"datePublished\":\"2026-09-01T19:28:26+02:00\",\"dateModified\":\"2026-09-01T19:28:27+02:00\"},{\"@type\":\"WebSite\",\"@id\":\"https:\\\/\\\/szslucnalc.sk\\\/#website\",\"url\":\"https:\\\/\\\/szslucnalc.sk\\\/\",\"name\":\"Stredn\\u00e1 zdravotn\\u00edcka \\u0161kola Lu\\u010denec\",\"description\":\"Stredn\\u00e1 zdravotn\\u00edcka \\u0161kola\",\"inLanguage\":\"sk-SK\",\"publisher\":{\"@id\":\"https:\\\/\\\/szslucnalc.sk\\\/#organization\"}}]}\n\t\t<\/script>\n\t\t<!-- All in One SEO -->\n\n","aioseo_head_json":{"title":"Odp\u00e1lili sme nov\u00fd \u0161kolsk\u00fd rok - Stredn\u00e1 zdravotn\u00edcka \u0161kola Lu\u010denec","description":"\u0160kolsk\u00fd dvor sa po mesiacoch ticha op\u00e4\u0165 prebudil k \u017eivotu. Letn\u00e9 pr\u00e1zdniny s\u00fa ofici\u00e1lne za nami a na\u0161a \u0161kola vykro\u010dila do nov\u00e9ho \u0161kolsk\u00e9ho roka vo ve\u013ekom \u0161t\u00fdle \u2013 spolo\u010dne, na \u010derstvom vzduchu a s energiou, ktor\u00e1 by sa dala n\u00e1sobi\u0165. \u0160kolsk\u00fd dvor zaliaty rann\u00fdm slnkom sa stal dejiskom stretnutia celej na\u0161ej \u0161kolskej rodiny. Smiech, objatia","canonical_url":"https:\/\/szslucnalc.sk\/?p=39604","robots":"max-image-preview:large","keywords":"","webmasterTools":{"miscellaneous":""},"schema":{"@context":"https:\/\/schema.org","@graph":[{"@type":"BlogPosting","@id":"https:\/\/szslucnalc.sk\/?p=39604#blogposting","name":"Odp\u00e1lili sme nov\u00fd \u0161kolsk\u00fd rok - Stredn\u00e1 zdravotn\u00edcka \u0161kola Lu\u010denec","headline":"Odp\u00e1lili sme nov\u00fd \u0161kolsk\u00fd rok","author":{"@id":"https:\/\/szslucnalc.sk\/?author=1001014#author"},"publisher":{"@id":"https:\/\/szslucnalc.sk\/#organization"},"image":{"@type":"ImageObject","url":"https:\/\/szslucnalc.sk\/wp-content\/uploads\/2026\/09\/zaciatok-roka-26-27-1.jpg","width":1918,"height":1080},"datePublished":"2026-09-01T19:28:26+02:00","dateModified":"2026-09-01T19:28:27+02:00","inLanguage":"sk-SK","mainEntityOfPage":{"@id":"https:\/\/szslucnalc.sk\/?p=39604#webpage"},"isPartOf":{"@id":"https:\/\/szslucnalc.sk\/?p=39604#webpage"},"articleSection":"In\u00e9"},{"@type":"BreadcrumbList","@id":"https:\/\/szslucnalc.sk\/?p=39604#breadcrumblist","itemListElement":[{"@type":"ListItem","@id":"https:\/\/szslucnalc.sk#listItem","position":1,"name":"Home","item":"https:\/\/szslucnalc.sk","nextItem":{"@type":"ListItem","@id":"https:\/\/szslucnalc.sk\/?cat=8#listItem","name":"In\u00e9"}},{"@type":"ListItem","@id":"https:\/\/szslucnalc.sk\/?cat=8#listItem","position":2,"name":"In\u00e9","item":"https:\/\/szslucnalc.sk\/?cat=8","nextItem":{"@type":"ListItem","@id":"https:\/\/szslucnalc.sk\/?p=39604#listItem","name":"Odp\u00e1lili sme nov\u00fd \u0161kolsk\u00fd rok"},"previousItem":{"@type":"ListItem","@id":"https:\/\/szslucnalc.sk#listItem","name":"Home"}},{"@type":"ListItem","@id":"https:\/\/szslucnalc.sk\/?p=39604#listItem","position":3,"name":"Odp\u00e1lili sme nov\u00fd \u0161kolsk\u00fd rok","previousItem":{"@type":"ListItem","@id":"https:\/\/szslucnalc.sk\/?cat=8#listItem","name":"In\u00e9"}}]},{"@type":"Organization","@id":"https:\/\/szslucnalc.sk\/#organization","name":"Stredn\u00e1 zdravotn\u00edcka \u0161kola Lu\u010denec","description":"Stredn\u00e1 zdravotn\u00edcka \u0161kola","url":"https:\/\/szslucnalc.sk\/"},{"@type":"Person","@id":"https:\/\/szslucnalc.sk\/?author=1001014#author","url":"https:\/\/szslucnalc.sk\/?author=1001014","name":"Stefan Forgon"},{"@type":"WebPage","@id":"https:\/\/szslucnalc.sk\/?p=39604#webpage","url":"https:\/\/szslucnalc.sk\/?p=39604","name":"Odp\u00e1lili sme nov\u00fd \u0161kolsk\u00fd rok - Stredn\u00e1 zdravotn\u00edcka \u0161kola Lu\u010denec","description":"\u0160kolsk\u00fd dvor sa po mesiacoch ticha op\u00e4\u0165 prebudil k \u017eivotu. Letn\u00e9 pr\u00e1zdniny s\u00fa ofici\u00e1lne za nami a na\u0161a \u0161kola vykro\u010dila do nov\u00e9ho \u0161kolsk\u00e9ho roka vo ve\u013ekom \u0161t\u00fdle \u2013 spolo\u010dne, na \u010derstvom vzduchu a s energiou, ktor\u00e1 by sa dala n\u00e1sobi\u0165. \u0160kolsk\u00fd dvor zaliaty rann\u00fdm slnkom sa stal dejiskom stretnutia celej na\u0161ej \u0161kolskej rodiny. Smiech, objatia","inLanguage":"sk-SK","isPartOf":{"@id":"https:\/\/szslucnalc.sk\/#website"},"breadcrumb":{"@id":"https:\/\/szslucnalc.sk\/?p=39604#breadcrumblist"},"author":{"@id":"https:\/\/szslucnalc.sk\/?author=1001014#author"},"creator":{"@id":"https:\/\/szslucnalc.sk\/?author=1001014#author"},"image":{"@type":"ImageObject","url":"https:\/\/szslucnalc.sk\/wp-content\/uploads\/2026\/09\/zaciatok-roka-26-27-1.jpg","@id":"https:\/\/szslucnalc.sk\/?p=39604\/#mainImage","width":1918,"height":1080},"primaryImageOfPage":{"@id":"https:\/\/szslucnalc.sk\/?p=39604#mainImage"},"datePublished":"2026-09-01T19:28:26+02:00","dateModified":"2026-09-01T19:28:27+02:00"},{"@type":"WebSite","@id":"https:\/\/szslucnalc.sk\/#website","url":"https:\/\/szslucnalc.sk\/","name":"Stredn\u00e1 zdravotn\u00edcka \u0161kola Lu\u010denec","description":"Stredn\u00e1 zdravotn\u00edcka \u0161kola","inLanguage":"sk-SK","publisher":{"@id":"https:\/\/szslucnalc.sk\/#organization"}}]},"og:locale":"sk_SK","og:site_name":"Stredn\u00e1 zdravotn\u00edcka \u0161kola Lu\u010denec - Stredn\u00e1 zdravotn\u00edcka \u0161kola","og:type":"article","og:title":"Odp\u00e1lili sme nov\u00fd \u0161kolsk\u00fd rok - Stredn\u00e1 zdravotn\u00edcka \u0161kola Lu\u010denec","og:description":"\u0160kolsk\u00fd dvor sa po mesiacoch ticha op\u00e4\u0165 prebudil k \u017eivotu. Letn\u00e9 pr\u00e1zdniny s\u00fa ofici\u00e1lne za nami a na\u0161a \u0161kola vykro\u010dila do nov\u00e9ho \u0161kolsk\u00e9ho roka vo ve\u013ekom \u0161t\u00fdle \u2013 spolo\u010dne, na \u010derstvom vzduchu a s energiou, ktor\u00e1 by sa dala n\u00e1sobi\u0165. \u0160kolsk\u00fd dvor zaliaty rann\u00fdm slnkom sa stal dejiskom stretnutia celej na\u0161ej \u0161kolskej rodiny. Smiech, objatia","og:url":"https:\/\/szslucnalc.sk\/?p=39604","og:image":"https:\/\/szslucnalc.sk\/wp-content\/uploads\/2026\/09\/zaciatok-roka-26-27-1.jpg","og:image:secure_url":"https:\/\/szslucnalc.sk\/wp-content\/uploads\/2026\/09\/zaciatok-roka-26-27-1.jpg","og:image:width":1918,"og:image:height":1080,"article:published_time":"2026-09-01T17:28:26+00:00","article:modified_time":"2026-09-01T17:28:27+00:00","twitter:card":"summary_large_image","twitter:title":"Odp\u00e1lili sme nov\u00fd \u0161kolsk\u00fd rok - Stredn\u00e1 zdravotn\u00edcka \u0161kola Lu\u010denec","twitter:description":"\u0160kolsk\u00fd dvor sa po mesiacoch ticha op\u00e4\u0165 prebudil k \u017eivotu. Letn\u00e9 pr\u00e1zdniny s\u00fa ofici\u00e1lne za nami a na\u0161a \u0161kola vykro\u010dila do nov\u00e9ho \u0161kolsk\u00e9ho roka vo ve\u013ekom \u0161t\u00fdle \u2013 spolo\u010dne, na \u010derstvom vzduchu a s energiou, ktor\u00e1 by sa dala n\u00e1sobi\u0165. \u0160kolsk\u00fd dvor zaliaty rann\u00fdm slnkom sa stal dejiskom stretnutia celej na\u0161ej \u0161kolskej rodiny. Smiech, objatia","twitter:image":"https:\/\/szslucnalc.sk\/wp-content\/uploads\/2026\/09\/zaciatok-roka-26-27-1.jpg"},"aioseo_meta_data":{"post_id":"39604","title":null,"description":null,"keywords":null,"keyphrases":{"focus":{"keyphrase":"","score":0,"analysis":{"keyphraseInTitle":{"score":0,"maxScore":9,"error":1}}},"additional":[]},"primary_term":null,"canonical_url":null,"og_title":null,"og_description":null,"og_object_type":"default","og_image_type":"default","og_image_url":null,"og_image_width":null,"og_image_height":null,"og_image_custom_url":null,"og_image_custom_fields":null,"og_video":"","og_custom_url":null,"og_article_section":null,"og_article_tags":null,"twitter_use_og":false,"twitter_card":"default","twitter_image_type":"default","twitter_image_url":null,"twitter_image_custom_url":null,"twitter_image_custom_fields":null,"twitter_title":null,"twitter_description":null,"schema":{"blockGraphs":[],"customGraphs":[],"default":{"data":{"Article":[],"Course":[],"Dataset":[],"FAQPage":[],"Movie":[],"Person":[],"Product":[],"ProductReview":[],"Car":[],"Recipe":[],"Service":[],"SoftwareApplication":[],"WebPage":[]},"graphName":"BlogPosting","isEnabled":true},"graphs":[]},"schema_type":"default","schema_type_options":null,"pillar_content":false,"robots_default":true,"robots_noindex":false,"robots_noarchive":false,"robots_nosnippet":false,"robots_nofollow":false,"robots_noimageindex":false,"robots_noodp":false,"robots_notranslate":false,"robots_max_snippet":"-1","robots_max_videopreview":"-1","robots_max_imagepreview":"large","priority":null,"frequency":"default","local_seo":null,"breadcrumb_settings":null,"limit_modified_date":false,"ai":{"faqs":[],"keyPoints":[],"schemas":[],"titles":[],"descriptions":[],"socialPosts":{"email":{"subject":"","preview":"","content":""},"linkedin":[],"twitter":[],"facebook":[],"instagram":[]}},"created":"2026-09-01 17:19:40","updated":"2026-09-01 18:13:58","seo_analyzer_scan_date":null,"focus_keyword":null,"additional_keywords":null,"truseo_locale":null},"aioseo_breadcrumb":"<div class=\"aioseo-breadcrumbs\"><span class=\"aioseo-breadcrumb\">\n\t\t\t<a href=\"https:\/\/szslucnalc.sk\" title=\"Home\">Home<\/a>\n\t\t<\/span><span class=\"aioseo-breadcrumb-separator\">&raquo;<\/span><span class=\"aioseo-breadcrumb\">\n\t\t\t<a href=\"https:\/\/szslucnalc.sk\/?cat=8\" title=\"In\u00e9\">In\u00e9<\/a>\n\t\t<\/span><span class=\"aioseo-breadcrumb-separator\">&raquo;<\/span><span class=\"aioseo-breadcrumb\">\n\t\t\tOdp\u00e1lili sme nov\u00fd \u0161kolsk\u00fd rok\n\t\t<\/span><\/div>","aioseo_breadcrumb_json":[{"label":"Home","link":"https:\/\/szslucnalc.sk"},{"label":"In\u00e9","link":"https:\/\/szslucnalc.sk\/?cat=8"},{"label":"Odp\u00e1lili sme nov\u00fd \u0161kolsk\u00fd rok","link":"https:\/\/szslucnalc.sk\/?p=39604"}],"_links":{"self":[{"href":"https:\/\/szslucnalc.sk\/index.php?rest_route=\/wp\/v2\/posts\/39604","targetHints":{"allow":["GET"]}}],"collection":[{"href":"https:\/\/szslucnalc.sk\/index.php?rest_route=\/wp\/v2\/posts"}],"about":[{"href":"https:\/\/szslucnalc.sk\/index.php?rest_route=\/wp\/v2\/types\/post"}],"author":[{"embeddable":true,"href":"https:\/\/szslucnalc.sk\/index.php?rest_route=\/wp\/v2\/users\/1001014"}],"replies":[{"embeddable":true,"href":"https:\/\/szslucnalc.sk\/index.php?rest_route=%2Fwp%2Fv2%2Fcomments&post=39604"}],"version-history":[{"count":3,"href":"https:\/\/szslucnalc.sk\/index.php?rest_route=\/wp\/v2\/posts\/39604\/revisions"}],"predecessor-version":[{"id":39660,"href":"https:\/\/szslucnalc.sk\/index.php?rest_route=\/wp\/v2\/posts\/39604\/revisions\/39660"}],"wp:featuredmedia":[{"embeddable":true,"href":"https:\/\/szslucnalc.sk\/index.php?rest_route=\/wp\/v2\/media\/39616"}],"wp:attachment":[{"href":"https:\/\/szslucnalc.sk\/index.php?rest_route=%2Fwp%2Fv2%2Fmedia&parent=39604"}],"wp:term":[{"taxonomy":"category","embeddable":true,"href":"https:\/\/szslucnalc.sk\/index.php?rest_route=%2Fwp%2Fv2%2Fcategories&post=39604"},{"taxonomy":"post_tag","embeddable":true,"href":"https:\/\/szslucnalc.sk\/index.php?rest_route=%2Fwp%2Fv2%2Ftags&post=39604"}],"curies":[{"name":"wp","href":"https:\/\/api.w.org\/{rel}","templated":true}]}}