{"id":4180,"date":"2018-08-23T09:15:46","date_gmt":"2018-08-23T07:15:46","guid":{"rendered":"https:\/\/szslucnalc.sk\/?p=4180"},"modified":"2018-08-25T11:42:23","modified_gmt":"2018-08-25T09:42:23","slug":"uz-sa-to-krati","status":"publish","type":"post","link":"https:\/\/szslucnalc.sk\/?p=4180","title":{"rendered":"U\u017e sa to kr\u00e1ti!!!"},"content":{"rendered":"<p>Po letn\u00fdch pr\u00e1zdnin\u00e1ch nast\u00e1va prv\u00e1 v\u00e1\u017ena pr\u00edle\u017eitos\u0165 kone\u010dne si vymeni\u0165 \u0161ortky, kra\u0165asy, tielka a tri\u010dk\u00e1 za slu\u0161nej\u0161ie oble\u010denie, aby sa mohol sl\u00e1vnostne otvori\u0165 nov\u00fd \u0161kolsk\u00fd rok 2018\/2019. Op\u00e4\u0165 sa bude foti\u0165 &#8211; zve\u010dnen\u00ed zostanete na celuli\u010dk\u00fd rok &#8211; tak sa oplat\u00ed popracova\u0165 na svojom dizajne. Pedagogick\u00fd zbor u\u017e netrpezlivo \u010dak\u00e1 v\u0161etk\u00fdch denn\u00fdch \u0161tudentov v pondelok, 3.9. r\u00e1no o 7:30 hod. na \u0161kolskom dvore.<\/p>\n<p>\u0160tudenti ve\u010dern\u00e9ho \u0161t\u00fadia &#8211;\u00a0 z\u00e1pis do prv\u00e9ho ro\u010dn\u00edka sa uskuto\u010dn\u00ed 4. septembra 2017 (utorok ) o 13:00 &#8211; <b>podmienka \u0161t\u00fadia !!! <\/b><b>ne\u00fa\u010das\u0165 na z\u00e1pise ru\u0161\u00ed rozhodnutie o prijat\u00ed! <\/b> &#8211; na prv\u00e9 stretnutie prinies\u0165:<br \/>\npotvrdenie o o\u010dkovan\u00ed proti hepatit\u00edde B ( aspo\u0148 absolvova\u0165 prv\u00fa o\u010dkovaciu d\u00e1vku ) zdravotn\u00fd preukaz pre pr\u00e1cu v potravin\u00e1rstve<br \/>\npotvrdenie &#8211; <a href=\"https:\/\/szslucnalc.sk\/wp-content\/uploads\/2017\/09\/QR-kod-OZ-zdravie.png\">IBAN SK44 5200 0000 0000 0799 3228 ,<\/a>\u00a0 rodn\u00fd list a ob\u010diansky preukaz ( pre kontrolu osobn\u00fdch \u00fadajov )<br \/>\nprez\u00favky,\u00a0 zo\u0161ity<br \/>\n&#8211; prv\u00e1ci sa za\u010dn\u00fa u\u010di\u0165 na druh\u00fd de\u0148 5.9.o 8:00, a druh\u00e1ci hne\u010f v pondelok 3.9. o 8:00 hod.<\/p>\n<p>U\u017eite si e\u0161te zvy\u0161ok pr\u00e1zdnin, nech ten \u010das plynie \u010do najpomal\u0161ie.<\/p>\n","protected":false},"excerpt":{"rendered":"<p>Po letn&yacute;ch pr&aacute;zdnin&aacute;ch nast&aacute;va prv&aacute; v&aacute;&#382;na pr&iacute;le&#382;itos&#357; kone&#269;ne si vymeni&#357; &scaron;ortky, kra&#357;asy, tielka a tri&#269;k&aacute; za slu&scaron;nej&scaron;ie oble&#269;enie, aby sa mohol sl&aacute;vnostne otvori&#357; nov&yacute; &scaron;kolsk&yacute; rok<span class=\"excerpt-hellip\"> [\u2026]<\/span><\/p>\n","protected":false},"author":2,"featured_media":4181,"comment_status":"closed","ping_status":"closed","sticky":false,"template":"","format":"image","meta":{"footnotes":""},"categories":[8],"tags":[],"class_list":["post-4180","post","type-post","status-publish","format-image","has-post-thumbnail","hentry","category-ine","post_format-post-format-image"],"aioseo_notices":[],"aioseo_head":"\n\t\t<!-- All in One SEO 5.0.0.1 - aioseo.com -->\n\t<meta name=\"description\" content=\"Po letn\u00fdch pr\u00e1zdnin\u00e1ch nast\u00e1va prv\u00e1 v\u00e1\u017ena pr\u00edle\u017eitos\u0165 kone\u010dne si vymeni\u0165 \u0161ortky, kra\u0165asy, tielka a tri\u010dk\u00e1 za slu\u0161nej\u0161ie oble\u010denie, aby sa mohol sl\u00e1vnostne otvori\u0165 nov\u00fd \u0161kolsk\u00fd rok 2018\/2019. Op\u00e4\u0165 sa bude foti\u0165 - zve\u010dnen\u00ed zostanete na celuli\u010dk\u00fd rok - tak sa oplat\u00ed popracova\u0165 na svojom dizajne. Pedagogick\u00fd zbor u\u017e netrpezlivo \u010dak\u00e1 v\u0161etk\u00fdch denn\u00fdch \u0161tudentov v pondelok,\" \/>\n\t<meta name=\"robots\" content=\"max-image-preview:large\" \/>\n\t<meta name=\"author\" content=\"Miroslav Sekula\"\/>\n\t<link rel=\"canonical\" href=\"https:\/\/szslucnalc.sk\/?p=4180\" \/>\n\t<meta name=\"generator\" content=\"All in One SEO (AIOSEO) 5.0.0.1\" \/>\n\t\t<meta property=\"og:locale\" content=\"sk_SK\" \/>\n\t\t<meta property=\"og:site_name\" content=\"Stredn\u00e1 zdravotn\u00edcka \u0161kola Lu\u010denec - Stredn\u00e1 zdravotn\u00edcka \u0161kola\" \/>\n\t\t<meta property=\"og:type\" content=\"article\" \/>\n\t\t<meta property=\"og:title\" content=\"U\u017e sa to kr\u00e1ti!!! - Stredn\u00e1 zdravotn\u00edcka \u0161kola Lu\u010denec\" \/>\n\t\t<meta property=\"og:description\" content=\"Po letn\u00fdch pr\u00e1zdnin\u00e1ch nast\u00e1va prv\u00e1 v\u00e1\u017ena pr\u00edle\u017eitos\u0165 kone\u010dne si vymeni\u0165 \u0161ortky, kra\u0165asy, tielka a tri\u010dk\u00e1 za slu\u0161nej\u0161ie oble\u010denie, aby sa mohol sl\u00e1vnostne otvori\u0165 nov\u00fd \u0161kolsk\u00fd rok 2018\/2019. Op\u00e4\u0165 sa bude foti\u0165 - zve\u010dnen\u00ed zostanete na celuli\u010dk\u00fd rok - tak sa oplat\u00ed popracova\u0165 na svojom dizajne. Pedagogick\u00fd zbor u\u017e netrpezlivo \u010dak\u00e1 v\u0161etk\u00fdch denn\u00fdch \u0161tudentov v pondelok,\" \/>\n\t\t<meta property=\"og:url\" content=\"https:\/\/szslucnalc.sk\/?p=4180\" \/>\n\t\t<meta property=\"og:image\" content=\"https:\/\/szslucnalc.sk\/wp-content\/uploads\/2018\/08\/skola.gif\" \/>\n\t\t<meta property=\"og:image:secure_url\" content=\"https:\/\/szslucnalc.sk\/wp-content\/uploads\/2018\/08\/skola.gif\" \/>\n\t\t<meta property=\"og:image:width\" content=\"400\" \/>\n\t\t<meta property=\"og:image:height\" content=\"291\" \/>\n\t\t<meta property=\"article:published_time\" content=\"2018-08-23T07:15:46+00:00\" \/>\n\t\t<meta property=\"article:modified_time\" content=\"2018-08-25T09:42:23+00:00\" \/>\n\t\t<meta name=\"twitter:card\" content=\"summary_large_image\" \/>\n\t\t<meta name=\"twitter:title\" content=\"U\u017e sa to kr\u00e1ti!!! - Stredn\u00e1 zdravotn\u00edcka \u0161kola Lu\u010denec\" \/>\n\t\t<meta name=\"twitter:description\" content=\"Po letn\u00fdch pr\u00e1zdnin\u00e1ch nast\u00e1va prv\u00e1 v\u00e1\u017ena pr\u00edle\u017eitos\u0165 kone\u010dne si vymeni\u0165 \u0161ortky, kra\u0165asy, tielka a tri\u010dk\u00e1 za slu\u0161nej\u0161ie oble\u010denie, aby sa mohol sl\u00e1vnostne otvori\u0165 nov\u00fd \u0161kolsk\u00fd rok 2018\/2019. Op\u00e4\u0165 sa bude foti\u0165 - zve\u010dnen\u00ed zostanete na celuli\u010dk\u00fd rok - tak sa oplat\u00ed popracova\u0165 na svojom dizajne. Pedagogick\u00fd zbor u\u017e netrpezlivo \u010dak\u00e1 v\u0161etk\u00fdch denn\u00fdch \u0161tudentov v pondelok,\" \/>\n\t\t<meta name=\"twitter:image\" content=\"https:\/\/szslucnalc.sk\/wp-content\/uploads\/2018\/08\/skola.gif\" \/>\n\t\t<script type=\"application\/ld+json\" class=\"aioseo-schema\">\n\t\t\t{\"@context\":\"https:\\\/\\\/schema.org\",\"@graph\":[{\"@type\":\"BlogPosting\",\"@id\":\"https:\\\/\\\/szslucnalc.sk\\\/?p=4180#blogposting\",\"name\":\"U\\u017e sa to kr\\u00e1ti!!! - Stredn\\u00e1 zdravotn\\u00edcka \\u0161kola Lu\\u010denec\",\"headline\":\"U\\u017e sa to kr\\u00e1ti!!!\",\"author\":{\"@id\":\"https:\\\/\\\/szslucnalc.sk\\\/?author=2#author\"},\"publisher\":{\"@id\":\"https:\\\/\\\/szslucnalc.sk\\\/#organization\"},\"image\":{\"@type\":\"ImageObject\",\"url\":\"https:\\\/\\\/szslucnalc.sk\\\/wp-content\\\/uploads\\\/2018\\\/08\\\/skola.gif\",\"width\":400,\"height\":291},\"datePublished\":\"2018-08-23T09:15:46+02:00\",\"dateModified\":\"2018-08-25T11:42:23+02:00\",\"inLanguage\":\"sk-SK\",\"mainEntityOfPage\":{\"@id\":\"https:\\\/\\\/szslucnalc.sk\\\/?p=4180#webpage\"},\"isPartOf\":{\"@id\":\"https:\\\/\\\/szslucnalc.sk\\\/?p=4180#webpage\"},\"articleSection\":\"In\\u00e9, Obr\\u00e1zok\"},{\"@type\":\"BreadcrumbList\",\"@id\":\"https:\\\/\\\/szslucnalc.sk\\\/?p=4180#breadcrumblist\",\"itemListElement\":[{\"@type\":\"ListItem\",\"@id\":\"https:\\\/\\\/szslucnalc.sk#listItem\",\"position\":1,\"name\":\"Home\",\"item\":\"https:\\\/\\\/szslucnalc.sk\",\"nextItem\":{\"@type\":\"ListItem\",\"@id\":\"https:\\\/\\\/szslucnalc.sk\\\/?cat=8#listItem\",\"name\":\"In\\u00e9\"}},{\"@type\":\"ListItem\",\"@id\":\"https:\\\/\\\/szslucnalc.sk\\\/?cat=8#listItem\",\"position\":2,\"name\":\"In\\u00e9\",\"item\":\"https:\\\/\\\/szslucnalc.sk\\\/?cat=8\",\"nextItem\":{\"@type\":\"ListItem\",\"@id\":\"https:\\\/\\\/szslucnalc.sk\\\/?p=4180#listItem\",\"name\":\"U\\u017e sa to kr\\u00e1ti!!!\"},\"previousItem\":{\"@type\":\"ListItem\",\"@id\":\"https:\\\/\\\/szslucnalc.sk#listItem\",\"name\":\"Home\"}},{\"@type\":\"ListItem\",\"@id\":\"https:\\\/\\\/szslucnalc.sk\\\/?p=4180#listItem\",\"position\":3,\"name\":\"U\\u017e sa to kr\\u00e1ti!!!\",\"previousItem\":{\"@type\":\"ListItem\",\"@id\":\"https:\\\/\\\/szslucnalc.sk\\\/?cat=8#listItem\",\"name\":\"In\\u00e9\"}}]},{\"@type\":\"Organization\",\"@id\":\"https:\\\/\\\/szslucnalc.sk\\\/#organization\",\"name\":\"Stredn\\u00e1 zdravotn\\u00edcka \\u0161kola Lu\\u010denec\",\"description\":\"Stredn\\u00e1 zdravotn\\u00edcka \\u0161kola\",\"url\":\"https:\\\/\\\/szslucnalc.sk\\\/\"},{\"@type\":\"Person\",\"@id\":\"https:\\\/\\\/szslucnalc.sk\\\/?author=2#author\",\"url\":\"https:\\\/\\\/szslucnalc.sk\\\/?author=2\",\"name\":\"Miroslav Sekula\"},{\"@type\":\"WebPage\",\"@id\":\"https:\\\/\\\/szslucnalc.sk\\\/?p=4180#webpage\",\"url\":\"https:\\\/\\\/szslucnalc.sk\\\/?p=4180\",\"name\":\"U\\u017e sa to kr\\u00e1ti!!! - Stredn\\u00e1 zdravotn\\u00edcka \\u0161kola Lu\\u010denec\",\"description\":\"Po letn\\u00fdch pr\\u00e1zdnin\\u00e1ch nast\\u00e1va prv\\u00e1 v\\u00e1\\u017ena pr\\u00edle\\u017eitos\\u0165 kone\\u010dne si vymeni\\u0165 \\u0161ortky, kra\\u0165asy, tielka a tri\\u010dk\\u00e1 za slu\\u0161nej\\u0161ie oble\\u010denie, aby sa mohol sl\\u00e1vnostne otvori\\u0165 nov\\u00fd \\u0161kolsk\\u00fd rok 2018\\\/2019. Op\\u00e4\\u0165 sa bude foti\\u0165 - zve\\u010dnen\\u00ed zostanete na celuli\\u010dk\\u00fd rok - tak sa oplat\\u00ed popracova\\u0165 na svojom dizajne. Pedagogick\\u00fd zbor u\\u017e netrpezlivo \\u010dak\\u00e1 v\\u0161etk\\u00fdch denn\\u00fdch \\u0161tudentov v pondelok,\",\"inLanguage\":\"sk-SK\",\"isPartOf\":{\"@id\":\"https:\\\/\\\/szslucnalc.sk\\\/#website\"},\"breadcrumb\":{\"@id\":\"https:\\\/\\\/szslucnalc.sk\\\/?p=4180#breadcrumblist\"},\"author\":{\"@id\":\"https:\\\/\\\/szslucnalc.sk\\\/?author=2#author\"},\"creator\":{\"@id\":\"https:\\\/\\\/szslucnalc.sk\\\/?author=2#author\"},\"image\":{\"@type\":\"ImageObject\",\"url\":\"https:\\\/\\\/szslucnalc.sk\\\/wp-content\\\/uploads\\\/2018\\\/08\\\/skola.gif\",\"@id\":\"https:\\\/\\\/szslucnalc.sk\\\/?p=4180\\\/#mainImage\",\"width\":400,\"height\":291},\"primaryImageOfPage\":{\"@id\":\"https:\\\/\\\/szslucnalc.sk\\\/?p=4180#mainImage\"},\"datePublished\":\"2018-08-23T09:15:46+02:00\",\"dateModified\":\"2018-08-25T11:42:23+02:00\"},{\"@type\":\"WebSite\",\"@id\":\"https:\\\/\\\/szslucnalc.sk\\\/#website\",\"url\":\"https:\\\/\\\/szslucnalc.sk\\\/\",\"name\":\"Stredn\\u00e1 zdravotn\\u00edcka \\u0161kola Lu\\u010denec\",\"description\":\"Stredn\\u00e1 zdravotn\\u00edcka \\u0161kola\",\"inLanguage\":\"sk-SK\",\"publisher\":{\"@id\":\"https:\\\/\\\/szslucnalc.sk\\\/#organization\"}}]}\n\t\t<\/script>\n\t\t<!-- All in One SEO -->\n\n","aioseo_head_json":{"title":"U\u017e sa to kr\u00e1ti!!! - Stredn\u00e1 zdravotn\u00edcka \u0161kola Lu\u010denec","description":"Po letn\u00fdch pr\u00e1zdnin\u00e1ch nast\u00e1va prv\u00e1 v\u00e1\u017ena pr\u00edle\u017eitos\u0165 kone\u010dne si vymeni\u0165 \u0161ortky, kra\u0165asy, tielka a tri\u010dk\u00e1 za slu\u0161nej\u0161ie oble\u010denie, aby sa mohol sl\u00e1vnostne otvori\u0165 nov\u00fd \u0161kolsk\u00fd rok 2018\/2019. Op\u00e4\u0165 sa bude foti\u0165 - zve\u010dnen\u00ed zostanete na celuli\u010dk\u00fd rok - tak sa oplat\u00ed popracova\u0165 na svojom dizajne. Pedagogick\u00fd zbor u\u017e netrpezlivo \u010dak\u00e1 v\u0161etk\u00fdch denn\u00fdch \u0161tudentov v pondelok,","canonical_url":"https:\/\/szslucnalc.sk\/?p=4180","robots":"max-image-preview:large","keywords":"","webmasterTools":{"miscellaneous":""},"schema":{"@context":"https:\/\/schema.org","@graph":[{"@type":"BlogPosting","@id":"https:\/\/szslucnalc.sk\/?p=4180#blogposting","name":"U\u017e sa to kr\u00e1ti!!! - Stredn\u00e1 zdravotn\u00edcka \u0161kola Lu\u010denec","headline":"U\u017e sa to kr\u00e1ti!!!","author":{"@id":"https:\/\/szslucnalc.sk\/?author=2#author"},"publisher":{"@id":"https:\/\/szslucnalc.sk\/#organization"},"image":{"@type":"ImageObject","url":"https:\/\/szslucnalc.sk\/wp-content\/uploads\/2018\/08\/skola.gif","width":400,"height":291},"datePublished":"2018-08-23T09:15:46+02:00","dateModified":"2018-08-25T11:42:23+02:00","inLanguage":"sk-SK","mainEntityOfPage":{"@id":"https:\/\/szslucnalc.sk\/?p=4180#webpage"},"isPartOf":{"@id":"https:\/\/szslucnalc.sk\/?p=4180#webpage"},"articleSection":"In\u00e9, Obr\u00e1zok"},{"@type":"BreadcrumbList","@id":"https:\/\/szslucnalc.sk\/?p=4180#breadcrumblist","itemListElement":[{"@type":"ListItem","@id":"https:\/\/szslucnalc.sk#listItem","position":1,"name":"Home","item":"https:\/\/szslucnalc.sk","nextItem":{"@type":"ListItem","@id":"https:\/\/szslucnalc.sk\/?cat=8#listItem","name":"In\u00e9"}},{"@type":"ListItem","@id":"https:\/\/szslucnalc.sk\/?cat=8#listItem","position":2,"name":"In\u00e9","item":"https:\/\/szslucnalc.sk\/?cat=8","nextItem":{"@type":"ListItem","@id":"https:\/\/szslucnalc.sk\/?p=4180#listItem","name":"U\u017e sa to kr\u00e1ti!!!"},"previousItem":{"@type":"ListItem","@id":"https:\/\/szslucnalc.sk#listItem","name":"Home"}},{"@type":"ListItem","@id":"https:\/\/szslucnalc.sk\/?p=4180#listItem","position":3,"name":"U\u017e sa to kr\u00e1ti!!!","previousItem":{"@type":"ListItem","@id":"https:\/\/szslucnalc.sk\/?cat=8#listItem","name":"In\u00e9"}}]},{"@type":"Organization","@id":"https:\/\/szslucnalc.sk\/#organization","name":"Stredn\u00e1 zdravotn\u00edcka \u0161kola Lu\u010denec","description":"Stredn\u00e1 zdravotn\u00edcka \u0161kola","url":"https:\/\/szslucnalc.sk\/"},{"@type":"Person","@id":"https:\/\/szslucnalc.sk\/?author=2#author","url":"https:\/\/szslucnalc.sk\/?author=2","name":"Miroslav Sekula"},{"@type":"WebPage","@id":"https:\/\/szslucnalc.sk\/?p=4180#webpage","url":"https:\/\/szslucnalc.sk\/?p=4180","name":"U\u017e sa to kr\u00e1ti!!! - Stredn\u00e1 zdravotn\u00edcka \u0161kola Lu\u010denec","description":"Po letn\u00fdch pr\u00e1zdnin\u00e1ch nast\u00e1va prv\u00e1 v\u00e1\u017ena pr\u00edle\u017eitos\u0165 kone\u010dne si vymeni\u0165 \u0161ortky, kra\u0165asy, tielka a tri\u010dk\u00e1 za slu\u0161nej\u0161ie oble\u010denie, aby sa mohol sl\u00e1vnostne otvori\u0165 nov\u00fd \u0161kolsk\u00fd rok 2018\/2019. Op\u00e4\u0165 sa bude foti\u0165 - zve\u010dnen\u00ed zostanete na celuli\u010dk\u00fd rok - tak sa oplat\u00ed popracova\u0165 na svojom dizajne. Pedagogick\u00fd zbor u\u017e netrpezlivo \u010dak\u00e1 v\u0161etk\u00fdch denn\u00fdch \u0161tudentov v pondelok,","inLanguage":"sk-SK","isPartOf":{"@id":"https:\/\/szslucnalc.sk\/#website"},"breadcrumb":{"@id":"https:\/\/szslucnalc.sk\/?p=4180#breadcrumblist"},"author":{"@id":"https:\/\/szslucnalc.sk\/?author=2#author"},"creator":{"@id":"https:\/\/szslucnalc.sk\/?author=2#author"},"image":{"@type":"ImageObject","url":"https:\/\/szslucnalc.sk\/wp-content\/uploads\/2018\/08\/skola.gif","@id":"https:\/\/szslucnalc.sk\/?p=4180\/#mainImage","width":400,"height":291},"primaryImageOfPage":{"@id":"https:\/\/szslucnalc.sk\/?p=4180#mainImage"},"datePublished":"2018-08-23T09:15:46+02:00","dateModified":"2018-08-25T11:42:23+02:00"},{"@type":"WebSite","@id":"https:\/\/szslucnalc.sk\/#website","url":"https:\/\/szslucnalc.sk\/","name":"Stredn\u00e1 zdravotn\u00edcka \u0161kola Lu\u010denec","description":"Stredn\u00e1 zdravotn\u00edcka \u0161kola","inLanguage":"sk-SK","publisher":{"@id":"https:\/\/szslucnalc.sk\/#organization"}}]},"og:locale":"sk_SK","og:site_name":"Stredn\u00e1 zdravotn\u00edcka \u0161kola Lu\u010denec - Stredn\u00e1 zdravotn\u00edcka \u0161kola","og:type":"article","og:title":"U\u017e sa to kr\u00e1ti!!! - Stredn\u00e1 zdravotn\u00edcka \u0161kola Lu\u010denec","og:description":"Po letn\u00fdch pr\u00e1zdnin\u00e1ch nast\u00e1va prv\u00e1 v\u00e1\u017ena pr\u00edle\u017eitos\u0165 kone\u010dne si vymeni\u0165 \u0161ortky, kra\u0165asy, tielka a tri\u010dk\u00e1 za slu\u0161nej\u0161ie oble\u010denie, aby sa mohol sl\u00e1vnostne otvori\u0165 nov\u00fd \u0161kolsk\u00fd rok 2018\/2019. Op\u00e4\u0165 sa bude foti\u0165 - zve\u010dnen\u00ed zostanete na celuli\u010dk\u00fd rok - tak sa oplat\u00ed popracova\u0165 na svojom dizajne. Pedagogick\u00fd zbor u\u017e netrpezlivo \u010dak\u00e1 v\u0161etk\u00fdch denn\u00fdch \u0161tudentov v pondelok,","og:url":"https:\/\/szslucnalc.sk\/?p=4180","og:image":"https:\/\/szslucnalc.sk\/wp-content\/uploads\/2018\/08\/skola.gif","og:image:secure_url":"https:\/\/szslucnalc.sk\/wp-content\/uploads\/2018\/08\/skola.gif","og:image:width":400,"og:image:height":291,"article:published_time":"2018-08-23T07:15:46+00:00","article:modified_time":"2018-08-25T09:42:23+00:00","twitter:card":"summary_large_image","twitter:title":"U\u017e sa to kr\u00e1ti!!! - Stredn\u00e1 zdravotn\u00edcka \u0161kola Lu\u010denec","twitter:description":"Po letn\u00fdch pr\u00e1zdnin\u00e1ch nast\u00e1va prv\u00e1 v\u00e1\u017ena pr\u00edle\u017eitos\u0165 kone\u010dne si vymeni\u0165 \u0161ortky, kra\u0165asy, tielka a tri\u010dk\u00e1 za slu\u0161nej\u0161ie oble\u010denie, aby sa mohol sl\u00e1vnostne otvori\u0165 nov\u00fd \u0161kolsk\u00fd rok 2018\/2019. Op\u00e4\u0165 sa bude foti\u0165 - zve\u010dnen\u00ed zostanete na celuli\u010dk\u00fd rok - tak sa oplat\u00ed popracova\u0165 na svojom dizajne. Pedagogick\u00fd zbor u\u017e netrpezlivo \u010dak\u00e1 v\u0161etk\u00fdch denn\u00fdch \u0161tudentov v pondelok,","twitter:image":"https:\/\/szslucnalc.sk\/wp-content\/uploads\/2018\/08\/skola.gif"},"aioseo_meta_data":{"post_id":"4180","title":null,"description":null,"keywords":null,"keyphrases":null,"primary_term":null,"canonical_url":null,"og_title":null,"og_description":null,"og_object_type":"default","og_image_type":"default","og_image_url":null,"og_image_width":null,"og_image_height":null,"og_image_custom_url":null,"og_image_custom_fields":null,"og_video":null,"og_custom_url":null,"og_article_section":null,"og_article_tags":null,"twitter_use_og":false,"twitter_card":"default","twitter_image_type":"default","twitter_image_url":null,"twitter_image_custom_url":null,"twitter_image_custom_fields":null,"twitter_title":null,"twitter_description":null,"schema":{"blockGraphs":[],"customGraphs":[],"default":{"data":{"Article":[],"Course":[],"Dataset":[],"FAQPage":[],"Movie":[],"Person":[],"Product":[],"ProductReview":[],"Car":[],"Recipe":[],"Service":[],"SoftwareApplication":[],"WebPage":[]},"graphName":"","isEnabled":true},"graphs":[]},"schema_type":"default","schema_type_options":null,"pillar_content":false,"robots_default":true,"robots_noindex":false,"robots_noarchive":false,"robots_nosnippet":false,"robots_nofollow":false,"robots_noimageindex":false,"robots_noodp":false,"robots_notranslate":false,"robots_max_snippet":null,"robots_max_videopreview":null,"robots_max_imagepreview":"large","priority":null,"frequency":null,"local_seo":null,"breadcrumb_settings":null,"limit_modified_date":false,"ai":null,"created":"2023-09-15 15:33:16","updated":"2025-06-26 13:30:10","seo_analyzer_scan_date":null,"focus_keyword":null,"additional_keywords":null,"truseo_locale":null},"aioseo_breadcrumb":"<div class=\"aioseo-breadcrumbs\"><span class=\"aioseo-breadcrumb\">\n\t\t\t<a href=\"https:\/\/szslucnalc.sk\" title=\"Home\">Home<\/a>\n\t\t<\/span><span class=\"aioseo-breadcrumb-separator\">&raquo;<\/span><span class=\"aioseo-breadcrumb\">\n\t\t\t<a href=\"https:\/\/szslucnalc.sk\/?cat=8\" title=\"In\u00e9\">In\u00e9<\/a>\n\t\t<\/span><span class=\"aioseo-breadcrumb-separator\">&raquo;<\/span><span class=\"aioseo-breadcrumb\">\n\t\t\tU\u017e sa to kr\u00e1ti!!!\n\t\t<\/span><\/div>","aioseo_breadcrumb_json":[{"label":"Home","link":"https:\/\/szslucnalc.sk"},{"label":"In\u00e9","link":"https:\/\/szslucnalc.sk\/?cat=8"},{"label":"U\u017e sa to kr\u00e1ti!!!","link":"https:\/\/szslucnalc.sk\/?p=4180"}],"_links":{"self":[{"href":"https:\/\/szslucnalc.sk\/index.php?rest_route=\/wp\/v2\/posts\/4180","targetHints":{"allow":["GET"]}}],"collection":[{"href":"https:\/\/szslucnalc.sk\/index.php?rest_route=\/wp\/v2\/posts"}],"about":[{"href":"https:\/\/szslucnalc.sk\/index.php?rest_route=\/wp\/v2\/types\/post"}],"author":[{"embeddable":true,"href":"https:\/\/szslucnalc.sk\/index.php?rest_route=\/wp\/v2\/users\/2"}],"replies":[{"embeddable":true,"href":"https:\/\/szslucnalc.sk\/index.php?rest_route=%2Fwp%2Fv2%2Fcomments&post=4180"}],"version-history":[{"count":8,"href":"https:\/\/szslucnalc.sk\/index.php?rest_route=\/wp\/v2\/posts\/4180\/revisions"}],"predecessor-version":[{"id":7611,"href":"https:\/\/szslucnalc.sk\/index.php?rest_route=\/wp\/v2\/posts\/4180\/revisions\/7611"}],"wp:featuredmedia":[{"embeddable":true,"href":"https:\/\/szslucnalc.sk\/index.php?rest_route=\/wp\/v2\/media\/4181"}],"wp:attachment":[{"href":"https:\/\/szslucnalc.sk\/index.php?rest_route=%2Fwp%2Fv2%2Fmedia&parent=4180"}],"wp:term":[{"taxonomy":"category","embeddable":true,"href":"https:\/\/szslucnalc.sk\/index.php?rest_route=%2Fwp%2Fv2%2Fcategories&post=4180"},{"taxonomy":"post_tag","embeddable":true,"href":"https:\/\/szslucnalc.sk\/index.php?rest_route=%2Fwp%2Fv2%2Ftags&post=4180"}],"curies":[{"name":"wp","href":"https:\/\/api.w.org\/{rel}","templated":true}]}}