{"id":4570,"date":"2018-09-21T14:41:39","date_gmt":"2018-09-21T12:41:39","guid":{"rendered":"https:\/\/szslucnalc.sk\/?p=4570"},"modified":"2018-10-03T11:51:26","modified_gmt":"2018-10-03T09:51:26","slug":"nevidim-to-tak-cierno-vdaka-vam","status":"publish","type":"post","link":"https:\/\/szslucnalc.sk\/?p=4570","title":{"rendered":"Nevid\u00edm to tak \u010dierno. V\u010faka V\u00e1m!"},"content":{"rendered":"<p>Dne\u0161n\u00fd de\u0148 bol pre n\u00e1s v\u00fdnimo\u010dn\u00fd. Ako tretiaci sme sa mohli prv\u00fdkr\u00e1t z\u00fa\u010dastni\u0165 verejnej zbierky \u201e Biela pastelka\u201c na pomoc nevidiacim a\u00a0slabozrak\u00fdm. Do tejto zbierky sa na\u0161a \u0161kola zap\u00e1ja u\u017e tradi\u010dne. Zbierku organizovala \u00dania nevidiacich a\u00a0slabozrak\u00fdch Slovenska. Ambas\u00e1dorkou\u00a0 17. ro\u010dn\u00edka sa stala \u00faspe\u0161n\u00e1 slovensk\u00e1 moder\u00e1torka Adela Vinczeov\u00e1. Oble\u010den\u00ed do tri\u010diek s\u00a0n\u00e1metom bielej pastelky sme boli v\u00a0uliciach Lu\u010denca neprehliadnute\u013en\u00ed.\u00a0 Ver\u00edme, \u017ee sme svojou zbierkou prispeli na dobr\u00fa vec. M\u00e1me pocit, \u017ee my \u201e zdravo\u0165\u00e1ci \u201e to m\u00e1me v\u00a0krvi. Pom\u00e1ha\u0165, ch\u00e1pa\u0165, pon\u00faknu\u0165 pomoc i\u00a0\u00fatechu v\u00a0\u0165a\u017ek\u00fdch chv\u00ed\u013each choroby. Prajeme si, aby vyzbieran\u00e9 finan\u010dn\u00e9 prostriedky \u00a0mohli vr\u00e1ti\u0165 nevidiacich a\u00a0slabozrak\u00fdch do plnohodnotn\u00e9ho \u017eivota, aby aj ich \u017eivot\u00a0 v\u00a0tme bol \u0161\u0165astn\u00fd, pln\u00fd l\u00e1sky, porozumenia a\u00a0poznania.<\/p>\n<p>Va\u0161i tretiaci.<\/p>\n<div class=\"gmail_default\">\n<div class=\"gmail_default\">Dobr\u00fd de\u0148.<\/div>\n<div class=\"gmail_default\">Dovo\u013ete mi, po\u010fakova\u0165 sa za pomoc a podporu pri realiz\u00e1cii hlavn\u00e9ho zbierkov\u00e9ho d\u0148a zbierky Biela pastelka. Va\u0161i \u0161tudenti spolu so \u0161tudentmi zo Strednej odobrnej \u0161koly pedagogickej Lu\u010denec d\u0148a 21.9.2018 vyzbierali v uliciach mesta Lu\u010denec 1136,44\u20ac.<\/div>\n<div class=\"gmail_default\">\u010eakujeme za pomoc a podporu.<\/div>\n<div class=\"gmail_signature\" dir=\"ltr\" data-smartmail=\"gmail_signature\">S \u00factou\u00a0\u00a0\u00a0\u00a0\u00a0\u00a0\u00a0\u00a0\u00a0\u00a0\u00a0\u00a0\u00a0\u00a0\u00a0\u00a0\u00a0\u00a0\u00a0\u00a0\u00a0\u00a0\u00a0\u00a0\u00a0\u00a0\u00a0\u00a0\u00a0\u00a0\u00a0\u00a0\u00a0\u00a0\u00a0\u00a0\u00a0\u00a0\u00a0\u00a0\u00a0\u00a0\u00a0\u00a0\u00a0\u00a0\u00a0\u00a0\u00a0\u00a0\u00a0\u00a0\u00a0\u00a0\u00a0\u00a0\u00a0\u00a0\u00a0\u00a0\u00a0\u00a0\u00a0\u00a0\u00a0\u00a0\u00a0\u00a0\u00a0\u00a0\u00a0\u00a0\u00a0\u00a0\u00a0\u00a0\u00a0\u00a0\u00a0\u00a0\u00a0\u00a0\u00a0\u00a0\u00a0\u00a0\u00a0\u00a0\u00a0\u00a0\u00a0\u00a0\u00a0\u00a0\u00a0\u00a0\u00a0\u00a0\u00a0\u00a0\u00a0\u00a0\u00a0\u00a0\u00a0\u00a0\u00a0\u00a0\u00a0\u00a0\u00a0\u00a0\u00a0\u00a0\u00a0\u00a0\u00a0\u00a0\u00a0\u00a0\u00a0\u00a0\u00a0\u00a0\u00a0\u00a0\u00a0\u00a0\u00a0\u00a0\u00a0\u00a0\u00a0\u00a0\u00a0\u00a0\u00a0\u00a0\u00a0\u00a0\u00a0\u00a0\u00a0 Renata Ol\u00e1hov\u00e1<\/div>\n<\/div>\n\n\t\t\t<style type='text\/css'>\n\t\t\t\t#sc_gallery-1 {\n\t\t\t\t\tmargin: auto;\n\t\t\t\t}\n\t\t\t\t#sc_gallery-1 .gallery-item {\n\t\t\t\t\tfloat: left;\n\t\t\t\t\ttext-align: center;\n\t\t\t\t\twidth: 24.99%;\n\t\t\t\t}\n\t\t\t\t#sc_gallery-1 img {\n\t\t\t\t\tborder: 2px solid #cfcfcf;\n\t\t\t\t}\n\t\t\t\t\/* see sc_gallery() in functions\/theme-shortcodes.php *\/\n\t\t\t<\/style>\n\t\t<div id='sc_gallery-1' class='gallery galleryid-4570 gallery-columns-4 gallery-size-thumbnail file element_classes gallery-default'><dl class='gallery-item'  data-title='pastelka18 2' data-description=''><div class='gallery-item-wrapper'>\n\t\t\t\t<dt class='gallery-icon portrait'>\n\t\t\t\t\t<a href='https:\/\/szslucnalc.sk\/wp-content\/uploads\/2018\/09\/pastelka18-2.jpeg'><img loading=\"lazy\" decoding=\"async\" width=\"150\" height=\"150\" src=\"https:\/\/szslucnalc.sk\/wp-content\/uploads\/2018\/09\/pastelka18-2-150x150.jpeg\" class=\"attachment-thumbnail size-thumbnail\" alt=\"\" srcset=\"https:\/\/szslucnalc.sk\/wp-content\/uploads\/2018\/09\/pastelka18-2-150x150.jpeg 150w, https:\/\/szslucnalc.sk\/wp-content\/uploads\/2018\/09\/pastelka18-2-85x85.jpeg 85w, https:\/\/szslucnalc.sk\/wp-content\/uploads\/2018\/09\/pastelka18-2-80x80.jpeg 80w\" sizes=\"auto, (max-width:767px) 150px, 150px\" \/><\/a>\n\t\t\t\t<\/dt><\/div><\/dl><dl class='gallery-item'  data-title='pastelka18 3' data-description=''><div class='gallery-item-wrapper'>\n\t\t\t\t<dt class='gallery-icon portrait'>\n\t\t\t\t\t<a href='https:\/\/szslucnalc.sk\/wp-content\/uploads\/2018\/09\/pastelka18-3.jpg'><img loading=\"lazy\" decoding=\"async\" width=\"150\" height=\"150\" src=\"https:\/\/szslucnalc.sk\/wp-content\/uploads\/2018\/09\/pastelka18-3-150x150.jpg\" class=\"attachment-thumbnail size-thumbnail\" alt=\"\" srcset=\"https:\/\/szslucnalc.sk\/wp-content\/uploads\/2018\/09\/pastelka18-3-150x150.jpg 150w, https:\/\/szslucnalc.sk\/wp-content\/uploads\/2018\/09\/pastelka18-3-85x85.jpg 85w, https:\/\/szslucnalc.sk\/wp-content\/uploads\/2018\/09\/pastelka18-3-80x80.jpg 80w\" sizes=\"auto, (max-width:767px) 150px, 150px\" \/><\/a>\n\t\t\t\t<\/dt><\/div><\/dl><dl class='gallery-item'  data-title='pastelka18 4' data-description=''><div class='gallery-item-wrapper'>\n\t\t\t\t<dt class='gallery-icon portrait'>\n\t\t\t\t\t<a href='https:\/\/szslucnalc.sk\/wp-content\/uploads\/2018\/09\/pastelka18-4.jpeg'><img loading=\"lazy\" decoding=\"async\" width=\"150\" height=\"150\" src=\"https:\/\/szslucnalc.sk\/wp-content\/uploads\/2018\/09\/pastelka18-4-150x150.jpeg\" class=\"attachment-thumbnail size-thumbnail\" alt=\"\" srcset=\"https:\/\/szslucnalc.sk\/wp-content\/uploads\/2018\/09\/pastelka18-4-150x150.jpeg 150w, https:\/\/szslucnalc.sk\/wp-content\/uploads\/2018\/09\/pastelka18-4-85x85.jpeg 85w, https:\/\/szslucnalc.sk\/wp-content\/uploads\/2018\/09\/pastelka18-4-80x80.jpeg 80w\" sizes=\"auto, (max-width:767px) 150px, 150px\" \/><\/a>\n\t\t\t\t<\/dt><\/div><\/dl><dl class='gallery-item'  data-title='pastelka18 5' data-description=''><div class='gallery-item-wrapper'>\n\t\t\t\t<dt class='gallery-icon portrait'>\n\t\t\t\t\t<a href='https:\/\/szslucnalc.sk\/wp-content\/uploads\/2018\/09\/pastelka18-5.jpeg'><img loading=\"lazy\" decoding=\"async\" width=\"150\" height=\"150\" src=\"https:\/\/szslucnalc.sk\/wp-content\/uploads\/2018\/09\/pastelka18-5-150x150.jpeg\" class=\"attachment-thumbnail size-thumbnail\" alt=\"\" srcset=\"https:\/\/szslucnalc.sk\/wp-content\/uploads\/2018\/09\/pastelka18-5-150x150.jpeg 150w, https:\/\/szslucnalc.sk\/wp-content\/uploads\/2018\/09\/pastelka18-5-85x85.jpeg 85w, https:\/\/szslucnalc.sk\/wp-content\/uploads\/2018\/09\/pastelka18-5-80x80.jpeg 80w\" sizes=\"auto, (max-width:767px) 150px, 150px\" \/><\/a>\n\t\t\t\t<\/dt><\/div><\/dl><br style=\"clear: both\" \/>\n\t\t\t<\/div>\n\n<p>&nbsp;<\/p>\n","protected":false},"excerpt":{"rendered":"<p>Dne&scaron;n&yacute; de&#328; bol pre n&aacute;s v&yacute;nimo&#269;n&yacute;. Ako tretiaci sme sa mohli prv&yacute;kr&aacute;t z&uacute;&#269;astni&#357; verejnej zbierky &bdquo; Biela pastelka&ldquo; na pomoc nevidiacim a&nbsp;slabozrak&yacute;m. Do tejto zbierky sa<span class=\"excerpt-hellip\"> [\u2026]<\/span><\/p>\n","protected":false},"author":2,"featured_media":4571,"comment_status":"closed","ping_status":"closed","sticky":false,"template":"","format":"image","meta":{"footnotes":""},"categories":[6],"tags":[],"class_list":["post-4570","post","type-post","status-publish","format-image","has-post-thumbnail","hentry","category-charita","post_format-post-format-image"],"aioseo_notices":[],"_links":{"self":[{"href":"https:\/\/szslucnalc.sk\/index.php?rest_route=\/wp\/v2\/posts\/4570","targetHints":{"allow":["GET"]}}],"collection":[{"href":"https:\/\/szslucnalc.sk\/index.php?rest_route=\/wp\/v2\/posts"}],"about":[{"href":"https:\/\/szslucnalc.sk\/index.php?rest_route=\/wp\/v2\/types\/post"}],"author":[{"embeddable":true,"href":"https:\/\/szslucnalc.sk\/index.php?rest_route=\/wp\/v2\/users\/2"}],"replies":[{"embeddable":true,"href":"https:\/\/szslucnalc.sk\/index.php?rest_route=%2Fwp%2Fv2%2Fcomments&post=4570"}],"version-history":[{"count":5,"href":"https:\/\/szslucnalc.sk\/index.php?rest_route=\/wp\/v2\/posts\/4570\/revisions"}],"predecessor-version":[{"id":4653,"href":"https:\/\/szslucnalc.sk\/index.php?rest_route=\/wp\/v2\/posts\/4570\/revisions\/4653"}],"wp:featuredmedia":[{"embeddable":true,"href":"https:\/\/szslucnalc.sk\/index.php?rest_route=\/wp\/v2\/media\/4571"}],"wp:attachment":[{"href":"https:\/\/szslucnalc.sk\/index.php?rest_route=%2Fwp%2Fv2%2Fmedia&parent=4570"}],"wp:term":[{"taxonomy":"category","embeddable":true,"href":"https:\/\/szslucnalc.sk\/index.php?rest_route=%2Fwp%2Fv2%2Fcategories&post=4570"},{"taxonomy":"post_tag","embeddable":true,"href":"https:\/\/szslucnalc.sk\/index.php?rest_route=%2Fwp%2Fv2%2Ftags&post=4570"}],"curies":[{"name":"wp","href":"https:\/\/api.w.org\/{rel}","templated":true}]}}