{"id":4624,"date":"2018-09-30T14:44:15","date_gmt":"2018-09-30T12:44:15","guid":{"rendered":"https:\/\/szslucnalc.sk\/?p=4624"},"modified":"2018-10-29T12:48:23","modified_gmt":"2018-10-29T11:48:23","slug":"sme-radi-ze-to-mozeme-robit","status":"publish","type":"post","link":"https:\/\/szslucnalc.sk\/?p=4624","title":{"rendered":"Sme radi, \u017ee to m\u00f4\u017eeme robi\u0165&#8230;"},"content":{"rendered":"<p>Hor\u00facim letn\u00fdm d\u0148om m\u00f4\u017eeme da\u0165 zbohom. Definit\u00edvne k n\u00e1m zav\u00edtala jese\u0148, a t\u00fdm aj upr\u0161an\u00e9 chladn\u00e9 po\u010dasie. A tak sme sa vybrali do materskej \u0161k\u00f4lky \u0160tef\u00e1nika v\u00a0Lu\u010denci, aby sme deti\u010dky nau\u010dili ako sa \u010do najlep\u0161ie \u00a0chr\u00e1ni\u0165 pred t\u00fdmto \u0161kared\u00fdm po\u010das\u00edm. Nau\u010dili sme ich ako sa spr\u00e1vne obliec\u0165, \u010do robi\u0165 ke\u010f ochorieme a ak\u00e9 ochorenia n\u00e1s m\u00f4\u017eu stretn\u00fa\u0165 v takomto po\u010das\u00ed. Boli sme naozaj prekvapen\u00ed, ak\u00e9 s\u00fa tie deti\u010dky \u0161ikovn\u00e9, a \u010do v\u0161etko vedia o\u00a0zdrav\u00ed a chorobe. Na konci od n\u00e1s dostali r\u00f4zne oma\u013eov\u00e1nky a my sme od nich odch\u00e1dzali s\u00a0\u00fasmevom a\u00a0spokojn\u00ed,\u00a0 \u017ee sme mohli na\u0161e vedomosti poda\u0165\u00a0 \u010falej a t\u00fdm sme prispeli k\u00a0roz\u0161\u00edreniu ich vedomost\u00ed d\u00f4le\u017eit\u00fdch\u00a0 pre zdravie a\u00a0prevenciu chor\u00f4b. T\u00fdmto sme od\u0161tartovali \u0161n\u00faru stretnut\u00ed, ktor\u00e9 v\u00a0r\u00e1mci Projektu ,,Dorotka a\u00a0jej priatelia\u201c v\u00a0spolupr\u00e1ci s\u00a0\u010cK v\u00a0Lu\u010denci pripravila PhDr. Drugdov\u00e1.\u00a0 Tak\u017ee o\u00a0n\u00e1s e\u0161te budete po\u010du\u0165 &#8230;<\/p>\n<p>Annam\u00e1ria M. 2. B<\/p>\n","protected":false},"excerpt":{"rendered":"<p>Hor&uacute;cim letn&yacute;m d&#328;om m&ocirc;&#382;eme da&#357; zbohom. Definit&iacute;vne k n&aacute;m zav&iacute;tala jese&#328;, a t&yacute;m aj upr&scaron;an&eacute; chladn&eacute; po&#269;asie. A tak sme sa vybrali do materskej &scaron;k&ocirc;lky &Scaron;tef&aacute;nika<span class=\"excerpt-hellip\"> [\u2026]<\/span><\/p>\n","protected":false},"author":2,"featured_media":4636,"comment_status":"closed","ping_status":"closed","sticky":false,"template":"","format":"image","meta":{"footnotes":""},"categories":[6],"tags":[],"class_list":["post-4624","post","type-post","status-publish","format-image","has-post-thumbnail","hentry","category-charita","post_format-post-format-image"],"aioseo_notices":[],"_links":{"self":[{"href":"https:\/\/szslucnalc.sk\/index.php?rest_route=\/wp\/v2\/posts\/4624","targetHints":{"allow":["GET"]}}],"collection":[{"href":"https:\/\/szslucnalc.sk\/index.php?rest_route=\/wp\/v2\/posts"}],"about":[{"href":"https:\/\/szslucnalc.sk\/index.php?rest_route=\/wp\/v2\/types\/post"}],"author":[{"embeddable":true,"href":"https:\/\/szslucnalc.sk\/index.php?rest_route=\/wp\/v2\/users\/2"}],"replies":[{"embeddable":true,"href":"https:\/\/szslucnalc.sk\/index.php?rest_route=%2Fwp%2Fv2%2Fcomments&post=4624"}],"version-history":[{"count":1,"href":"https:\/\/szslucnalc.sk\/index.php?rest_route=\/wp\/v2\/posts\/4624\/revisions"}],"predecessor-version":[{"id":4626,"href":"https:\/\/szslucnalc.sk\/index.php?rest_route=\/wp\/v2\/posts\/4624\/revisions\/4626"}],"wp:featuredmedia":[{"embeddable":true,"href":"https:\/\/szslucnalc.sk\/index.php?rest_route=\/wp\/v2\/media\/4636"}],"wp:attachment":[{"href":"https:\/\/szslucnalc.sk\/index.php?rest_route=%2Fwp%2Fv2%2Fmedia&parent=4624"}],"wp:term":[{"taxonomy":"category","embeddable":true,"href":"https:\/\/szslucnalc.sk\/index.php?rest_route=%2Fwp%2Fv2%2Fcategories&post=4624"},{"taxonomy":"post_tag","embeddable":true,"href":"https:\/\/szslucnalc.sk\/index.php?rest_route=%2Fwp%2Fv2%2Ftags&post=4624"}],"curies":[{"name":"wp","href":"https:\/\/api.w.org\/{rel}","templated":true}]}}