{"id":469,"date":"2017-02-19T22:18:41","date_gmt":"2017-02-19T21:18:41","guid":{"rendered":"https:\/\/szslucnalc.sk\/?p=469"},"modified":"2017-04-19T15:03:42","modified_gmt":"2017-04-19T13:03:42","slug":"lyziarsky-vycvik","status":"publish","type":"post","link":"https:\/\/szslucnalc.sk\/?p=469","title":{"rendered":"Ly\u017eiarsky v\u00fdcvik (video)"},"content":{"rendered":"<p>To\u013eko slnka si asi treba zasl\u00fa\u017ei\u0165, alebo vymodli\u0165. Neviem \u010di to celkom na n\u00e1s sed\u00ed, ka\u017edop\u00e1dne cel\u00fd t\u00fd\u017ede\u0148 sme mali prekr\u00e1sne po\u010dasie a to sa v Tatr\u00e1ch bohvieako \u010dasto nevid\u00ed. A asi to s t\u00fdm slnie\u010dkom s\u00faviselo ale cel\u00fd ly\u017eiarsky bol super. Doprava &#8211; fajn, ubytovanie &#8211; fajn, strava &#8211; fajn, in\u0161truktori &#8211; fajn a z prv\u00e1kov sa stali fajn ly\u017eiari. Proste nemalo to chybu, \u0161koda \u017ee sme nemohli v Detskom raji osta\u0165 e\u0161te t\u00fd\u017ede\u0148.<\/p>\n<p>V\u00e4\u010d\u0161ina z n\u00e1s st\u00e1la na ly\u017eiach prv\u00fd kr\u00e1t a tak to bolo ve\u013emi \u0165a\u017ek\u00e9 a unavuj\u00face. Hne\u010f na za\u010diatku sme boli rozdelen\u00ed do \u0161tyroch skup\u00edn pod\u013ea schopnost\u00ed. Prv\u00e1 skupina si to ly\u017eiarsky u\u017e\u00edvala naplno od prv\u00e9ho d\u0148a, zatia\u013e \u010do ostatn\u00e9 sa usilovne sna\u017eili udr\u017ea\u0165 v stoji na t\u00fdch \u00fazkych drievkach napriek zemskej pr\u00ed\u0165a\u017elivosti. No v\u010faka na\u0161im \u00fa\u017easn\u00fdm profesorom (Skrutek, Sekulov\u00e1, Nagy, \u0160kor\u0148ov\u00e1, Sekula),\u00a0 ktor\u00ed mali s nami strpenie a pevn\u00e9 nervy, sme sa v\u0161etci postupne dostali na vlek. A\u00a0to pred t\u00fdm sme sa ka\u017ed\u00fd po prv\u00fdkr\u00e1t dostali na lanovku.\u00a0 Boli sme z toho nad\u0161en\u00ed a\u00a0tie\u017e profesori mali ve\u013ek\u00fa rados\u0165, \u017ee sme to zvl\u00e1dli. Aj ke\u010f na svahu to bolo n\u00e1ro\u010dn\u00e9, v\u00fdcvik n\u00e1m spr\u00edjemnili pekn\u00e9 z\u00e1\u017eitky na ubytovni. Mali sme ve\u013ea aktiv\u00edt, hier, ka\u017edodenn\u00fdch b\u00e1sni\u010diek, aj tanca, nekone\u010dn\u00fdch rozhovorov, prech\u00e1dzok (aj na Hrebienok) a hlavne kopec srandy.\u00a0 Na tento ly\u017eiarsky budeme v\u0161etci dlho spom\u00edna\u0165. Bolo n\u00e1m kr\u00e1sne a p\u00e1\u010di sa mi, \u017ee sme sa so svojimi spolu\u017eiakmi a profesormi viac spoznali a zbl\u00ed\u017eili. Boli tam aj okamihy, ke\u010f sme nevl\u00e1dali, ke\u010f sme chceli \u00eds\u0165 domov, najm\u00e4 si v\u00a0k\u013eude pospa\u0165, ale aj tak v\u00e1m\u00a0 \u010fakujem za v\u0161etko &#8211; moj\u00edm spolu\u017eiakom. D\u00fafam, \u017ee budeme spolu za\u017e\u00edva\u0165 e\u0161te ve\u013ea spolo\u010dn\u00fdch akci\u00ed a\u00a0\u017ee na\u0161e vz\u0165ahy bud\u00fa na\u010falej tak\u00e9 dobr\u00e9 ako s\u00fa.<\/p>\n<p>E. S.<\/p>\n<h2><\/h2>\n","protected":false},"excerpt":{"rendered":"<p>To&#318;ko slnka si asi treba zasl&uacute;&#382;i&#357;, alebo vymodli&#357;. Neviem &#269;i to celkom na n&aacute;s sed&iacute;, ka&#382;dop&aacute;dne cel&yacute; t&yacute;&#382;de&#328; sme mali prekr&aacute;sne po&#269;asie a to sa v<span class=\"excerpt-hellip\"> [\u2026]<\/span><\/p>\n","protected":false},"author":2,"featured_media":472,"comment_status":"closed","ping_status":"closed","sticky":false,"template":"","format":"image","meta":{"footnotes":""},"categories":[4],"tags":[],"class_list":["post-469","post","type-post","status-publish","format-image","has-post-thumbnail","hentry","category-sport","post_format-post-format-image"],"aioseo_notices":[],"_links":{"self":[{"href":"https:\/\/szslucnalc.sk\/index.php?rest_route=\/wp\/v2\/posts\/469","targetHints":{"allow":["GET"]}}],"collection":[{"href":"https:\/\/szslucnalc.sk\/index.php?rest_route=\/wp\/v2\/posts"}],"about":[{"href":"https:\/\/szslucnalc.sk\/index.php?rest_route=\/wp\/v2\/types\/post"}],"author":[{"embeddable":true,"href":"https:\/\/szslucnalc.sk\/index.php?rest_route=\/wp\/v2\/users\/2"}],"replies":[{"embeddable":true,"href":"https:\/\/szslucnalc.sk\/index.php?rest_route=%2Fwp%2Fv2%2Fcomments&post=469"}],"version-history":[{"count":23,"href":"https:\/\/szslucnalc.sk\/index.php?rest_route=\/wp\/v2\/posts\/469\/revisions"}],"predecessor-version":[{"id":624,"href":"https:\/\/szslucnalc.sk\/index.php?rest_route=\/wp\/v2\/posts\/469\/revisions\/624"}],"wp:featuredmedia":[{"embeddable":true,"href":"https:\/\/szslucnalc.sk\/index.php?rest_route=\/wp\/v2\/media\/472"}],"wp:attachment":[{"href":"https:\/\/szslucnalc.sk\/index.php?rest_route=%2Fwp%2Fv2%2Fmedia&parent=469"}],"wp:term":[{"taxonomy":"category","embeddable":true,"href":"https:\/\/szslucnalc.sk\/index.php?rest_route=%2Fwp%2Fv2%2Fcategories&post=469"},{"taxonomy":"post_tag","embeddable":true,"href":"https:\/\/szslucnalc.sk\/index.php?rest_route=%2Fwp%2Fv2%2Ftags&post=469"}],"curies":[{"name":"wp","href":"https:\/\/api.w.org\/{rel}","templated":true}]}}