{"id":4745,"date":"2018-10-10T06:04:05","date_gmt":"2018-10-10T04:04:05","guid":{"rendered":"https:\/\/szslucnalc.sk\/?p=4745"},"modified":"2018-10-29T12:50:47","modified_gmt":"2018-10-29T11:50:47","slug":"nezna-nezabudka","status":"publish","type":"post","link":"https:\/\/szslucnalc.sk\/?p=4745","title":{"rendered":"Ne\u017en\u00e1 nez\u00e1budka&#8230;"},"content":{"rendered":"<p>&#8230; modr\u00fd kvietok, symbol du\u0161evn\u00e9ho zdravia, ktor\u00fdm sa zaober\u00e1 na Slovensku Liga za du\u0161evn\u00e9 zdravie. Jednou z\u00a0jej aktiv\u00edt u\u017e 17 rokov je aj informa\u010dn\u00e1 kampa\u0148 spojen\u00e1 s\u00a0celon\u00e1rodnou zbierkou. T\u00e1to kampa\u0148 upozor\u0148uje na problematiku zdravia,\u00a0 d\u00f4stojnosti v\u00a0zdrav\u00ed a\u00a0v\u00a0chorobe, a taktie\u017e sa sna\u017e\u00ed o\u00a0zmenu postoja slovenskej verejnosti k\u00a0du\u0161evn\u00e9mu zdraviu. S\u00a0t\u00fdmito my\u0161lienkami sa vybrali do ul\u00edc \u017eiaci na\u0161ej \u0161koly v\u00a0d\u0148och 3. 10. 2018 \u2013 5. 10.2018. Ka\u017edoro\u010dne zbierku dni nez\u00e1budiek podporuje viac \u013eud\u00ed. Pr\u00edspevok je dobrovo\u013en\u00fd a\u00a0ka\u017ed\u00fd, kto prispel, dostal kvietok &#8211; mal\u00fa modr\u00fa nez\u00e1budku, znak toho, \u017ee podporil Ligu za du\u0161evn\u00e9 zdravie. V\u00fd\u0165a\u017eok z\u00a0kampane sa n\u00e1sledne pou\u017eije na podporu rozvoja siete starostlivosti o\u00a0\u013eud\u00ed s\u00a0du\u0161evn\u00fdmi chorobami, na budovanie chr\u00e1nen\u00fdch dieln\u00ed,\u00a0 chr\u00e1nen\u00e9ho b\u00fdvania na podporu soci\u00e1lnej inkl\u00fazie, na podporu programov vzdel\u00e1vania a\u00a0osvety verejnosti v\u00a0ot\u00e1zkach du\u0161evn\u00e9ho zdravia. Aj na\u0161i \u017eiaci \u2013 menovite z\u00a03. ro\u010dn\u00edka B. Magicov\u00e1, E. Sekulov\u00e1, N. K\u00f3mar, S.J. Py\u0161kin, A. Sabo\u00f3v\u00e1, S. Sz\u00e9le\u0161ov\u00e1 a\u00a0zo 4. ro\u010dn\u00edka N. Miku\u0161ov\u00e1, L. Mlyn\u00e1rikov\u00e1, I. Ill\u00e9\u0161, A. Hari\u0161. L. Plichtov\u00e1, D. Murin\u010dekov\u00e1, J. Imreceov\u00e1, L. Bargel svojou aktivitou v\u00a0uliciach mesta Lu\u010denec celkov\u00fdm v\u00fd\u0165a\u017ekom 493,09 \u20ac dopomohli k\u00a0realiz\u00e1cii cie\u013eov Ligy za du\u0161evn\u00e9 zdravie.<\/p>\n<p>V\u0161etk\u00fdm z\u00fa\u010dastnen\u00fdm \u010fakujeme&#8230;<\/p>\n<p style=\"text-align: right;\">M. Sekulov\u00e1<\/p>\n","protected":false},"excerpt":{"rendered":"<p>&hellip; modr&yacute; kvietok, symbol du&scaron;evn&eacute;ho zdravia, ktor&yacute;m sa zaober&aacute; na Slovensku Liga za du&scaron;evn&eacute; zdravie. Jednou z&nbsp;jej aktiv&iacute;t u&#382; 17 rokov je aj informa&#269;n&aacute; kampa&#328; spojen&aacute;<span class=\"excerpt-hellip\"> [\u2026]<\/span><\/p>\n","protected":false},"author":2,"featured_media":4746,"comment_status":"closed","ping_status":"closed","sticky":false,"template":"","format":"image","meta":{"footnotes":""},"categories":[6],"tags":[],"class_list":["post-4745","post","type-post","status-publish","format-image","has-post-thumbnail","hentry","category-charita","post_format-post-format-image"],"aioseo_notices":[],"_links":{"self":[{"href":"https:\/\/szslucnalc.sk\/index.php?rest_route=\/wp\/v2\/posts\/4745","targetHints":{"allow":["GET"]}}],"collection":[{"href":"https:\/\/szslucnalc.sk\/index.php?rest_route=\/wp\/v2\/posts"}],"about":[{"href":"https:\/\/szslucnalc.sk\/index.php?rest_route=\/wp\/v2\/types\/post"}],"author":[{"embeddable":true,"href":"https:\/\/szslucnalc.sk\/index.php?rest_route=\/wp\/v2\/users\/2"}],"replies":[{"embeddable":true,"href":"https:\/\/szslucnalc.sk\/index.php?rest_route=%2Fwp%2Fv2%2Fcomments&post=4745"}],"version-history":[{"count":1,"href":"https:\/\/szslucnalc.sk\/index.php?rest_route=\/wp\/v2\/posts\/4745\/revisions"}],"predecessor-version":[{"id":4747,"href":"https:\/\/szslucnalc.sk\/index.php?rest_route=\/wp\/v2\/posts\/4745\/revisions\/4747"}],"wp:featuredmedia":[{"embeddable":true,"href":"https:\/\/szslucnalc.sk\/index.php?rest_route=\/wp\/v2\/media\/4746"}],"wp:attachment":[{"href":"https:\/\/szslucnalc.sk\/index.php?rest_route=%2Fwp%2Fv2%2Fmedia&parent=4745"}],"wp:term":[{"taxonomy":"category","embeddable":true,"href":"https:\/\/szslucnalc.sk\/index.php?rest_route=%2Fwp%2Fv2%2Fcategories&post=4745"},{"taxonomy":"post_tag","embeddable":true,"href":"https:\/\/szslucnalc.sk\/index.php?rest_route=%2Fwp%2Fv2%2Ftags&post=4745"}],"curies":[{"name":"wp","href":"https:\/\/api.w.org\/{rel}","templated":true}]}}