{"id":5083,"date":"2018-10-19T08:49:51","date_gmt":"2018-10-19T06:49:51","guid":{"rendered":"https:\/\/szslucnalc.sk\/?p=5083"},"modified":"2018-10-19T09:13:25","modified_gmt":"2018-10-19T07:13:25","slug":"srdcervuce-listy","status":"publish","type":"post","link":"https:\/\/szslucnalc.sk\/?p=5083","title":{"rendered":"Srdcerv\u00face  listy"},"content":{"rendered":"<p>Vo \u0161tvrtok, 17.10. mali \u0161tudenti druh\u00fdch a \u0161tvrt\u00fdch ro\u010dn\u00edkov t\u00fa \u010des\u0165 z\u00fa\u010dastni\u0165 sa besedy s n\u00e1zvom \u013eudia p\u00ed\u0161u Tisovi&#8230;o \u017eidovskej ot\u00e1zke, ktor\u00fa\u00a0 predn\u00e1\u0161ali\u00a0 odborn\u00edci zaoberaj\u00faci sa touto problematikou.\u00a0 Hos\u0165ami boli historik Ivan Kamenec, spisovate\u013e a publicista Peter Ju\u0161\u010d\u00e1k, publicistka So\u0148a Gyarf\u00e1\u0161ov\u00e1 a \u00a0americk\u00e1 v\u00fdskumn\u00ed\u010dka Madeline Vadkerty. T\u00e9ma bola zameran\u00e1 na \u017eivot \u017eidov po\u010das 2. svetovej vojny, o ich vyhladzovan\u00ed a obmedzovan\u00ed s\u00fakromn\u00e9ho \u017eivota. Pani Madeline \u00a0n\u00e1m pribl\u00ed\u017eila svoj v\u00fdskum o nap\u00edsan\u00fdch listoch od \u017eidov, a aj ne\u017eidov \u00a0adresovan\u00fdch do prezidentskej kancel\u00e1rie Jozefa Tisa, z ktor\u00fdch p\u00e1tra po osudoch ich pisate\u013eov. S\u00fa to drobn\u00e9 pr\u00edbehy \u013eudsk\u00fdch \u017eivotov, ktor\u00e9 dok\u00e1\u017eu svojou \u013eudskos\u0165ou nesmierne doja\u0165. Pre\u010d\u00edtala n\u00e1m nieko\u013eko srdcerv\u00facich\u00a0 listov, ktor\u00e9 n\u00e1m pribl\u00ed\u017eili situ\u00e1cie osudov bezmocn\u00fdch \u013eud\u00ed po\u010das druhej svetovej vojny.\u00a0 Mnoh\u00ed sme si uvedomili z tejto predn\u00e1\u0161ky, ako sa mus\u00ed zle c\u00edti\u0165 diskriminovan\u00fd \u010dlovek a m\u00f4\u017eeme by\u0165 v\u010fa\u010dn\u00ed, \u017ee \u017eijeme v slobodnej krajine.<\/p>\n","protected":false},"excerpt":{"rendered":"<p>Vo &scaron;tvrtok, 17.10. mali &scaron;tudenti druh&yacute;ch a &scaron;tvrt&yacute;ch ro&#269;n&iacute;kov t&uacute; &#269;es&#357; z&uacute;&#269;astni&#357; sa besedy s n&aacute;zvom &#318;udia p&iacute;&scaron;u Tisovi&hellip;o &#382;idovskej ot&aacute;zke, ktor&uacute;&nbsp; predn&aacute;&scaron;ali&nbsp; odborn&iacute;ci zaoberaj&uacute;ci sa<span class=\"excerpt-hellip\"> [\u2026]<\/span><\/p>\n","protected":false},"author":2,"featured_media":5084,"comment_status":"closed","ping_status":"closed","sticky":false,"template":"","format":"image","meta":{"footnotes":""},"categories":[8],"tags":[],"class_list":["post-5083","post","type-post","status-publish","format-image","has-post-thumbnail","hentry","category-ine","post_format-post-format-image"],"aioseo_notices":[],"_links":{"self":[{"href":"https:\/\/szslucnalc.sk\/index.php?rest_route=\/wp\/v2\/posts\/5083","targetHints":{"allow":["GET"]}}],"collection":[{"href":"https:\/\/szslucnalc.sk\/index.php?rest_route=\/wp\/v2\/posts"}],"about":[{"href":"https:\/\/szslucnalc.sk\/index.php?rest_route=\/wp\/v2\/types\/post"}],"author":[{"embeddable":true,"href":"https:\/\/szslucnalc.sk\/index.php?rest_route=\/wp\/v2\/users\/2"}],"replies":[{"embeddable":true,"href":"https:\/\/szslucnalc.sk\/index.php?rest_route=%2Fwp%2Fv2%2Fcomments&post=5083"}],"version-history":[{"count":3,"href":"https:\/\/szslucnalc.sk\/index.php?rest_route=\/wp\/v2\/posts\/5083\/revisions"}],"predecessor-version":[{"id":5090,"href":"https:\/\/szslucnalc.sk\/index.php?rest_route=\/wp\/v2\/posts\/5083\/revisions\/5090"}],"wp:featuredmedia":[{"embeddable":true,"href":"https:\/\/szslucnalc.sk\/index.php?rest_route=\/wp\/v2\/media\/5084"}],"wp:attachment":[{"href":"https:\/\/szslucnalc.sk\/index.php?rest_route=%2Fwp%2Fv2%2Fmedia&parent=5083"}],"wp:term":[{"taxonomy":"category","embeddable":true,"href":"https:\/\/szslucnalc.sk\/index.php?rest_route=%2Fwp%2Fv2%2Fcategories&post=5083"},{"taxonomy":"post_tag","embeddable":true,"href":"https:\/\/szslucnalc.sk\/index.php?rest_route=%2Fwp%2Fv2%2Ftags&post=5083"}],"curies":[{"name":"wp","href":"https:\/\/api.w.org\/{rel}","templated":true}]}}