{"id":5173,"date":"2018-10-29T08:14:09","date_gmt":"2018-10-29T07:14:09","guid":{"rendered":"https:\/\/szslucnalc.sk\/?p=5173"},"modified":"2018-10-29T12:40:17","modified_gmt":"2018-10-29T11:40:17","slug":"danski-studenti-ukoncili-u-nas-svoju-zahranicnu-staz","status":"publish","type":"post","link":"https:\/\/szslucnalc.sk\/?p=5173","title":{"rendered":"D\u00e1nski \u0161tudenti ukon\u010dili u n\u00e1s svoju zahrani\u010dn\u00fa st\u00e1\u017e."},"content":{"rendered":"<p>Minul\u00fd t\u00fd\u017ede\u0148 ukon\u010dili mesa\u010dn\u00fa st\u00e1\u017e na Slovensku d\u00e1nski \u0161tudenti Frederik Larsen a\u00a0Graziella Briguglio. Niektor\u00ed z\u00a0v\u00e1s sa s\u00a0nimi mali mo\u017enos\u0165 stretn\u00fa\u0165 aj viackr\u00e1t, a\u00a0to nielen po\u010das praktick\u00e9ho v\u00fdcviku v\u00a0domove soci\u00e1lnych slu\u017eieb Bet\u00e1nia v\u00a0Kalinove, ale aj mimo neho v\u00a0uliciach Lu\u010denca, pr\u00edpadne v\u00a0mestskom parku.<\/p>\n<p>V piatok sa rozl\u00fa\u010dili s\u00a0klientmi Bet\u00e1nie, jej riadite\u013eom a\u00a0zamestnancami. Pod\u013ea bezprostredn\u00fdch, priate\u013esk\u00fdch reakci\u00ed a mno\u017estva \u00fasmevn\u00fdch situ\u00e1ci\u00ed s\u00fadime, \u017ee D\u00e1nom sa so slovensk\u00fdmi seniormi pracovalo dobre. Napokon, aj sami to potvrdili. V\u00a0Lu\u010denci sa im p\u00e1\u010dilo, boli sme na ak\u010dnom filme v\u00a0kine na n\u00e1mest\u00ed, ok\u00fasili riadnu slovensk\u00fa stravu v\u00a0re\u0161taur\u00e1cii v\u00a0O\u017e\u010fanoch a\u00a0vybrali sme sa aj na t\u00faru. Kto z\u00a0v\u00e1s m\u00e1 r\u00e1d turistiku a e\u0161te nevidel kr\u00e1sne pozostatky hradu \u0160omo\u0161ka a\u00a0\u010dadi\u010dov\u00fd kamenn\u00fd \u201evodop\u00e1d\u201c, napl\u00e1nujte si t\u00fato nen\u00e1ro\u010dn\u00fa trasu.<\/p>\n<p>Nav\u0161t\u00edvili aj na\u0161u \u0161kolu, prezreli si hlavn\u00fa budovu a\u00a0nazreli aj do budovy B, kde im jazykovo zdatn\u00ed druh\u00e1ci tlmo\u010dili v\u0161etko, \u010do bolo treba a rozl\u00fa\u010dili sa s\u00a0nami, ako sa patr\u00ed \u2013 p\u00e1n riadite\u013e im v\u00a0mene \u0161koly venoval p\u00e1r spomienkov\u00fdch predmetov, ktor\u00e9 im pripomen\u00fa chv\u00edle str\u00e1ven\u00e9 na Slovensku.<\/p>\n<p>\u0160tudenti z\u00a0D\u00e1nska k\u00a0n\u00e1m prich\u00e1dzaj\u00fa v\u00a0r\u00e1mci programu Eur\u00f3pskej Komisie Erasmus+ dvakr\u00e1t do roka a\u00a0chceli by sme v\u00e1m, mil\u00ed \u017eiaci, pripomen\u00fa\u0165, \u017ee v\u0161etci ovl\u00e1daj\u00fa anglick\u00fd jazyk, a\u00a0stretnutie s\u00a0nimi v\u00e1s m\u00f4\u017ee obohati\u0165 aspo\u0148 po tej jazykovej str\u00e1nke. Nebojte sa dorozumieva\u0165 v\u00a0inom jazyku a\u00a0nenechajte sa odradi\u0165 d\u00f4vodmi typu \u201eja to neviem\u201c a \u201enec\u00edtim sa na to\u201c. Okrem toho, \u017ee spozn\u00e1te sympatick\u00fdch \u013eud\u00ed, m\u00f4\u017eete sa od nich kade\u010do dozvedie\u0165.<\/p>\n<p>Frederikovi a\u00a0Grazielle prajeme ve\u013ea \u00faspechov.<\/p>\n<p>Have a\u00a0safe flight back home.<\/p>\n","protected":false},"excerpt":{"rendered":"<p>Minul&yacute; t&yacute;&#382;de&#328; ukon&#269;ili mesa&#269;n&uacute; st&aacute;&#382; na Slovensku d&aacute;nski &scaron;tudenti Frederik Larsen a&nbsp;Graziella Briguglio. Niektor&iacute; z&nbsp;v&aacute;s sa s&nbsp;nimi mali mo&#382;nos&#357; stretn&uacute;&#357; aj viackr&aacute;t, a&nbsp;to nielen po&#269;as praktick&eacute;ho<span class=\"excerpt-hellip\"> [\u2026]<\/span><\/p>\n","protected":false},"author":2,"featured_media":5177,"comment_status":"closed","ping_status":"closed","sticky":false,"template":"","format":"image","meta":{"footnotes":""},"categories":[5],"tags":[],"class_list":["post-5173","post","type-post","status-publish","format-image","has-post-thumbnail","hentry","category-zahranicne","post_format-post-format-image"],"aioseo_notices":[],"_links":{"self":[{"href":"https:\/\/szslucnalc.sk\/index.php?rest_route=\/wp\/v2\/posts\/5173","targetHints":{"allow":["GET"]}}],"collection":[{"href":"https:\/\/szslucnalc.sk\/index.php?rest_route=\/wp\/v2\/posts"}],"about":[{"href":"https:\/\/szslucnalc.sk\/index.php?rest_route=\/wp\/v2\/types\/post"}],"author":[{"embeddable":true,"href":"https:\/\/szslucnalc.sk\/index.php?rest_route=\/wp\/v2\/users\/2"}],"replies":[{"embeddable":true,"href":"https:\/\/szslucnalc.sk\/index.php?rest_route=%2Fwp%2Fv2%2Fcomments&post=5173"}],"version-history":[{"count":1,"href":"https:\/\/szslucnalc.sk\/index.php?rest_route=\/wp\/v2\/posts\/5173\/revisions"}],"predecessor-version":[{"id":5174,"href":"https:\/\/szslucnalc.sk\/index.php?rest_route=\/wp\/v2\/posts\/5173\/revisions\/5174"}],"wp:featuredmedia":[{"embeddable":true,"href":"https:\/\/szslucnalc.sk\/index.php?rest_route=\/wp\/v2\/media\/5177"}],"wp:attachment":[{"href":"https:\/\/szslucnalc.sk\/index.php?rest_route=%2Fwp%2Fv2%2Fmedia&parent=5173"}],"wp:term":[{"taxonomy":"category","embeddable":true,"href":"https:\/\/szslucnalc.sk\/index.php?rest_route=%2Fwp%2Fv2%2Fcategories&post=5173"},{"taxonomy":"post_tag","embeddable":true,"href":"https:\/\/szslucnalc.sk\/index.php?rest_route=%2Fwp%2Fv2%2Ftags&post=5173"}],"curies":[{"name":"wp","href":"https:\/\/api.w.org\/{rel}","templated":true}]}}