{"id":5265,"date":"2018-11-07T23:24:55","date_gmt":"2018-11-07T22:24:55","guid":{"rendered":"https:\/\/szslucnalc.sk\/?p=5265"},"modified":"2018-11-19T07:39:09","modified_gmt":"2018-11-19T06:39:09","slug":"maly-atlas-obvazovych-technik","status":"publish","type":"post","link":"https:\/\/szslucnalc.sk\/?p=5265","title":{"rendered":"Mal\u00fd atlas obv\u00e4zov\u00fdch techn\u00edk (foto + video)"},"content":{"rendered":"<p>Nebudeme tu p\u00edsa\u0165 o\u00a0knihe, ale o\u00a0ka\u017edoro\u010dnej s\u00fa\u0165a\u017ei v\u00a0obv\u00e4zovej technike, ktor\u00e1 sa kon\u00e1 na na\u0161ej \u0161kole. Tento rok to bolo 6.novembra 2018 v\u00a0r\u00e1mci Eur\u00f3pskeho t\u00fd\u017ed\u0148a odborn\u00fdch zru\u010dnost\u00ed. Svoj talent, \u0161ikovnos\u0165, vedomosti a\u00a0hlavne praktick\u00e9 zru\u010dnosti zo znalost\u00ed z obv\u00e4zovej techniky si mali mo\u017enos\u0165 otestova\u0165 \u017eiaci prv\u00e9ho ro\u010dn\u00edka. Vybran\u00ed \u017eiaci vytvorili \u0161es\u0165 s\u00fa\u0165a\u017en\u00fdch dru\u017estiev. V\u00a0ka\u017edom dru\u017estve boli dvaja s\u00fa\u0165a\u017eiaci, ktor\u00ed si vy\u017erebovali konkr\u00e9tne \u00falohy a \u00a0museli ich vyrie\u0161i\u0165. S\u00faperilo sa v\u00a0priate\u013eskej atmosf\u00e9re. Napriek tomu s\u00fa\u0165a\u017e svoj\u00edm nap\u00e4t\u00edm a\u00a0vz\u00e1jomnou konkurenciou bola tak dramatick\u00e1, \u017ee zanech\u00e1vala na \u00fa\u010dastn\u00edkoch aj ,,trval\u00e9 n\u00e1sledky\u201d -t.j. zapam\u00e4tanie ch\u00fdb. Prv\u00e1cke origin\u00e1lne a\u00a0nadpriemern\u00e9 v\u00fdkony s\u00fa\u0165a\u017eiacich\u00a0 nie s\u00fa bohato ilustrovan\u00e9 v\u00a0\u017eiadnej knihe, ale na fotografi\u00e1ch a\u00a0zachyten\u00e9 na videu. Tak po\u010fme si zaspom\u00edna\u0165.<\/p>\n","protected":false},"excerpt":{"rendered":"<p>Nebudeme tu p&iacute;sa&#357; o&nbsp;knihe, ale o&nbsp;ka&#382;doro&#269;nej s&uacute;&#357;a&#382;i v&nbsp;obv&auml;zovej technike, ktor&aacute; sa kon&aacute; na na&scaron;ej &scaron;kole. Tento rok to bolo 6.novembra 2018 v&nbsp;r&aacute;mci Eur&oacute;pskeho t&yacute;&#382;d&#328;a odborn&yacute;ch zru&#269;nost&iacute;.<span class=\"excerpt-hellip\"> [\u2026]<\/span><\/p>\n","protected":false},"author":2,"featured_media":5266,"comment_status":"closed","ping_status":"closed","sticky":false,"template":"","format":"image","meta":{"footnotes":""},"categories":[7],"tags":[],"class_list":["post-5265","post","type-post","status-publish","format-image","has-post-thumbnail","hentry","category-profesia","post_format-post-format-image"],"aioseo_notices":[],"_links":{"self":[{"href":"https:\/\/szslucnalc.sk\/index.php?rest_route=\/wp\/v2\/posts\/5265","targetHints":{"allow":["GET"]}}],"collection":[{"href":"https:\/\/szslucnalc.sk\/index.php?rest_route=\/wp\/v2\/posts"}],"about":[{"href":"https:\/\/szslucnalc.sk\/index.php?rest_route=\/wp\/v2\/types\/post"}],"author":[{"embeddable":true,"href":"https:\/\/szslucnalc.sk\/index.php?rest_route=\/wp\/v2\/users\/2"}],"replies":[{"embeddable":true,"href":"https:\/\/szslucnalc.sk\/index.php?rest_route=%2Fwp%2Fv2%2Fcomments&post=5265"}],"version-history":[{"count":2,"href":"https:\/\/szslucnalc.sk\/index.php?rest_route=\/wp\/v2\/posts\/5265\/revisions"}],"predecessor-version":[{"id":5269,"href":"https:\/\/szslucnalc.sk\/index.php?rest_route=\/wp\/v2\/posts\/5265\/revisions\/5269"}],"wp:featuredmedia":[{"embeddable":true,"href":"https:\/\/szslucnalc.sk\/index.php?rest_route=\/wp\/v2\/media\/5266"}],"wp:attachment":[{"href":"https:\/\/szslucnalc.sk\/index.php?rest_route=%2Fwp%2Fv2%2Fmedia&parent=5265"}],"wp:term":[{"taxonomy":"category","embeddable":true,"href":"https:\/\/szslucnalc.sk\/index.php?rest_route=%2Fwp%2Fv2%2Fcategories&post=5265"},{"taxonomy":"post_tag","embeddable":true,"href":"https:\/\/szslucnalc.sk\/index.php?rest_route=%2Fwp%2Fv2%2Ftags&post=5265"}],"curies":[{"name":"wp","href":"https:\/\/api.w.org\/{rel}","templated":true}]}}