{"id":5367,"date":"2018-11-18T19:52:11","date_gmt":"2018-11-18T18:52:11","guid":{"rendered":"https:\/\/szslucnalc.sk\/?p=5367"},"modified":"2018-11-18T19:52:11","modified_gmt":"2018-11-18T18:52:11","slug":"svetovy-den-diabetu-2018-je-zamerany-na-rodinu","status":"publish","type":"post","link":"https:\/\/szslucnalc.sk\/?p=5367","title":{"rendered":"Svetov\u00fd de\u0148 diabetu 2018 je zameran\u00fd na rodinu"},"content":{"rendered":"<p>S\u00a0t\u00fdmto n\u00e1zvom sa niesla akcia, ktor\u00fa vyhlasuje Svetov\u00e1 feder\u00e1cia diabetu (IDF) v\u00a0spolupr\u00e1ci so Svetovou zdravotn\u00edckou organiz\u00e1ciou. Svetov\u00fd de\u0148 diabetu sa pripom\u00edna od roku 1991, ako reakcia na rap\u00eddne st\u00fapaj\u00faci v\u00fdskyt cukrovky v\u00a0svetovom meradle.<\/p>\n<p>Cie\u013eom tohtoro\u010dn\u00e9ho d\u0148a je podpori\u0165 \u00falohu rodiny v\u00a0mana\u017emente, starostlivosti, prevencii a\u00a0vzdel\u00e1van\u00ed.<\/p>\n<p>Cukrovka patr\u00ed medzi z\u00e1va\u017en\u00e9 chronick\u00e9 ochorenia, ktor\u00e9 sa v d\u00f4sledku ak\u00fatnych a\u00a0chronick\u00fdch komplik\u00e1cii \u00a0v\u00fdraznou mierou podie\u013eaj\u00fa \u00a0na chorobnosti, invalidite aj \u00famrtnosti. Pod\u013ea \u0161tatistick\u00fdch \u00fadajov z\u00a0N\u00e1rodn\u00e9ho centra zdravotn\u00edckych inform\u00e1ci\u00ed SR ka\u017edoro\u010dne pribudne viac ako 22 000 nov\u00fdch diabetikov.<\/p>\n<p>Tento de\u0148 sme si pripomenuli aj my. V\u00a0t\u00fd\u017edni od 12. \u2013 16. novembra v\u00a0spolupr\u00e1ci s\u00a0lek\u00e1r\u0148ami MAX \u00a0v\u00a0meste Lu\u010denec a\u00a0Ve\u013ek\u00fd Krt\u00ed\u0161 sme merali\u00a0 hladinu cukru v\u00a0krvi, a\u00a0odpovedali na ot\u00e1zky, zameran\u00e9 na zdrav\u00fd \u017eivotn\u00fd \u0161t\u00fdl, a\u00a0eduk\u00e1ciu o\u00a0tejto chorobe. Pozit\u00edvne n\u00e1s prekvapil\u00a0 z\u00e1ujem \u0161irokej verejnosti o\u00a0poznanie hladiny cukru, ale na druhej strane nedostatok vedomosti o\u00a0mo\u017en\u00fdch komplik\u00e1ci\u00e1ch cukrovky.<\/p>\n<p>\u017eiaci 3.ro\u010dn\u00edka, Mgr. M\u00e1ria P\u00e1paiov\u00e1<\/p>\n\n\t\t\t<style type='text\/css'>\n\t\t\t\t#sc_gallery-1 {\n\t\t\t\t\tmargin: auto;\n\t\t\t\t}\n\t\t\t\t#sc_gallery-1 .gallery-item {\n\t\t\t\t\tfloat: left;\n\t\t\t\t\ttext-align: center;\n\t\t\t\t\twidth: 33.33%;\n\t\t\t\t}\n\t\t\t\t#sc_gallery-1 img {\n\t\t\t\t\tborder: 2px solid #cfcfcf;\n\t\t\t\t}\n\t\t\t\t\/* see sc_gallery() in functions\/theme-shortcodes.php *\/\n\t\t\t<\/style>\n\t\t<div id='sc_gallery-1' class='gallery galleryid-5367 gallery-columns-3 gallery-size-thumbnail file element_classes gallery-default'><dl class='gallery-item'  data-title='diabet2' data-description=''><div class='gallery-item-wrapper'>\n\t\t\t\t<dt class='gallery-icon landscape'>\n\t\t\t\t\t<a href='https:\/\/szslucnalc.sk\/wp-content\/uploads\/2018\/11\/diabet2.jpg'><img loading=\"lazy\" decoding=\"async\" width=\"150\" height=\"150\" src=\"https:\/\/szslucnalc.sk\/wp-content\/uploads\/2018\/11\/diabet2-150x150.jpg\" class=\"attachment-thumbnail size-thumbnail\" alt=\"\" srcset=\"https:\/\/szslucnalc.sk\/wp-content\/uploads\/2018\/11\/diabet2-150x150.jpg 150w, https:\/\/szslucnalc.sk\/wp-content\/uploads\/2018\/11\/diabet2-85x85.jpg 85w, https:\/\/szslucnalc.sk\/wp-content\/uploads\/2018\/11\/diabet2-80x80.jpg 80w\" sizes=\"auto, (max-width:767px) 150px, 150px\" \/><\/a>\n\t\t\t\t<\/dt><\/div><\/dl><dl class='gallery-item'  data-title='diabet3' data-description=''><div class='gallery-item-wrapper'>\n\t\t\t\t<dt class='gallery-icon landscape'>\n\t\t\t\t\t<a href='https:\/\/szslucnalc.sk\/wp-content\/uploads\/2018\/11\/diabet3.jpg'><img loading=\"lazy\" decoding=\"async\" width=\"150\" height=\"150\" src=\"https:\/\/szslucnalc.sk\/wp-content\/uploads\/2018\/11\/diabet3-150x150.jpg\" class=\"attachment-thumbnail size-thumbnail\" alt=\"\" srcset=\"https:\/\/szslucnalc.sk\/wp-content\/uploads\/2018\/11\/diabet3-150x150.jpg 150w, https:\/\/szslucnalc.sk\/wp-content\/uploads\/2018\/11\/diabet3-85x85.jpg 85w, https:\/\/szslucnalc.sk\/wp-content\/uploads\/2018\/11\/diabet3-80x80.jpg 80w\" sizes=\"auto, (max-width:767px) 150px, 150px\" \/><\/a>\n\t\t\t\t<\/dt><\/div><\/dl><dl class='gallery-item'  data-title='diabet4' data-description=''><div class='gallery-item-wrapper'>\n\t\t\t\t<dt class='gallery-icon landscape'>\n\t\t\t\t\t<a href='https:\/\/szslucnalc.sk\/wp-content\/uploads\/2018\/11\/diabet4.jpg'><img loading=\"lazy\" decoding=\"async\" width=\"150\" height=\"150\" src=\"https:\/\/szslucnalc.sk\/wp-content\/uploads\/2018\/11\/diabet4-150x150.jpg\" class=\"attachment-thumbnail size-thumbnail\" alt=\"\" srcset=\"https:\/\/szslucnalc.sk\/wp-content\/uploads\/2018\/11\/diabet4-150x150.jpg 150w, https:\/\/szslucnalc.sk\/wp-content\/uploads\/2018\/11\/diabet4-85x85.jpg 85w, https:\/\/szslucnalc.sk\/wp-content\/uploads\/2018\/11\/diabet4-80x80.jpg 80w\" sizes=\"auto, (max-width:767px) 150px, 150px\" \/><\/a>\n\t\t\t\t<\/dt><\/div><\/dl><br style=\"clear: both\" \/>\n\t\t\t<\/div>\n\n","protected":false},"excerpt":{"rendered":"<p>S&nbsp;t&yacute;mto n&aacute;zvom sa niesla akcia, ktor&uacute; vyhlasuje Svetov&aacute; feder&aacute;cia diabetu (IDF) v&nbsp;spolupr&aacute;ci so Svetovou zdravotn&iacute;ckou organiz&aacute;ciou. Svetov&yacute; de&#328; diabetu sa pripom&iacute;na od roku 1991, ako reakcia<span class=\"excerpt-hellip\"> [\u2026]<\/span><\/p>\n","protected":false},"author":2,"featured_media":5368,"comment_status":"closed","ping_status":"closed","sticky":false,"template":"","format":"image","meta":{"footnotes":""},"categories":[6,7],"tags":[],"class_list":["post-5367","post","type-post","status-publish","format-image","has-post-thumbnail","hentry","category-charita","category-profesia","post_format-post-format-image"],"aioseo_notices":[],"_links":{"self":[{"href":"https:\/\/szslucnalc.sk\/index.php?rest_route=\/wp\/v2\/posts\/5367","targetHints":{"allow":["GET"]}}],"collection":[{"href":"https:\/\/szslucnalc.sk\/index.php?rest_route=\/wp\/v2\/posts"}],"about":[{"href":"https:\/\/szslucnalc.sk\/index.php?rest_route=\/wp\/v2\/types\/post"}],"author":[{"embeddable":true,"href":"https:\/\/szslucnalc.sk\/index.php?rest_route=\/wp\/v2\/users\/2"}],"replies":[{"embeddable":true,"href":"https:\/\/szslucnalc.sk\/index.php?rest_route=%2Fwp%2Fv2%2Fcomments&post=5367"}],"version-history":[{"count":1,"href":"https:\/\/szslucnalc.sk\/index.php?rest_route=\/wp\/v2\/posts\/5367\/revisions"}],"predecessor-version":[{"id":5372,"href":"https:\/\/szslucnalc.sk\/index.php?rest_route=\/wp\/v2\/posts\/5367\/revisions\/5372"}],"wp:featuredmedia":[{"embeddable":true,"href":"https:\/\/szslucnalc.sk\/index.php?rest_route=\/wp\/v2\/media\/5368"}],"wp:attachment":[{"href":"https:\/\/szslucnalc.sk\/index.php?rest_route=%2Fwp%2Fv2%2Fmedia&parent=5367"}],"wp:term":[{"taxonomy":"category","embeddable":true,"href":"https:\/\/szslucnalc.sk\/index.php?rest_route=%2Fwp%2Fv2%2Fcategories&post=5367"},{"taxonomy":"post_tag","embeddable":true,"href":"https:\/\/szslucnalc.sk\/index.php?rest_route=%2Fwp%2Fv2%2Ftags&post=5367"}],"curies":[{"name":"wp","href":"https:\/\/api.w.org\/{rel}","templated":true}]}}