{"id":5985,"date":"2019-02-28T13:55:09","date_gmt":"2019-02-28T12:55:09","guid":{"rendered":"https:\/\/szslucnalc.sk\/?p=5985"},"modified":"2019-02-28T13:55:11","modified_gmt":"2019-02-28T12:55:11","slug":"na-stretnuti-s-hviezdoslavom-2","status":"publish","type":"post","link":"https:\/\/szslucnalc.sk\/?p=5985","title":{"rendered":"Na Stretnut\u00ed s Hviezdoslavom"},"content":{"rendered":"\n<p><em>Zosta\u0165 po vyu\u010dovan\u00ed v&nbsp;\u0161kole?\nA&nbsp;ne\u0165uka\u0165 do mobilu?&nbsp; Mo\u017eno absurdn\u00e9\nv&nbsp;r.2019, no na na\u0161ej zdravotke re\u00e1lne. <\/em><\/p>\n\n\n\n<p>27.febru\u00e1r\n2019<\/p>\n\n\n\n<p>Umeleck\u00fd\nprednes dnes ur\u010dite nepatr\u00ed&nbsp;\nk&nbsp;najkon\u00ed\u010dkom mladej gener\u00e1cie, no 7 \u0161tudentiek v&nbsp;stredu po vyu\u010dovan\u00ed\nsa prezentovalo s&nbsp;vlastn\u00fdm v\u00fdberom textov. Recit\u00e1torky &nbsp;si vybrali v\u00e4\u010d\u0161inou po\u00e9ziu, bojovali\ns&nbsp;tr\u00e9mou a niektor\u00e9 aj s&nbsp;chr\u00edpkou. Porota v&nbsp;zlo\u017een\u00ed : pani\nz\u00e1stupky\u0148a Urban\u010dokov\u00e1, na\u0161a sloven\u010din\u00e1rka B\u00e1lintov\u00e1 a&nbsp;pani profesorka\nMat\u00fa\u0161kov\u00e1- J\u00e1no\u0161\u00edkov\u00e1 si vypo\u010duli v\u0161etky \u017eia\u010dky a&nbsp;ocenili ich z\u00e1ujem\no&nbsp;umeleck\u00e9 slovo. Ur\u010dite si ako odmenu zasl\u00fa\u017eia jednotku zo sloven\u010diny. <\/p>\n\n\n\n<p>PO\u00c9ZIA:&nbsp;&nbsp; Laura Mlyn\u00e1rikov\u00e1 , Nika Nagyov\u00e1, Ani\u010dka\n\u010cie\u0161kov\u00e1, Daniela Miksov\u00e1, Nat\u00e1lia Brinzov\u00e1<\/p>\n\n\n\n<p>PR\u00d3ZA:&nbsp; Annam\u00e1ria Moln\u00e1rov\u00e1, Janka Sihelsk\u00e1<\/p>\n\n\n\n<p><strong>V\u00ed\u0165azkami sa stali Laura Mlyn\u00e1rikov\u00e1\na&nbsp;Annam\u00e1ria Moln\u00e1rov\u00e1<\/strong>. Blaho\u017eel\u00e1me! A dr\u017e\u00edme palce <\/p>\n\n\n\n<p>v&nbsp;reprezent\u00e1cii\n\u0161koly.<\/p>\n\n\n\n<p><em>A&nbsp;ke\u010f\u017ee pri\u0161li aj prv\u00e1\u010dky, m\u00e1me\nn\u00e1dej, \u017ee na\u0161a trad\u00edcia stretnut\u00ed s&nbsp;Hviezdoslavom v&nbsp;dne\u0161nej\npretechnizovanej dobe na SZ\u0160 v&nbsp;Lu\u010denci nevyhynie.<\/em><\/p>\n\n\n\n<p><strong><em>A.B.<\/em><\/strong><\/p>\n","protected":false},"excerpt":{"rendered":"<p>Zosta&#357; po vyu&#269;ovan&iacute; v&nbsp;&scaron;kole? A&nbsp;ne&#357;uka&#357; do mobilu?&nbsp; Mo&#382;no absurdn&eacute; v&nbsp;r.2019, no na na&scaron;ej zdravotke re&aacute;lne. 27.febru&aacute;r 2019 Umeleck&yacute; prednes dnes ur&#269;ite nepatr&iacute;&nbsp; k&nbsp;najkon&iacute;&#269;kom mladej gener&aacute;cie, no<span class=\"excerpt-hellip\"> [\u2026]<\/span><\/p>\n","protected":false},"author":2,"featured_media":5987,"comment_status":"closed","ping_status":"closed","sticky":false,"template":"","format":"standard","meta":{"footnotes":""},"categories":[8],"tags":[],"class_list":["post-5985","post","type-post","status-publish","format-standard","has-post-thumbnail","hentry","category-ine"],"aioseo_notices":[],"_links":{"self":[{"href":"https:\/\/szslucnalc.sk\/index.php?rest_route=\/wp\/v2\/posts\/5985","targetHints":{"allow":["GET"]}}],"collection":[{"href":"https:\/\/szslucnalc.sk\/index.php?rest_route=\/wp\/v2\/posts"}],"about":[{"href":"https:\/\/szslucnalc.sk\/index.php?rest_route=\/wp\/v2\/types\/post"}],"author":[{"embeddable":true,"href":"https:\/\/szslucnalc.sk\/index.php?rest_route=\/wp\/v2\/users\/2"}],"replies":[{"embeddable":true,"href":"https:\/\/szslucnalc.sk\/index.php?rest_route=%2Fwp%2Fv2%2Fcomments&post=5985"}],"version-history":[{"count":3,"href":"https:\/\/szslucnalc.sk\/index.php?rest_route=\/wp\/v2\/posts\/5985\/revisions"}],"predecessor-version":[{"id":6036,"href":"https:\/\/szslucnalc.sk\/index.php?rest_route=\/wp\/v2\/posts\/5985\/revisions\/6036"}],"wp:featuredmedia":[{"embeddable":true,"href":"https:\/\/szslucnalc.sk\/index.php?rest_route=\/wp\/v2\/media\/5987"}],"wp:attachment":[{"href":"https:\/\/szslucnalc.sk\/index.php?rest_route=%2Fwp%2Fv2%2Fmedia&parent=5985"}],"wp:term":[{"taxonomy":"category","embeddable":true,"href":"https:\/\/szslucnalc.sk\/index.php?rest_route=%2Fwp%2Fv2%2Fcategories&post=5985"},{"taxonomy":"post_tag","embeddable":true,"href":"https:\/\/szslucnalc.sk\/index.php?rest_route=%2Fwp%2Fv2%2Ftags&post=5985"}],"curies":[{"name":"wp","href":"https:\/\/api.w.org\/{rel}","templated":true}]}}