{"id":6206,"date":"2019-04-02T11:01:44","date_gmt":"2019-04-02T09:01:44","guid":{"rendered":"https:\/\/szslucnalc.sk\/?p=6206"},"modified":"2019-04-02T11:07:37","modified_gmt":"2019-04-02T09:07:37","slug":"spolocny-menovatel-mesiaca-marec-kniha","status":"publish","type":"post","link":"https:\/\/szslucnalc.sk\/?p=6206","title":{"rendered":"Spolo\u010dn\u00fd menovate\u013e mesiaca marec: KNIHA"},"content":{"rendered":"\n<p><em>Star\u00fd slogan: \u201e Marec \u2013 mesiac knihy\u201c\nu\u017e mlad\u00fdm \u013eu\u010fom ve\u013ea nehovor\u00ed. Posledn\u00e9 dva marcov\u00e9 t\u00fd\u017edne patrili v&nbsp;na\u0161ej\n\u0161kole pr\u00e1ve knih\u00e1m. Kni\u017en\u00fdmi aktivitami sme si pripomenuli aj T\u00fd\u017ede\u0148\nslovensk\u00fdch kni\u017en\u00edc, ktor\u00fd v&nbsp;tomto kalend\u00e1rnom roku pripadol na na\u0161e jarn\u00e9\npr\u00e1zdniny. <\/em><\/p>\n\n\n\n<p>Od\u0161tartovalo\nto 15. marca okresn\u00e9 kolo recita\u010dnej s\u00fa\u0165a\u017ee <strong>HVIEZDOSLAVOV KUB\u00cdN<\/strong>, kde n\u00e1s reprezentovali na\u0161e v\u00ed\u0165azky zo\n\u0161kolsk\u00e9ho kola: Laura Mlyn\u00e1rikov\u00e1 \/4.A\/ a&nbsp;Annam\u00e1ria Moln\u00e1rov\u00e1 \/2.B \/\na&nbsp;obidve obsadili pekn\u00e9 2.miesto. <em>Blaho\u017eel\u00e1me\ndiev\u010dat\u00e1m k&nbsp;striebru<\/em>.<\/p>\n\n\n\n<p>Tret\u00ed\nmarcov\u00fd t\u00fd\u017ede\u0148 sme vo vestibule \u0161koly zorganizovali tradi\u010dn\u00fa <strong>BURZU KN\u00cdH<\/strong>, spojen\u00fa s&nbsp;predajom. Tento\nrok sa n\u00e1m podarilo preda\u0165 50 kn\u00edh a&nbsp;te\u0161\u00edme sa, \u017ee si knihy nekupovali len\nzamestnanci \u0161koly, ale aj na\u0161i \u017eiaci, pre ktor\u00fdch je t\u00e1to aktivita hlavne\nur\u010den\u00e1. <em>\u010eakujeme predajni &nbsp;Knihy- dar\u010deky Dov\u00e1\u013e v&nbsp;Lu\u010denci za skvel\u00fa\nspolupr\u00e1cu a&nbsp;ponuku kn\u00edh v&nbsp;akciov\u00fdch cen\u00e1ch.<\/em><\/p>\n\n\n\n<p>Posledn\u00fd\nmarcov\u00fd t\u00fd\u017ede\u0148 patril n\u00e1\u0161mu <strong>\u010cITATE\u013dSK\u00c9MU\nMARAT\u00d3NU<\/strong>, ktor\u00fd sme prv\u00fdkr\u00e1t sk\u00fasili realizova\u0165 v&nbsp;opa\u010dnom garde. Na\nvyu\u010dovac\u00edch hodin\u00e1ch ne\u010d\u00edtali u\u010ditelia, ale na\u0161i \u017eiaci. A ako to dopadlo? Do\n\u010d\u00edtania na vyu\u010dovan\u00ed sa zapojili hlavne na\u0161i prv\u00e1ci a&nbsp;druh\u00e1ci, niektor\u00ed\n\u017eiaci dokonca viackr\u00e1t po\u010das t\u00fd\u017ed\u0148a. Ur\u010dite sa t\u00e1to aktivita na\u0161tartovala\na&nbsp;realizovala v\u010faka pedag\u00f3gom, za \u010do mojim kolegom aj touto cesto \u010fakujem.\nPrvenstvo v&nbsp;marat\u00f3ne patr\u00ed 2.B triede.<\/p>\n\n\n\n<p><em>\u010cas str\u00e1ven\u00fd s&nbsp;knihou nikdy nie\nje straten\u00fd.<\/em><em>Andrea\nB\u00e1lintov\u00e1<\/em><\/p>\n","protected":false},"excerpt":{"rendered":"<p>Star&yacute; slogan: &bdquo; Marec &ndash; mesiac knihy&ldquo; u&#382; mlad&yacute;m &#318;u&#271;om ve&#318;a nehovor&iacute;. Posledn&eacute; dva marcov&eacute; t&yacute;&#382;dne patrili v&nbsp;na&scaron;ej &scaron;kole pr&aacute;ve knih&aacute;m. Kni&#382;n&yacute;mi aktivitami sme si pripomenuli<span class=\"excerpt-hellip\"> [\u2026]<\/span><\/p>\n","protected":false},"author":2,"featured_media":6207,"comment_status":"closed","ping_status":"closed","sticky":false,"template":"","format":"standard","meta":{"footnotes":""},"categories":[8],"tags":[],"class_list":["post-6206","post","type-post","status-publish","format-standard","has-post-thumbnail","hentry","category-ine"],"aioseo_notices":[],"_links":{"self":[{"href":"https:\/\/szslucnalc.sk\/index.php?rest_route=\/wp\/v2\/posts\/6206","targetHints":{"allow":["GET"]}}],"collection":[{"href":"https:\/\/szslucnalc.sk\/index.php?rest_route=\/wp\/v2\/posts"}],"about":[{"href":"https:\/\/szslucnalc.sk\/index.php?rest_route=\/wp\/v2\/types\/post"}],"author":[{"embeddable":true,"href":"https:\/\/szslucnalc.sk\/index.php?rest_route=\/wp\/v2\/users\/2"}],"replies":[{"embeddable":true,"href":"https:\/\/szslucnalc.sk\/index.php?rest_route=%2Fwp%2Fv2%2Fcomments&post=6206"}],"version-history":[{"count":1,"href":"https:\/\/szslucnalc.sk\/index.php?rest_route=\/wp\/v2\/posts\/6206\/revisions"}],"predecessor-version":[{"id":6208,"href":"https:\/\/szslucnalc.sk\/index.php?rest_route=\/wp\/v2\/posts\/6206\/revisions\/6208"}],"wp:featuredmedia":[{"embeddable":true,"href":"https:\/\/szslucnalc.sk\/index.php?rest_route=\/wp\/v2\/media\/6207"}],"wp:attachment":[{"href":"https:\/\/szslucnalc.sk\/index.php?rest_route=%2Fwp%2Fv2%2Fmedia&parent=6206"}],"wp:term":[{"taxonomy":"category","embeddable":true,"href":"https:\/\/szslucnalc.sk\/index.php?rest_route=%2Fwp%2Fv2%2Fcategories&post=6206"},{"taxonomy":"post_tag","embeddable":true,"href":"https:\/\/szslucnalc.sk\/index.php?rest_route=%2Fwp%2Fv2%2Ftags&post=6206"}],"curies":[{"name":"wp","href":"https:\/\/api.w.org\/{rel}","templated":true}]}}