{"id":6324,"date":"2019-04-29T08:57:53","date_gmt":"2019-04-29T06:57:53","guid":{"rendered":"https:\/\/szslucnalc.sk\/?p=6324"},"modified":"2019-05-02T07:54:06","modified_gmt":"2019-05-02T05:54:06","slug":"prirodu-nechranime-z-lasky-k-nej-chranime-ju-z-obavy-o-seba","status":"publish","type":"post","link":"https:\/\/szslucnalc.sk\/?p=6324","title":{"rendered":"\u201ePr\u00edrodu nechr\u00e1nime z l\u00e1sky k nej &#8211; chr\u00e1nime ju z obavy o seba.\u201c"},"content":{"rendered":"\n<p><\/p>\n\n\n\n<p>26.apr\u00edla sme sa akt\u00edvne zapojili\ndo Medzin\u00e1rodn\u00e9ho &nbsp;d\u0148a &nbsp;Zeme v Lu\u010denci. S&nbsp;pani profesorkou\nCzakovou sme sa my, b\u00e9\u010dkari z&nbsp;prv\u00e9ho ro\u010dn\u00edka vybrali vyzbiera\u0165 smeti\nv&nbsp;okol\u00ed lu\u010deneckej priehrady na \u013dadove a&nbsp;mestsk\u00fdch lesov. Ostali sme\nmilo prekvapen\u00ed, ke\u010f sme cestou nenach\u00e1dzali ve\u013ea odpadkov. Mo\u017eno si \u013eudia\nkone\u010dne uvedomili, \u017ee zahadzova\u0165 smeti do pr\u00edrody nie je spr\u00e1vne. Prech\u00e1dzkou &nbsp;lesom si ur\u010dite ka\u017ed\u00fd z&nbsp;n\u00e1s uvedomil, \u017ee\nnajd\u00f4le\u017eitej\u0161ie, \u010do m\u00e1me na Zemi, je pr\u00edroda, ktor\u00fa treba chr\u00e1ni\u0165\na&nbsp;nezne\u010dis\u0165ova\u0165 ju. Spokojn\u00ed s&nbsp;dobr\u00fdmi pocitmi sme sa vr\u00e1tili do\n\u0161koly. Boli sme milo prekvapen\u00ed, ko\u013eko pr\u00e1ce odviedli aj na\u0161i spolu\u017eiaci\nz&nbsp;I.A v&nbsp;are\u00e1li \u0161koly, vy\u010distili pozemok, vysadili kvety\na&nbsp;stromy. P\u00e1ni profesori sa n\u00e1m po\u010fakovali za spolupr\u00e1cu a&nbsp;v\u0161etci sme\nboli radi, \u017ee sme sa mohli do takejto environment\u00e1lnej akcie zapoji\u0165\na&nbsp;pom\u00f4c\u0165 tak na\u0161ej pr\u00edrode.&nbsp;&nbsp; <\/p>\n","protected":false},"excerpt":{"rendered":"<p>26.apr&iacute;la sme sa akt&iacute;vne zapojili do Medzin&aacute;rodn&eacute;ho &nbsp;d&#328;a &nbsp;Zeme v Lu&#269;enci. S&nbsp;pani profesorkou Czakovou sme sa my, b&eacute;&#269;kari z&nbsp;prv&eacute;ho ro&#269;n&iacute;ka vybrali vyzbiera&#357; smeti v&nbsp;okol&iacute; lu&#269;eneckej priehrady<span class=\"excerpt-hellip\"> [\u2026]<\/span><\/p>\n","protected":false},"author":2,"featured_media":6325,"comment_status":"closed","ping_status":"closed","sticky":false,"template":"","format":"standard","meta":{"footnotes":""},"categories":[8],"tags":[],"class_list":["post-6324","post","type-post","status-publish","format-standard","has-post-thumbnail","hentry","category-ine"],"aioseo_notices":[],"_links":{"self":[{"href":"https:\/\/szslucnalc.sk\/index.php?rest_route=\/wp\/v2\/posts\/6324","targetHints":{"allow":["GET"]}}],"collection":[{"href":"https:\/\/szslucnalc.sk\/index.php?rest_route=\/wp\/v2\/posts"}],"about":[{"href":"https:\/\/szslucnalc.sk\/index.php?rest_route=\/wp\/v2\/types\/post"}],"author":[{"embeddable":true,"href":"https:\/\/szslucnalc.sk\/index.php?rest_route=\/wp\/v2\/users\/2"}],"replies":[{"embeddable":true,"href":"https:\/\/szslucnalc.sk\/index.php?rest_route=%2Fwp%2Fv2%2Fcomments&post=6324"}],"version-history":[{"count":1,"href":"https:\/\/szslucnalc.sk\/index.php?rest_route=\/wp\/v2\/posts\/6324\/revisions"}],"predecessor-version":[{"id":6326,"href":"https:\/\/szslucnalc.sk\/index.php?rest_route=\/wp\/v2\/posts\/6324\/revisions\/6326"}],"wp:featuredmedia":[{"embeddable":true,"href":"https:\/\/szslucnalc.sk\/index.php?rest_route=\/wp\/v2\/media\/6325"}],"wp:attachment":[{"href":"https:\/\/szslucnalc.sk\/index.php?rest_route=%2Fwp%2Fv2%2Fmedia&parent=6324"}],"wp:term":[{"taxonomy":"category","embeddable":true,"href":"https:\/\/szslucnalc.sk\/index.php?rest_route=%2Fwp%2Fv2%2Fcategories&post=6324"},{"taxonomy":"post_tag","embeddable":true,"href":"https:\/\/szslucnalc.sk\/index.php?rest_route=%2Fwp%2Fv2%2Ftags&post=6324"}],"curies":[{"name":"wp","href":"https:\/\/api.w.org\/{rel}","templated":true}]}}