{"id":6541,"date":"2019-05-17T12:06:15","date_gmt":"2019-05-17T10:06:15","guid":{"rendered":"https:\/\/szslucnalc.sk\/?p=6541"},"modified":"2019-08-22T12:37:39","modified_gmt":"2019-08-22T10:37:39","slug":"den-koze-den-dotykov-2","status":"publish","type":"post","link":"https:\/\/szslucnalc.sk\/?p=6541","title":{"rendered":"De\u0148 ko\u017ee \u2013 De\u0148 dotykov"},"content":{"rendered":"\n<p>Iba m\u00e1lo z\nn\u00e1s patr\u00ed medzi \u0161\u0165astlivcov, ktor\u00ed sa po\u010das svojho \u017eivota nestretli s nejak\u00fdm\nko\u017en\u00fdm ochoren\u00edm.&nbsp;Psori\u00e1za, <strong>akn\u00e9, ekz\u00e9my \u010di r\u00f4zne\ndermatit\u00eddy s\u00fa len zlomkom toho, \u010do m\u00f4\u017ee ko\u017eu, n\u00e1\u0161 najv\u00e4\u010d\u0161\u00ed telesn\u00fd org\u00e1n,\npostihn\u00fa\u0165 po\u010das \u017eivota. \u013du\u010fom s ko\u017en\u00fdmi ochoreniami sa nemus\u00edme vyh\u00fdba\u0165. Pr\u00e1ve\noni potrebuj\u00fa na\u0161e dotyky a objatia viac ako ktoko\u013evek in\u00fd. To je i hlavn\u00e1\nmy\u0161lienka D\u0148a ko\u017ee \u2013 d\u0148a dotykov, ktor\u00fd ka\u017edoro\u010dne pripad\u00e1 na m\u00e1j. Tento Celosvetov\u00fd\nde\u0148 ko\u017ee sme si pripomenuli 17.m\u00e1ja &nbsp;aj\nmy tretiaci, rozd\u00e1van\u00edm l\u00e1skomatov\u00fdch karti\u010diek a&nbsp;\u010derven\u00fdch samolepiacich\nbodiek, obj\u00edmali sme alebo pod\u00e1vali ruky okoloid\u00facim a&nbsp;informovali o&nbsp;problematike\nko\u017en\u00fdch ochoren\u00ed, o&nbsp;ich neinfek\u010dnosti a&nbsp;z\u00e1rove\u0148 poz\u00fdvali na eduka\u010dn\u00fd\ninforma\u010dn\u00fd blok do radnice mesta Lu\u010denec. <\/strong><\/p>\n\n\n\n<p><strong><em>Nat\u00e1lia\nMoln\u00e1rov\u00e1, Nat\u00e1lia Markot\u00e1nov\u00e1, 3.A <\/em><\/strong><\/p>\n","protected":false},"excerpt":{"rendered":"<p>Iba m&aacute;lo z n&aacute;s patr&iacute; medzi &scaron;&#357;astlivcov, ktor&iacute; sa po&#269;as svojho &#382;ivota nestretli s nejak&yacute;m ko&#382;n&yacute;m ochoren&iacute;m.&nbsp;Psori&aacute;za, akn&eacute;, ekz&eacute;my &#269;i r&ocirc;zne dermatit&iacute;dy s&uacute; len zlomkom toho,<span class=\"excerpt-hellip\"> [\u2026]<\/span><\/p>\n","protected":false},"author":2,"featured_media":6542,"comment_status":"closed","ping_status":"closed","sticky":false,"template":"","format":"standard","meta":{"footnotes":""},"categories":[7],"tags":[],"class_list":["post-6541","post","type-post","status-publish","format-standard","has-post-thumbnail","hentry","category-profesia"],"aioseo_notices":[],"_links":{"self":[{"href":"https:\/\/szslucnalc.sk\/index.php?rest_route=\/wp\/v2\/posts\/6541","targetHints":{"allow":["GET"]}}],"collection":[{"href":"https:\/\/szslucnalc.sk\/index.php?rest_route=\/wp\/v2\/posts"}],"about":[{"href":"https:\/\/szslucnalc.sk\/index.php?rest_route=\/wp\/v2\/types\/post"}],"author":[{"embeddable":true,"href":"https:\/\/szslucnalc.sk\/index.php?rest_route=\/wp\/v2\/users\/2"}],"replies":[{"embeddable":true,"href":"https:\/\/szslucnalc.sk\/index.php?rest_route=%2Fwp%2Fv2%2Fcomments&post=6541"}],"version-history":[{"count":1,"href":"https:\/\/szslucnalc.sk\/index.php?rest_route=\/wp\/v2\/posts\/6541\/revisions"}],"predecessor-version":[{"id":6543,"href":"https:\/\/szslucnalc.sk\/index.php?rest_route=\/wp\/v2\/posts\/6541\/revisions\/6543"}],"wp:featuredmedia":[{"embeddable":true,"href":"https:\/\/szslucnalc.sk\/index.php?rest_route=\/wp\/v2\/media\/6542"}],"wp:attachment":[{"href":"https:\/\/szslucnalc.sk\/index.php?rest_route=%2Fwp%2Fv2%2Fmedia&parent=6541"}],"wp:term":[{"taxonomy":"category","embeddable":true,"href":"https:\/\/szslucnalc.sk\/index.php?rest_route=%2Fwp%2Fv2%2Fcategories&post=6541"},{"taxonomy":"post_tag","embeddable":true,"href":"https:\/\/szslucnalc.sk\/index.php?rest_route=%2Fwp%2Fv2%2Ftags&post=6541"}],"curies":[{"name":"wp","href":"https:\/\/api.w.org\/{rel}","templated":true}]}}