{"id":6558,"date":"2019-05-27T19:56:44","date_gmt":"2019-05-27T17:56:44","guid":{"rendered":"https:\/\/szslucnalc.sk\/?p=6558"},"modified":"2019-05-29T15:52:49","modified_gmt":"2019-05-29T13:52:49","slug":"erasmaci-z-ciech-u-nas","status":"publish","type":"post","link":"https:\/\/szslucnalc.sk\/?p=6558","title":{"rendered":"Erasm\u00e1ci  z \u010ciech u n\u00e1s"},"content":{"rendered":"\n<p>Z\u00a0na\u0161ej partnerskej &#8222;zdr\u00e1vky&#8220; v Hradci Kr\u00e1lov\u00e9   k\u00a0n\u00e1m docestovalo v nede\u013eu 26. m\u00e1ja na dvojt\u00fd\u017ed\u0148ov\u00fa odborn\u00fa st\u00e1\u017e v\u00a0r\u00e1mci programu Erasmus+ \u0161es\u0165 \u017eia\u010dok a\u00a0jedna sprev\u00e1dzaj\u00faca u\u010dite\u013eka. \u010cesk\u00e9 Erasm\u00e1\u010dky bud\u00fa ma\u0165 mo\u017enos\u0165  spozna\u0165  i vysk\u00fa\u0161a\u0165 si osobitosti o\u0161etrovate\u013eskej starostlivosti na Slovensku. Na praktickom odbornom vyu\u010dovan\u00ed v\u00a0nemocnici v\u00a0Lu\u010denci bud\u00fa pracova\u0165 pod veden\u00edm u\u010diteliek odbornej praxe spolu so \u017eiakmi tretieho ro\u010dn\u00edka na\u0161ej \u0161koly. Ver\u00edme, \u017ee sa im bude u\u00a0n\u00e1s p\u00e1\u010di\u0165 a postar\u00e1me sa aby ich pobyt nebol bohat\u00fd len na pracovn\u00fa \u010dinnos\u0165, ale aj na z\u00e1\u017eitky vo vo\u013enom \u010dase. \u00a0<\/p>\n\n\n\n<p>B.J.<\/p>\n\n\n\n<figure class=\"wp-block-image\"><img loading=\"lazy\" decoding=\"async\" width=\"1024\" height=\"632\" src=\"https:\/\/szslucnalc.sk\/wp-content\/uploads\/2019\/05\/st\u00e1\u017e-kalinovo-1024x632.jpg\" alt=\"\" class=\"wp-image-6559\" srcset=\"https:\/\/szslucnalc.sk\/wp-content\/uploads\/2019\/05\/st\u00e1\u017e-kalinovo-1024x632.jpg 1024w, https:\/\/szslucnalc.sk\/wp-content\/uploads\/2019\/05\/st\u00e1\u017e-kalinovo-300x185.jpg 300w, https:\/\/szslucnalc.sk\/wp-content\/uploads\/2019\/05\/st\u00e1\u017e-kalinovo-768x474.jpg 768w, https:\/\/szslucnalc.sk\/wp-content\/uploads\/2019\/05\/st\u00e1\u017e-kalinovo-237x146.jpg 237w, https:\/\/szslucnalc.sk\/wp-content\/uploads\/2019\/05\/st\u00e1\u017e-kalinovo-50x31.jpg 50w, https:\/\/szslucnalc.sk\/wp-content\/uploads\/2019\/05\/st\u00e1\u017e-kalinovo-121x75.jpg 121w, https:\/\/szslucnalc.sk\/wp-content\/uploads\/2019\/05\/st\u00e1\u017e-kalinovo-960x593.jpg 960w, https:\/\/szslucnalc.sk\/wp-content\/uploads\/2019\/05\/st\u00e1\u017e-kalinovo-778x480.jpg 778w\" sizes=\"auto, (max-width:767px) 480px, (max-width:1024px) 100vw, 1024px\" \/><\/figure>\n","protected":false},"excerpt":{"rendered":"<p>Z&nbsp;na&scaron;ej partnerskej &bdquo;zdr&aacute;vky&ldquo; v Hradci Kr&aacute;lov&eacute; k&nbsp;n&aacute;m docestovalo v nede&#318;u 26. m&aacute;ja na dvojt&yacute;&#382;d&#328;ov&uacute; odborn&uacute; st&aacute;&#382; v&nbsp;r&aacute;mci programu Erasmus+ &scaron;es&#357; &#382;ia&#269;ok a&nbsp;jedna sprev&aacute;dzaj&uacute;ca u&#269;ite&#318;ka. &#268;esk&eacute; Erasm&aacute;&#269;ky<span class=\"excerpt-hellip\"> [\u2026]<\/span><\/p>\n","protected":false},"author":2,"featured_media":6561,"comment_status":"closed","ping_status":"closed","sticky":false,"template":"","format":"standard","meta":{"footnotes":""},"categories":[7,5],"tags":[],"class_list":["post-6558","post","type-post","status-publish","format-standard","has-post-thumbnail","hentry","category-profesia","category-zahranicne"],"aioseo_notices":[],"_links":{"self":[{"href":"https:\/\/szslucnalc.sk\/index.php?rest_route=\/wp\/v2\/posts\/6558","targetHints":{"allow":["GET"]}}],"collection":[{"href":"https:\/\/szslucnalc.sk\/index.php?rest_route=\/wp\/v2\/posts"}],"about":[{"href":"https:\/\/szslucnalc.sk\/index.php?rest_route=\/wp\/v2\/types\/post"}],"author":[{"embeddable":true,"href":"https:\/\/szslucnalc.sk\/index.php?rest_route=\/wp\/v2\/users\/2"}],"replies":[{"embeddable":true,"href":"https:\/\/szslucnalc.sk\/index.php?rest_route=%2Fwp%2Fv2%2Fcomments&post=6558"}],"version-history":[{"count":3,"href":"https:\/\/szslucnalc.sk\/index.php?rest_route=\/wp\/v2\/posts\/6558\/revisions"}],"predecessor-version":[{"id":6563,"href":"https:\/\/szslucnalc.sk\/index.php?rest_route=\/wp\/v2\/posts\/6558\/revisions\/6563"}],"wp:featuredmedia":[{"embeddable":true,"href":"https:\/\/szslucnalc.sk\/index.php?rest_route=\/wp\/v2\/media\/6561"}],"wp:attachment":[{"href":"https:\/\/szslucnalc.sk\/index.php?rest_route=%2Fwp%2Fv2%2Fmedia&parent=6558"}],"wp:term":[{"taxonomy":"category","embeddable":true,"href":"https:\/\/szslucnalc.sk\/index.php?rest_route=%2Fwp%2Fv2%2Fcategories&post=6558"},{"taxonomy":"post_tag","embeddable":true,"href":"https:\/\/szslucnalc.sk\/index.php?rest_route=%2Fwp%2Fv2%2Ftags&post=6558"}],"curies":[{"name":"wp","href":"https:\/\/api.w.org\/{rel}","templated":true}]}}