{"id":6652,"date":"2019-06-03T14:24:17","date_gmt":"2019-06-03T12:24:17","guid":{"rendered":"https:\/\/szslucnalc.sk\/?p=6652"},"modified":"2019-08-21T13:44:26","modified_gmt":"2019-08-21T11:44:26","slug":"slavnostne-vyradenie-absolventov-foto-video","status":"publish","type":"post","link":"https:\/\/szslucnalc.sk\/?p=6652","title":{"rendered":"Sl\u00e1vnostn\u00e9 vyradenie absolventov (foto + video)"},"content":{"rendered":"\n<p>Hovor\u00ed sa, \u017ee v\u0161etko sa raz mus\u00ed skon\u010di\u0165. A \u017ee ka\u017ed\u00e1 piese\u0148, rozpr\u00e1vka, pr\u00edbeh m\u00e1 svoj koniec. A my sme svoj vlastn\u00fd &#8211; \u0161tvorro\u010dn\u00fd pr\u00edbeh skon\u010dili v piatok 31.5.2019. So slzami v o\u010diach, \u0165a\u017ekos\u0165ou na du\u0161i, ale hrdos\u0165ou v srdci, sme st\u00e1li posledn\u00fd kr\u00e1t pred \u013eu\u010fmi, ktor\u00ed n\u00e1m do \u017eivota priniesli viac ako len \u00faspe\u0161ne zvl\u00e1dnut\u00fa maturitu a pekn\u00e9 vysved\u010denie. St\u00e1li sme pred \u013eu\u010fmi, ktor\u00ed v n\u00e1s verili od za\u010diatku a\u017e po koniec a videli v n\u00e1s hlavne to dobr\u00e9, napriek r\u00f4znym \u017eivotn\u00fdm situ\u00e1ci\u00e1m a&nbsp;sk\u00fa\u0161kam, do ktor\u00fdch sme ich denne dost\u00e1vali s nami zost\u00e1vali a \u010falej n\u00e1s viedli. St\u00e1li sme pred \u013eu\u010fmi, ktor\u00ed n\u00e1s nau\u010dili l\u00e1sku prij\u00edma\u0165 a l\u00e1sku d\u00e1va\u0165. Nau\u010dili n\u00e1s, \u017ee v \u013eu\u010foch sa skr\u00fdva omnoho viac ako sa na prv\u00fd poh\u013ead m\u00f4\u017ee zda\u0165. \u017de s\u00fa \u013eudia, ktor\u00fdm dal \u017eivot do cesty to\u013eko prek\u00e1\u017eok, tr\u00e1penia, sk\u00fa\u0161ok, \u017ee n\u00e1m na\u0161e probl\u00e9my pri\u0161li malichern\u00e9 a tak nepodstatn\u00e9. Nau\u010dili n\u00e1s, \u017ee \u00fasmev spokojn\u00e9ho pacienta stoj\u00ed za v\u0161etky drobn\u00e9 a znovunadobudnut\u00e9 zdravie pacienta je to najkraj\u0161ie, \u010do n\u00e1m m\u00f4\u017ee pr\u00e1ca zdravotn\u00edcka pon\u00faknu\u0165. Nau\u010dili n\u00e1s pou\u017e\u00edva\u0165 hlavu, zru\u010dnosti, vedomosti, sk\u00fasenosti, ale hlavne srdce a du\u0161u&#8230;<br> Mil\u00e9 na\u0161e triedne profesorky, na\u0161e druh\u00e9 mamy&#8230; Ur\u010dite si pam\u00e4t\u00e1te na na\u0161e tv\u00e1re, ktor\u00e9 ste v prvom ro\u010dn\u00edku uvideli. Ve\u013eakr\u00e1t ste mali pocit, \u017ee sta\u010dilo a \u017ee u\u017e to \u010falej nezvl\u00e1dnete. A predsa ste to s nami nevzd\u00e1vali. Ani to najv\u00e4\u010d\u0161ie \u010fakujem nesta\u010d\u00ed na tu v\u010fa\u010dnos\u0165, ktor\u00fa c\u00edtime. \u010eakujeme za va\u0161e slov\u00e1, za nekone\u010dn\u00fa trpezlivos\u0165, ktor\u00fa ste pri n\u00e1s mali. Za to, \u017ee ste nepozerali na na\u0161e ne\u00fastupn\u00e9, zlo\u017eit\u00e9 povahy a podnecovali ste v n\u00e1s len to dobr\u00e9. \u010eakujeme za va\u0161e povzbudiv\u00e9 slov\u00e1, poh\u013eady, za humor, ktor\u00fdm ste z\u013eah\u010dovali n\u00e1ro\u010dn\u00e9 situ\u00e1cie a za to, \u017ee sme sa pri v\u00e1s c\u00edtili ako jedine\u010dn\u00e9 ocenite\u013en\u00e9 bytosti. Za to, \u017ee ste l\u00e1skavos\u0165ou na\u0161ich m\u00e1m pri n\u00e1s v\u017edy st\u00e1li a dohliadali na n\u00e1s&#8230; Zo srdca \u010fakujeme za v\u0161etko &#8230;<br> L\u00fa\u010dime sa s vami a ne\u013eutujeme ani jednu chv\u00ed\u013eu str\u00e1ven\u00fa v tejto \u0161kole, aj ke\u010f to ve\u013eakr\u00e1t nebolo \u013eahk\u00e9. Teraz vieme, \u017ee v\u0161etka &#8222;drina &#8220; st\u00e1la za to a \u017ee \u0161kola, v ktorej sme str\u00e1vili n\u00e1dhern\u00e9 \u0161tyri roky pln\u00e9 neopakovate\u013en\u00fdch aj nezabudnute\u013en\u00fdch momentov n\u00e1s nau\u010dila viac ako n\u00e1s hociktor\u00e1 in\u00e1 dok\u00e1\u017ee nau\u010di\u0165. Pre\u0161li sme si dlh\u00fdm procesom a len v\u010faka v\u00e1m mil\u00e9 na\u0161e triedne profesorky, p\u00e1n riadite\u013e, na\u0161i profesori, stoja teraz pred vami \u00fa\u017easn\u00e9 , mysliace a c\u00edtiace bytosti &#8230; Nau\u010dili ste n\u00e1s, \u010do je \u017eivot a je len na n\u00e1s ako s n\u00edm \u010falej nalo\u017e\u00edme a ako budeme v tomto pr\u00edbehu pokra\u010dova\u0165. Tento pr\u00edbeh nekon\u010d\u00ed, toto je pr\u00edbeh na pokra\u010dovanie&#8230;<\/p>\n\n\n\n<p><br>\n\u010eakujeme .<\/p>\n\n\n\n<p>Denka Mih\u00e1likov\u00e1 4.A<\/p>\n\n\n\n<figure class=\"wp-block-video\"><video controls src=\"https:\/\/szslucnalc.sk\/wp-content\/uploads\/2019\/06\/test.mp4\"><\/video><\/figure>\n\n\n\n<p><\/p>\n","protected":false},"excerpt":{"rendered":"<p>Hovor&iacute; sa, &#382;e v&scaron;etko sa raz mus&iacute; skon&#269;i&#357;. A &#382;e ka&#382;d&aacute; piese&#328;, rozpr&aacute;vka, pr&iacute;beh m&aacute; svoj koniec. A my sme svoj vlastn&yacute; &ndash; &scaron;tvorro&#269;n&yacute; pr&iacute;beh skon&#269;ili<span class=\"excerpt-hellip\"> [\u2026]<\/span><\/p>\n","protected":false},"author":2,"featured_media":6915,"comment_status":"closed","ping_status":"closed","sticky":false,"template":"","format":"standard","meta":{"footnotes":""},"categories":[8,3],"tags":[],"class_list":["post-6652","post","type-post","status-publish","format-standard","has-post-thumbnail","hentry","category-ine","category-kultura"],"aioseo_notices":[],"_links":{"self":[{"href":"https:\/\/szslucnalc.sk\/index.php?rest_route=\/wp\/v2\/posts\/6652","targetHints":{"allow":["GET"]}}],"collection":[{"href":"https:\/\/szslucnalc.sk\/index.php?rest_route=\/wp\/v2\/posts"}],"about":[{"href":"https:\/\/szslucnalc.sk\/index.php?rest_route=\/wp\/v2\/types\/post"}],"author":[{"embeddable":true,"href":"https:\/\/szslucnalc.sk\/index.php?rest_route=\/wp\/v2\/users\/2"}],"replies":[{"embeddable":true,"href":"https:\/\/szslucnalc.sk\/index.php?rest_route=%2Fwp%2Fv2%2Fcomments&post=6652"}],"version-history":[{"count":8,"href":"https:\/\/szslucnalc.sk\/index.php?rest_route=\/wp\/v2\/posts\/6652\/revisions"}],"predecessor-version":[{"id":8206,"href":"https:\/\/szslucnalc.sk\/index.php?rest_route=\/wp\/v2\/posts\/6652\/revisions\/8206"}],"wp:featuredmedia":[{"embeddable":true,"href":"https:\/\/szslucnalc.sk\/index.php?rest_route=\/wp\/v2\/media\/6915"}],"wp:attachment":[{"href":"https:\/\/szslucnalc.sk\/index.php?rest_route=%2Fwp%2Fv2%2Fmedia&parent=6652"}],"wp:term":[{"taxonomy":"category","embeddable":true,"href":"https:\/\/szslucnalc.sk\/index.php?rest_route=%2Fwp%2Fv2%2Fcategories&post=6652"},{"taxonomy":"post_tag","embeddable":true,"href":"https:\/\/szslucnalc.sk\/index.php?rest_route=%2Fwp%2Fv2%2Ftags&post=6652"}],"curies":[{"name":"wp","href":"https:\/\/api.w.org\/{rel}","templated":true}]}}