{"id":683,"date":"2017-03-10T08:20:13","date_gmt":"2017-03-10T07:20:13","guid":{"rendered":"https:\/\/szslucnalc.sk\/?p=683"},"modified":"2017-04-20T12:53:35","modified_gmt":"2017-04-20T10:53:35","slug":"ked-v-skole-tecie-krv","status":"publish","type":"post","link":"https:\/\/szslucnalc.sk\/?p=683","title":{"rendered":"Ke\u010f v \u0161kole te\u010die krv (video)"},"content":{"rendered":"<p>\u201e\u0160peci\u00e1lna jednotka \u010derven\u00fdch\u201c dorazila z Banskej Bystrice do priestoru B-budovy na pozvanie \u0161koly de\u0148 po MD\u017d a t\u00fdm umo\u017enila \u017eiakom a\u00a0priate\u013eom \u0161koly darova\u0165 svoju krv pre dobro druh\u00fdch.\u00a0 Darova\u0165 krv po prv\u00fd kr\u00e1t sa rozhodlo 11 tretiakov a jedna druh\u00e1\u010dka. Bolo to v\u00e1hanie \u00eds\u0165- ne\u00eds\u0165 ? Hlavy pln\u00e9 ot\u00e1zok: \u201e\u010ci n\u00e1s to bude bolie\u0165? Ako sa budeme c\u00edti\u0165?\u201c A\u00a0kopa in\u00fdch ot\u00e1zok sa n\u00e1m prvodarcom bila v\u00a0hlav\u00e1ch. Nakoniec sme v\u0161ak svoj boj so strachom zvl\u00e1dli \u00faspe\u0161ne. Rozhodlo sa n\u00e1s darova\u0165 krv celkom 25 \u013eud\u00ed. Podpori\u0165 n\u00e1s pri\u0161iel aj p. riadite\u013e Mgr. Miroslav Sekula, p. prof. L\u00edvia Bol\u010dov\u00e1 a\u00a0Janka Stierankov\u00e1 a\u00a0p. profesorka PhDr. Mirka Sekulov\u00e1, aby n\u00e1m uk\u00e1zali, ako sa neb\u00e1\u0165 a\u00a0pr\u00edjemn\u00fdmi slovami n\u00e1s povzbudi\u0165. V\u010faka t\u00fdmto skvel\u00fdm \u013eudom sme sa mohli dozvedie\u0165 kopu nov\u00fdch vec\u00ed oh\u013eadom na\u0161ej krvi a\u00a0t\u00e1 rados\u0165 po odbere, ke\u010f si uvedom\u00edte, \u017ee ste mohli pom\u00f4c\u0165 &#8211; je neop\u00edsate\u013en\u00e1. Pevne ver\u00edm, \u017ee na \u010fal\u0161\u00ed mo\u017en\u00fd term\u00edn n\u00e1s p\u00f4jde omnoho viac.<\/p>\n<p style=\"text-align: right;\">Gr\u00e9\u010dov\u00e1 , 3.B<\/p>\n<p><u>Darovali krv : <\/u><\/p>\n<ol start=\"2\">\n<li>ro\u010dn\u00edk \u2013 D. Ol\u00e1hov\u00e1 \u2013 prvodarca<\/li>\n<li>ro\u010dn\u00edk \u2013 L. Gr\u00e9\u010dov\u00e1 \u2013 prvodarca, B. Demeterov\u00e1 \u2013 prvodarca, D. Vrbiniakov\u00e1 \u2013 prvodarca, D. Horv\u00e1th \u2013 prvodarca, P. Ol\u00e1hov\u00e1 \u2013 prvodarca, M. Bamburov\u00e1 \u2013 prvodarca, Z. Fut\u00e1kov\u00e1 \u2013 prvodarca, S. Demeterov\u00e1, K. Mur\u00e1nska \u2013 prvodarca \u2013 n\u00edzky HB, M. Ra\u010d\u00e1kov\u00e1 &#8211; prvodarca \u2013 n\u00edzky HB, V. Kov\u00e1csov\u00e1 &#8211; prvodarca \u2013 n\u00edzky HB, J. Dedinsk\u00fd &#8211; prvodarca \u2013 \u201ezl\u00e9\u201c \u017eily<\/li>\n<li>ro\u010dn\u00edk \u2013 T. Hus\u00e1r, J. Filipiak, B. Bla\u017e\u00ed\u010dkov\u00e1, K. Sekere\u0161ov\u00e1, A. Bal\u00e1\u017eov\u00e1, K. Berkyov\u00e1 &#8211; \u201ezl\u00e9\u201c \u017eily, I. Z\u00e1slavov\u00e1 &#8211; n\u00edzky HB<\/li>\n<\/ol>\n<p>Mgr. Miroslav Sekula, Mgr. L\u00edvia Bol\u010dov\u00e1, Mgr. Jana Stierankov\u00e1 + 2 priatelia \u0161koly<\/p>\n<p>\u010e<u>akujem v\u0161etk\u00fdm \u017eiakom \u0161koly<\/u>, kor\u00ed vo \u0161tvrtok 9. 3. 2017 a v\u00a0mesiaci febru\u00e1r darovali krv. D\u00fafam, \u017ee aj \u017eiaci 2. ro\u010dn\u00edka, ktor\u00ed mali mo\u017enos\u0165 ako div\u00e1ci by\u0165 pr\u00edtomn\u00ed pri odbere, sa zapoja u\u017e bud\u00faci rok do darovania krvi.<\/p>\n<p style=\"text-align: right;\">M. Sekulov\u00e1<\/p>\n","protected":false},"excerpt":{"rendered":"<p>&bdquo;&Scaron;peci&aacute;lna jednotka &#269;erven&yacute;ch&ldquo; dorazila z Banskej Bystrice do priestoru B-budovy na pozvanie &scaron;koly de&#328; po MD&#381; a t&yacute;m umo&#382;nila &#382;iakom a&nbsp;priate&#318;om &scaron;koly darova&#357; svoju krv pre<span class=\"excerpt-hellip\"> [\u2026]<\/span><\/p>\n","protected":false},"author":2,"featured_media":688,"comment_status":"closed","ping_status":"closed","sticky":false,"template":"","format":"image","meta":{"footnotes":""},"categories":[6],"tags":[],"class_list":["post-683","post","type-post","status-publish","format-image","has-post-thumbnail","hentry","category-charita","post_format-post-format-image"],"aioseo_notices":[],"_links":{"self":[{"href":"https:\/\/szslucnalc.sk\/index.php?rest_route=\/wp\/v2\/posts\/683","targetHints":{"allow":["GET"]}}],"collection":[{"href":"https:\/\/szslucnalc.sk\/index.php?rest_route=\/wp\/v2\/posts"}],"about":[{"href":"https:\/\/szslucnalc.sk\/index.php?rest_route=\/wp\/v2\/types\/post"}],"author":[{"embeddable":true,"href":"https:\/\/szslucnalc.sk\/index.php?rest_route=\/wp\/v2\/users\/2"}],"replies":[{"embeddable":true,"href":"https:\/\/szslucnalc.sk\/index.php?rest_route=%2Fwp%2Fv2%2Fcomments&post=683"}],"version-history":[{"count":4,"href":"https:\/\/szslucnalc.sk\/index.php?rest_route=\/wp\/v2\/posts\/683\/revisions"}],"predecessor-version":[{"id":1189,"href":"https:\/\/szslucnalc.sk\/index.php?rest_route=\/wp\/v2\/posts\/683\/revisions\/1189"}],"wp:featuredmedia":[{"embeddable":true,"href":"https:\/\/szslucnalc.sk\/index.php?rest_route=\/wp\/v2\/media\/688"}],"wp:attachment":[{"href":"https:\/\/szslucnalc.sk\/index.php?rest_route=%2Fwp%2Fv2%2Fmedia&parent=683"}],"wp:term":[{"taxonomy":"category","embeddable":true,"href":"https:\/\/szslucnalc.sk\/index.php?rest_route=%2Fwp%2Fv2%2Fcategories&post=683"},{"taxonomy":"post_tag","embeddable":true,"href":"https:\/\/szslucnalc.sk\/index.php?rest_route=%2Fwp%2Fv2%2Ftags&post=683"}],"curies":[{"name":"wp","href":"https:\/\/api.w.org\/{rel}","templated":true}]}}