{"id":7452,"date":"2019-06-24T09:32:35","date_gmt":"2019-06-24T07:32:35","guid":{"rendered":"https:\/\/szslucnalc.sk\/?p=7452"},"modified":"2019-08-21T13:43:09","modified_gmt":"2019-08-21T11:43:09","slug":"mladi-zachranari","status":"publish","type":"post","link":"https:\/\/szslucnalc.sk\/?p=7452","title":{"rendered":"Mlad\u00ed z\u00e1chran\u00e1ri !"},"content":{"rendered":"\n<p>V kr\u00e1sny, aj ke\u010f tro\u0161ku upr\u0161an\u00fd m\u00e1j sme sa ja Simona Pindiakov\u00e1\nz&nbsp;2. B, Viky Fede\u0161ov\u00e1\nz 2. A a Filip Pri\u0161kin z 2. B vybrali ako spr\u00e1vni zdravotn\u00edci predn\u00e1\u0161a\u0165 na z\u00e1kladn\u00e9 \u0161koly! Boli sme na dvoch \u0161kol\u00e1ch, a na jednej z nich rovno dva-kr\u00e1t. <br>\nBola to zauj\u00edmav\u00e1 v\u00fdprava, pln\u00e1 srandy, pln\u00e1 akt\u00edvnych, mil\u00fdch det\u00ed a pr\u00edjemn\u00fdch \u013eud\u00ed. <br>\n\u00c1no,\nsamozrejme \u017ee ob\u010das sa stalo \u017ee boli nepozorn\u00ed, smiali sa viac ako by mali, alebo tro\u0161ku\nvyru\u0161ovali, ale bolo \u013eahk\u00e9\nich znovu dosta\u0165 do pozoru ! Boli sme v deviatom a v siedmom ro\u010dn\u00edku. Ak to m\u00e1m porovna\u0165, bolo mi pr\u00edjemnej\u0161ie pri siedmakoch. <br>\nBoli naozaj akt\u00edvni,\nmali z\u00e1ujem\nsi t\u00fa\nprv\u00fa\npomoc aj vysk\u00fa\u0161a\u0165,\nalebo sa aj obv\u00e4zova\u0165,\nzatia\u013e \u010do u\u017e t\u00ed\nve\u013ek\u00ed\na\u017e tak\u00ed\nzaujat\u00ed\nneboli. Tak \u010di tak, m\u00f4\u017eem\npoveda\u0165 aj za nich, \u017ee sme sa zabavili, aj sme nie\u010do in\u00fdch nau\u010dili a z ka\u017edej triedy sme odch\u00e1dzali s dobr\u00fdm pocitom a s \u00fasmevom na per\u00e1ch. Mysl\u00edm si, \u017ee pr\u00e1ve toto je to k\u00fazeln\u00e9 na zdravotn\u00edckej \u0161kole, nie len my\nsa nie\u010do nau\u010d\u00edme\na nie\u010do pr\u00edjmeme,\nale m\u00e1me\nmo\u017enos\u0165 aj my nie\u010do nau\u010di\u0165 a k\u00fasok\nt\u00fdch\nvedomost\u00ed\nrozda\u0165! Bola som ve\u013emi spokojn\u00e1,\nhlavne ke\u010f som videla \u017ee to tie deti zauj\u00edma. <br>\n\u010eakujeme, \u017ee n\u00e1m\nbola poskytnut\u00e1\ntak\u00e1to\npr\u00edle\u017eitos\u0165\n!<\/p>\n\n\n\n<p>Pindiakov\u00e1 Simona 2.B<\/p>\n","protected":false},"excerpt":{"rendered":"<p>V kr&aacute;sny, aj ke&#271; tro&scaron;ku upr&scaron;an&yacute; m&aacute;j sme sa ja Simona Pindiakov&aacute; z&nbsp;2. B, Viky Fede&scaron;ov&aacute; z 2. A a Filip Pri&scaron;kin z 2. B vybrali<span class=\"excerpt-hellip\"> [\u2026]<\/span><\/p>\n","protected":false},"author":2,"featured_media":7453,"comment_status":"closed","ping_status":"closed","sticky":false,"template":"","format":"standard","meta":{"footnotes":""},"categories":[7],"tags":[],"class_list":["post-7452","post","type-post","status-publish","format-standard","has-post-thumbnail","hentry","category-profesia"],"aioseo_notices":[],"_links":{"self":[{"href":"https:\/\/szslucnalc.sk\/index.php?rest_route=\/wp\/v2\/posts\/7452","targetHints":{"allow":["GET"]}}],"collection":[{"href":"https:\/\/szslucnalc.sk\/index.php?rest_route=\/wp\/v2\/posts"}],"about":[{"href":"https:\/\/szslucnalc.sk\/index.php?rest_route=\/wp\/v2\/types\/post"}],"author":[{"embeddable":true,"href":"https:\/\/szslucnalc.sk\/index.php?rest_route=\/wp\/v2\/users\/2"}],"replies":[{"embeddable":true,"href":"https:\/\/szslucnalc.sk\/index.php?rest_route=%2Fwp%2Fv2%2Fcomments&post=7452"}],"version-history":[{"count":1,"href":"https:\/\/szslucnalc.sk\/index.php?rest_route=\/wp\/v2\/posts\/7452\/revisions"}],"predecessor-version":[{"id":7454,"href":"https:\/\/szslucnalc.sk\/index.php?rest_route=\/wp\/v2\/posts\/7452\/revisions\/7454"}],"wp:featuredmedia":[{"embeddable":true,"href":"https:\/\/szslucnalc.sk\/index.php?rest_route=\/wp\/v2\/media\/7453"}],"wp:attachment":[{"href":"https:\/\/szslucnalc.sk\/index.php?rest_route=%2Fwp%2Fv2%2Fmedia&parent=7452"}],"wp:term":[{"taxonomy":"category","embeddable":true,"href":"https:\/\/szslucnalc.sk\/index.php?rest_route=%2Fwp%2Fv2%2Fcategories&post=7452"},{"taxonomy":"post_tag","embeddable":true,"href":"https:\/\/szslucnalc.sk\/index.php?rest_route=%2Fwp%2Fv2%2Ftags&post=7452"}],"curies":[{"name":"wp","href":"https:\/\/api.w.org\/{rel}","templated":true}]}}